{"id":1054,"date":"2022-09-06T14:08:16","date_gmt":"2022-09-06T12:08:16","guid":{"rendered":"https:\/\/www.dasschoenstekind.de\/news\/?p=1054"},"modified":"2022-09-06T14:08:16","modified_gmt":"2022-09-06T12:08:16","slug":"fallen-saints","status":"publish","type":"post","link":"https:\/\/www.dasschoenstekind.de\/news\/fallen-saints\/","title":{"rendered":"Fallen Saints \u00bb Death Metal Band aus Deutschland"},"content":{"rendered":"<p>Die &#8222;<strong>Fallen Saints<\/strong>&#8220; sind eine Death Metal Band aus Deutschland, die im Jahre 1999 dem Frontmann Oliver Meyer nach, auf <a href=\"https:\/\/www.wacken.com\/de\/\" target=\"_blank\" rel=\"nofollow noreferrer noopener\">dem Wacken Festival<\/a> &#8222;zusammengew\u00fcrfelt&#8220; wurde. Alle Gr\u00fcndungsmitglieder gingen zu dem Zeitpunkt eigenen musikalischen Projekten nach.<\/p>\n<p>Neben dem Frontmann Oliver Meyer sind Quido Reich und Torsten Kammert\u00f6ns (beide Gitarre), Markus Kern (Bass) und Guido Lars L\u00fcttmann (Schlagzeug), Mitglieder der Band.<\/p>\n<h2>Die Jungs<\/h2>\n<p>Oliver Meyer wird von den meisten &#8222;Olli&#8220; oder &#8222;Magic Ed&#8220; genannt und stellt den Frontmann dar. In einem Interview bezeichnet er sich als absoluten Iron Maiden Fan.<br \/>\nQuido Reich spielt schon seit er denken kann Gitarre und untermalt die sch\u00f6ne und &#8222;zarte&#8220; Stimme seines Frontmannes mit melodischen Kl\u00e4ngen.<\/p>\n<p>Torsten Kammert\u00f6ns, auch &#8222;Kami&#8220; genannt, wird in Interviews der Band als der kreative Kopf bezeichnet. Laut seinem Frontmann Oliver Meyer, k\u00e4me er regelm\u00e4\u00dfig mit neuen Ideen und Ans\u00e4tzen ins Studio, die sie anschlie\u00dfend zusammen zu einem neuen St\u00fcck &#8222;verwursten&#8220; w\u00fcrden.<\/p>\n<p>Markus Kern und Lars L\u00fcttmann stehen beide ein Leben lang auf die eher altmodische und harte Schiene <a href=\"https:\/\/www.dasschoenstekind.de\/\">der Metal Musik<\/a> und lassen ihre pers\u00f6nliche Note in die Songs einflie\u00dfen.<\/p>\n<h2>Die Anf\u00e4nge von Fallen Saints<\/h2>\n<p>Wie bereits eingangs erw\u00e4hnt, waren die Mitglieder der <a href=\"https:\/\/www.dasschoenstekind.de\/news\/goregast\/\">Death Metal Band<\/a> bereits vorher in eigenen Bands und Projekten eingespannt. Auf dem Wacken Festival von 1999 kam es dann zu dem Entschluss, diese Projekte einzustampfen und die Fallen Saints zu gr\u00fcnden. Nach der Gr\u00fcndung auf dem Festival verging noch ein halbes Jahr, bis die ersten Proben und gemeinsamen Sessions begannen.<\/p>\n<p>Relativ schnell konnte die Band die ersten kleineren Gigs an Land ziehen und bei dem ein oder anderen Event auftreten. Von Anfang an fiel die Resonanz sehr positiv aus.<\/p>\n<p>Sie arbeiteten mit keinem Label zusammen und schafften es dennoch als Vorgruppe namenhafter Bands aufzutreten. 7 Monate nach der Gr\u00fcndung spielten sie zwei Konzerte mit der Band Amon Amarth und erlangten dadurch mehr Reichweite. Diese Reichweite nutzten sie unter anderem f\u00fcr die Ver\u00f6ffentlichung ihrer ersten CD. &#8222;The Source of Decease&#8220; erschien im Jahre 2003 und erfreute sich gro\u00dfer Beliebtheit.<\/p>\n<p><iframe loading=\"lazy\" width=\"100%\" height=\"400\" src=\"https:\/\/www.youtube-nocookie.com\/embed\/0BC6ChKTiK0\" frameborder=\"0\" allow=\"accelerometer; autoplay; clipboard-write; encrypted-media; gyroscope; picture-in-picture\" allowfullscreen><\/iframe><\/p>\n<p>In der darauffolgenden Zeit spielten sie mit vielen internationalen Bands, wie Lock Up, Krisiun, Defleshed, Grave &#8211; The Forsaken &#8211; Disinter Tour (2 mal), Hatesphere (4 mal), Hypnos (5 Mal), Amon Amarth (2 mal), Malevolent Creation (letzte Woche), Desaster (2 mal). Besonders hervorzuheben sind hier die Auftritte mit der Schwedischen Band Amon Amarth, bei denen eine ausgelassene Stimmung und ein tolles Publikum, den Fallen Saints ein tolles Erlebnis bereiteten.<\/p>\n<p>Nat\u00fcrlich mussten auch die Fallen Saints die Erfahrung machen, dass nicht alle Gold ist, was gl\u00e4nzt. So hatten sie auch einige Gigs, bei denen das Publikum nicht so richtig wollte, oder die Stimmung nicht besonders gut war. Doch die Jungs rund um Oliver Meyer lie\u00dfen sich dadurch nicht beeindrucken und machten weiter ihr Ding.<\/p>\n<h2>Die ersten Alben<\/h2>\n<p>Das erste Studioalbum wurde wie bereits erw\u00e4hnt im Jahre 2003 ver\u00f6ffentlicht. Das Album wurde ohne eine Zusammenarbeit mit einem Produzenten oder Plattenlabel released und wurde dennoch zu einem Erfolg. Hier sind die Fallen Saints ein eindrucksvolles Beispiel, dass man nicht zwangsl\u00e4ufig unter Vertrag stehen muss, um ein erfolgreiches Album zu ver\u00f6ffentlichen.<\/p>\n<p>Das Album beinhaltet insgesamt 9 Songs. Ein besonderer Track ist &#8222;Wedding Night&#8220;, mit einem Titel, der zun\u00e4chst nicht unbedingt auf extrem harten Death Metal schlie\u00dfen l\u00e4sst.<\/p>\n<p><iframe loading=\"lazy\" width=\"100%\" height=\"400\" src=\"https:\/\/www.youtube-nocookie.com\/embed\/L7Gwt_3E0pI\" frameborder=\"0\" allow=\"accelerometer; autoplay; clipboard-write; encrypted-media; gyroscope; picture-in-picture\" allowfullscreen><\/iframe><\/p>\n<p>Das zweite Studioalbum erschien im Jahre 2007 und tr\u00e4gt den Titel &#8222;Brilliant Remains&#8220;. Dieses Album umfasst insgesamt 11 Tracks, wobei es sich bei einem um eine Instrumentalversion handelt.<\/p>\n<p>Das dritte und bisher letzte Album wurde im Jahre 2014 ver\u00f6ffentlicht. Es tr\u00e4gt den Namen &#8222;Evolution has failed&#8220; und umfasst 11 Songs. Seit 2014 wurden keine neuen Alben ver\u00f6ffentlicht.<\/p>\n<h2>Rund um die Band &#8222;Fallen Saints&#8220;<\/h2>\n<p>Bei den Mitgliedern der &#8222;<strong>Fallen Saints<\/strong>&#8220; handelt es sich um sehr umg\u00e4ngliche und offene Zeitgenossen, die gerne in Interviews \u00fcber ihre fr\u00fchen Anf\u00e4nge und ihre weiteren Pl\u00e4ne sprechen. In den besagten Interviews betonen sie immer wieder, wie viel Spa\u00df es ihnen macht auf der B\u00fchne zu stehen und welche Freude ihnen das Musizieren bereitet. Da seit der letzten Ver\u00f6ffentlichung bereits ein etwas l\u00e4ngerer Zeitraum verstrichen ist, darf man gespannt sein, ob und wann es etwas Neues von den Fallen Saints zu h\u00f6ren gibt.<\/p>\n<p><img decoding=\"async\" src=\"https:\/\/www.dasschoenstekind.de\/news\/images\/Fallen-Saints-Buch.jpg\" alt=\"Fallen-Saints-Buch\" width=\"200\"  class=\"alignright size-full wp-image-1057\" srcset=\"https:\/\/www.dasschoenstekind.de\/news\/images\/Fallen-Saints-Buch.jpg 1280w, https:\/\/www.dasschoenstekind.de\/news\/images\/Fallen-Saints-Buch-300x246.jpg 300w, https:\/\/www.dasschoenstekind.de\/news\/images\/Fallen-Saints-Buch-1024x840.jpg 1024w, https:\/\/www.dasschoenstekind.de\/news\/images\/Fallen-Saints-Buch-768x630.jpg 768w\" sizes=\"(max-width: 1280px) 100vw, 1280px\" \/> Die Alben der Fallen Saints sind bei allen bekannten Streamingdiensten zu h\u00f6ren. Insbesondere auf Spotify lassen sich die harten Kl\u00e4nge genie\u00dfen. F\u00fcr weitere Informationen und Daten zu den n\u00e4chsten Auftritten und gegebenenfalls zu Ver\u00f6ffentlichungen lassen sich zudem auf der eigenen Facebookseite finden. Die Seite wird aktuell gehalten. Hier findet sich zum Beispiel ein kleiner Hinweis auf eine m\u00f6glicherweise bevorstehende Ver\u00f6ffentlichung oder \u00c4hnliches.<\/p>\n<p>Auch zu aktuellen Gegebenheiten und neuen Gigs wird auf der Facebook Seite aktuell informiert. Zuletzt aus eher ern\u00fcchternden Anl\u00e4ssen, wie der Absage von Gigs aufgrund der Corona-Pandemie. Die Fallen Saints sind zu lange im Gesch\u00e4ft, um sich von einer Pandemie kleinkriegen zu lassen und so kann man sich sicher sein, dass auch in den n\u00e4chsten Jahren wieder harte und laute Kl\u00e4nge auf Seiten der Jungs zu h\u00f6ren sein werden<\/p>\n","protected":false},"excerpt":{"rendered":"<p>Die &#8222;Fallen Saints&#8220; sind eine Death Metal Band aus Deutschland, die im Jahre 1999 dem Frontmann Oliver Meyer nach, auf dem Wacken Festival &#8222;zusammengew\u00fcrfelt&#8220; wurde. Alle Gr\u00fcndungsmitglieder gingen zu dem Zeitpunkt eigenen musikalischen Projekten nach. Neben dem Frontmann Oliver Meyer sind Quido Reich und Torsten Kammert\u00f6ns (beide Gitarre), Markus Kern (Bass) und Guido Lars L\u00fcttmann [&hellip;]<\/p>\n","protected":false},"author":1,"featured_media":1056,"comment_status":"closed","ping_status":"closed","sticky":false,"template":"","format":"standard","meta":{"_acf_changed":false,"footnotes":""},"categories":[1],"tags":[],"class_list":["post-1054","post","type-post","status-publish","format-standard","has-post-thumbnail","hentry","category-allgemein"],"acf":[],"yoast_head":"<!-- This site is optimized with the Yoast SEO Premium plugin v25.9 (Yoast SEO v27.2) - https:\/\/yoast.com\/product\/yoast-seo-premium-wordpress\/ -->\n<title>Fallen Saints \u00bb Death Metal Band aus Deutschland<\/title>\n<meta name=\"description\" content=\"Die &quot;Fallen Saints&quot; sind eine Death Metal Band aus Deutschland, die im Jahre 1999 dem Frontmann Oliver Meyer nach, auf dem Wacken Festival\" \/>\n<meta name=\"robots\" content=\"index, follow, max-snippet:-1, max-image-preview:large, max-video-preview:-1\" \/>\n<link rel=\"canonical\" href=\"https:\/\/www.dasschoenstekind.de\/news\/fallen-saints\/\" \/>\n<meta property=\"og:locale\" content=\"de_DE\" \/>\n<meta property=\"og:type\" content=\"article\" \/>\n<meta property=\"og:title\" content=\"Fallen Saints \u00bb Death Metal Band aus Deutschland\" \/>\n<meta property=\"og:description\" content=\"Die &quot;Fallen Saints&quot; sind eine Death Metal Band aus Deutschland, die im Jahre 1999 dem Frontmann Oliver Meyer nach, auf dem Wacken Festival\" \/>\n<meta property=\"og:url\" content=\"https:\/\/www.dasschoenstekind.de\/news\/fallen-saints\/\" \/>\n<meta property=\"og:site_name\" content=\"Rammstein News\" \/>\n<meta property=\"article:published_time\" content=\"2022-09-06T12:08:16+00:00\" \/>\n<meta property=\"og:image\" content=\"https:\/\/www.dasschoenstekind.de\/news\/images\/gittare-rock-band.jpg\" \/>\n\t<meta property=\"og:image:width\" content=\"1280\" \/>\n\t<meta property=\"og:image:height\" content=\"846\" \/>\n\t<meta property=\"og:image:type\" content=\"image\/jpeg\" \/>\n<meta name=\"author\" content=\"admin\" \/>\n<meta name=\"twitter:card\" content=\"summary_large_image\" \/>\n<meta name=\"twitter:label1\" content=\"Verfasst von\" \/>\n\t<meta name=\"twitter:data1\" content=\"admin\" \/>\n\t<meta name=\"twitter:label2\" content=\"Gesch\u00e4tzte Lesezeit\" \/>\n\t<meta name=\"twitter:data2\" content=\"4\u00a0Minuten\" \/>\n<script type=\"application\/ld+json\" class=\"yoast-schema-graph\">{\"@context\":\"https:\/\/schema.org\",\"@graph\":[{\"@type\":\"Article\",\"@id\":\"https:\/\/www.dasschoenstekind.de\/news\/fallen-saints\/#article\",\"isPartOf\":{\"@id\":\"https:\/\/www.dasschoenstekind.de\/news\/fallen-saints\/\"},\"author\":{\"name\":\"admin\",\"@id\":\"https:\/\/www.dasschoenstekind.de\/news\/#\/schema\/person\/dd1ad54d9a7552706cf9694969b65793\"},\"headline\":\"Fallen Saints \u00bb Death Metal Band aus Deutschland\",\"datePublished\":\"2022-09-06T12:08:16+00:00\",\"mainEntityOfPage\":{\"@id\":\"https:\/\/www.dasschoenstekind.de\/news\/fallen-saints\/\"},\"wordCount\":861,\"image\":{\"@id\":\"https:\/\/www.dasschoenstekind.de\/news\/fallen-saints\/#primaryimage\"},\"thumbnailUrl\":\"https:\/\/www.dasschoenstekind.de\/news\/images\/gittare-rock-band.jpg\",\"inLanguage\":\"de\"},{\"@type\":\"WebPage\",\"@id\":\"https:\/\/www.dasschoenstekind.de\/news\/fallen-saints\/\",\"url\":\"https:\/\/www.dasschoenstekind.de\/news\/fallen-saints\/\",\"name\":\"Fallen Saints \u00bb Death Metal Band aus Deutschland\",\"isPartOf\":{\"@id\":\"https:\/\/www.dasschoenstekind.de\/news\/#website\"},\"primaryImageOfPage\":{\"@id\":\"https:\/\/www.dasschoenstekind.de\/news\/fallen-saints\/#primaryimage\"},\"image\":{\"@id\":\"https:\/\/www.dasschoenstekind.de\/news\/fallen-saints\/#primaryimage\"},\"thumbnailUrl\":\"https:\/\/www.dasschoenstekind.de\/news\/images\/gittare-rock-band.jpg\",\"datePublished\":\"2022-09-06T12:08:16+00:00\",\"author\":{\"@id\":\"https:\/\/www.dasschoenstekind.de\/news\/#\/schema\/person\/dd1ad54d9a7552706cf9694969b65793\"},\"description\":\"Die \\\"Fallen Saints\\\" sind eine Death Metal Band aus Deutschland, die im Jahre 1999 dem Frontmann Oliver Meyer nach, auf dem Wacken Festival\",\"breadcrumb\":{\"@id\":\"https:\/\/www.dasschoenstekind.de\/news\/fallen-saints\/#breadcrumb\"},\"inLanguage\":\"de\",\"potentialAction\":[{\"@type\":\"ReadAction\",\"target\":[\"https:\/\/www.dasschoenstekind.de\/news\/fallen-saints\/\"]}]},{\"@type\":\"ImageObject\",\"inLanguage\":\"de\",\"@id\":\"https:\/\/www.dasschoenstekind.de\/news\/fallen-saints\/#primaryimage\",\"url\":\"https:\/\/www.dasschoenstekind.de\/news\/images\/gittare-rock-band.jpg\",\"contentUrl\":\"https:\/\/www.dasschoenstekind.de\/news\/images\/gittare-rock-band.jpg\",\"width\":1280,\"height\":846,\"caption\":\"gittare-rock-band\"},{\"@type\":\"BreadcrumbList\",\"@id\":\"https:\/\/www.dasschoenstekind.de\/news\/fallen-saints\/#breadcrumb\",\"itemListElement\":[{\"@type\":\"ListItem\",\"position\":1,\"name\":\"Startseite\",\"item\":\"https:\/\/www.dasschoenstekind.de\/news\/\"},{\"@type\":\"ListItem\",\"position\":2,\"name\":\"Fallen Saints \u00bb Death Metal Band aus Deutschland\"}]},{\"@type\":\"WebSite\",\"@id\":\"https:\/\/www.dasschoenstekind.de\/news\/#website\",\"url\":\"https:\/\/www.dasschoenstekind.de\/news\/\",\"name\":\"Rammstein News\",\"description\":\"Eine weitere WordPress-Website\",\"potentialAction\":[{\"@type\":\"SearchAction\",\"target\":{\"@type\":\"EntryPoint\",\"urlTemplate\":\"https:\/\/www.dasschoenstekind.de\/news\/?s={search_term_string}\"},\"query-input\":{\"@type\":\"PropertyValueSpecification\",\"valueRequired\":true,\"valueName\":\"search_term_string\"}}],\"inLanguage\":\"de\"},{\"@type\":\"Person\",\"@id\":\"https:\/\/www.dasschoenstekind.de\/news\/#\/schema\/person\/dd1ad54d9a7552706cf9694969b65793\",\"name\":\"admin\",\"image\":{\"@type\":\"ImageObject\",\"inLanguage\":\"de\",\"@id\":\"https:\/\/secure.gravatar.com\/avatar\/c86a06baa38045c6b53e2c395991625853e062e9ce6e363321311c42ffe8e2f8?s=96&d=mm&r=g\",\"url\":\"https:\/\/secure.gravatar.com\/avatar\/c86a06baa38045c6b53e2c395991625853e062e9ce6e363321311c42ffe8e2f8?s=96&d=mm&r=g\",\"contentUrl\":\"https:\/\/secure.gravatar.com\/avatar\/c86a06baa38045c6b53e2c395991625853e062e9ce6e363321311c42ffe8e2f8?s=96&d=mm&r=g\",\"caption\":\"admin\"},\"url\":\"https:\/\/www.dasschoenstekind.de\/news\/author\/admin\/\"}]}<\/script>\n<!-- \/ Yoast SEO Premium plugin. -->","yoast_head_json":{"title":"Fallen Saints \u00bb Death Metal Band aus Deutschland","description":"Die \"Fallen Saints\" sind eine Death Metal Band aus Deutschland, die im Jahre 1999 dem Frontmann Oliver Meyer nach, auf dem Wacken Festival","robots":{"index":"index","follow":"follow","max-snippet":"max-snippet:-1","max-image-preview":"max-image-preview:large","max-video-preview":"max-video-preview:-1"},"canonical":"https:\/\/www.dasschoenstekind.de\/news\/fallen-saints\/","og_locale":"de_DE","og_type":"article","og_title":"Fallen Saints \u00bb Death Metal Band aus Deutschland","og_description":"Die \"Fallen Saints\" sind eine Death Metal Band aus Deutschland, die im Jahre 1999 dem Frontmann Oliver Meyer nach, auf dem Wacken Festival","og_url":"https:\/\/www.dasschoenstekind.de\/news\/fallen-saints\/","og_site_name":"Rammstein News","article_published_time":"2022-09-06T12:08:16+00:00","og_image":[{"width":1280,"height":846,"url":"https:\/\/www.dasschoenstekind.de\/news\/images\/gittare-rock-band.jpg","type":"image\/jpeg"}],"author":"admin","twitter_card":"summary_large_image","twitter_misc":{"Verfasst von":"admin","Gesch\u00e4tzte Lesezeit":"4\u00a0Minuten"},"schema":{"@context":"https:\/\/schema.org","@graph":[{"@type":"Article","@id":"https:\/\/www.dasschoenstekind.de\/news\/fallen-saints\/#article","isPartOf":{"@id":"https:\/\/www.dasschoenstekind.de\/news\/fallen-saints\/"},"author":{"name":"admin","@id":"https:\/\/www.dasschoenstekind.de\/news\/#\/schema\/person\/dd1ad54d9a7552706cf9694969b65793"},"headline":"Fallen Saints \u00bb Death Metal Band aus Deutschland","datePublished":"2022-09-06T12:08:16+00:00","mainEntityOfPage":{"@id":"https:\/\/www.dasschoenstekind.de\/news\/fallen-saints\/"},"wordCount":861,"image":{"@id":"https:\/\/www.dasschoenstekind.de\/news\/fallen-saints\/#primaryimage"},"thumbnailUrl":"https:\/\/www.dasschoenstekind.de\/news\/images\/gittare-rock-band.jpg","inLanguage":"de"},{"@type":"WebPage","@id":"https:\/\/www.dasschoenstekind.de\/news\/fallen-saints\/","url":"https:\/\/www.dasschoenstekind.de\/news\/fallen-saints\/","name":"Fallen Saints \u00bb Death Metal Band aus Deutschland","isPartOf":{"@id":"https:\/\/www.dasschoenstekind.de\/news\/#website"},"primaryImageOfPage":{"@id":"https:\/\/www.dasschoenstekind.de\/news\/fallen-saints\/#primaryimage"},"image":{"@id":"https:\/\/www.dasschoenstekind.de\/news\/fallen-saints\/#primaryimage"},"thumbnailUrl":"https:\/\/www.dasschoenstekind.de\/news\/images\/gittare-rock-band.jpg","datePublished":"2022-09-06T12:08:16+00:00","author":{"@id":"https:\/\/www.dasschoenstekind.de\/news\/#\/schema\/person\/dd1ad54d9a7552706cf9694969b65793"},"description":"Die \"Fallen Saints\" sind eine Death Metal Band aus Deutschland, die im Jahre 1999 dem Frontmann Oliver Meyer nach, auf dem Wacken Festival","breadcrumb":{"@id":"https:\/\/www.dasschoenstekind.de\/news\/fallen-saints\/#breadcrumb"},"inLanguage":"de","potentialAction":[{"@type":"ReadAction","target":["https:\/\/www.dasschoenstekind.de\/news\/fallen-saints\/"]}]},{"@type":"ImageObject","inLanguage":"de","@id":"https:\/\/www.dasschoenstekind.de\/news\/fallen-saints\/#primaryimage","url":"https:\/\/www.dasschoenstekind.de\/news\/images\/gittare-rock-band.jpg","contentUrl":"https:\/\/www.dasschoenstekind.de\/news\/images\/gittare-rock-band.jpg","width":1280,"height":846,"caption":"gittare-rock-band"},{"@type":"BreadcrumbList","@id":"https:\/\/www.dasschoenstekind.de\/news\/fallen-saints\/#breadcrumb","itemListElement":[{"@type":"ListItem","position":1,"name":"Startseite","item":"https:\/\/www.dasschoenstekind.de\/news\/"},{"@type":"ListItem","position":2,"name":"Fallen Saints \u00bb Death Metal Band aus Deutschland"}]},{"@type":"WebSite","@id":"https:\/\/www.dasschoenstekind.de\/news\/#website","url":"https:\/\/www.dasschoenstekind.de\/news\/","name":"Rammstein News","description":"Eine weitere WordPress-Website","potentialAction":[{"@type":"SearchAction","target":{"@type":"EntryPoint","urlTemplate":"https:\/\/www.dasschoenstekind.de\/news\/?s={search_term_string}"},"query-input":{"@type":"PropertyValueSpecification","valueRequired":true,"valueName":"search_term_string"}}],"inLanguage":"de"},{"@type":"Person","@id":"https:\/\/www.dasschoenstekind.de\/news\/#\/schema\/person\/dd1ad54d9a7552706cf9694969b65793","name":"admin","image":{"@type":"ImageObject","inLanguage":"de","@id":"https:\/\/secure.gravatar.com\/avatar\/c86a06baa38045c6b53e2c395991625853e062e9ce6e363321311c42ffe8e2f8?s=96&d=mm&r=g","url":"https:\/\/secure.gravatar.com\/avatar\/c86a06baa38045c6b53e2c395991625853e062e9ce6e363321311c42ffe8e2f8?s=96&d=mm&r=g","contentUrl":"https:\/\/secure.gravatar.com\/avatar\/c86a06baa38045c6b53e2c395991625853e062e9ce6e363321311c42ffe8e2f8?s=96&d=mm&r=g","caption":"admin"},"url":"https:\/\/www.dasschoenstekind.de\/news\/author\/admin\/"}]}},"_links":{"self":[{"href":"https:\/\/www.dasschoenstekind.de\/news\/wp-json\/wp\/v2\/posts\/1054","targetHints":{"allow":["GET"]}}],"collection":[{"href":"https:\/\/www.dasschoenstekind.de\/news\/wp-json\/wp\/v2\/posts"}],"about":[{"href":"https:\/\/www.dasschoenstekind.de\/news\/wp-json\/wp\/v2\/types\/post"}],"author":[{"embeddable":true,"href":"https:\/\/www.dasschoenstekind.de\/news\/wp-json\/wp\/v2\/users\/1"}],"replies":[{"embeddable":true,"href":"https:\/\/www.dasschoenstekind.de\/news\/wp-json\/wp\/v2\/comments?post=1054"}],"version-history":[{"count":9,"href":"https:\/\/www.dasschoenstekind.de\/news\/wp-json\/wp\/v2\/posts\/1054\/revisions"}],"predecessor-version":[{"id":1079,"href":"https:\/\/www.dasschoenstekind.de\/news\/wp-json\/wp\/v2\/posts\/1054\/revisions\/1079"}],"wp:featuredmedia":[{"embeddable":true,"href":"https:\/\/www.dasschoenstekind.de\/news\/wp-json\/wp\/v2\/media\/1056"}],"wp:attachment":[{"href":"https:\/\/www.dasschoenstekind.de\/news\/wp-json\/wp\/v2\/media?parent=1054"}],"wp:term":[{"taxonomy":"category","embeddable":true,"href":"https:\/\/www.dasschoenstekind.de\/news\/wp-json\/wp\/v2\/categories?post=1054"},{"taxonomy":"post_tag","embeddable":true,"href":"https:\/\/www.dasschoenstekind.de\/news\/wp-json\/wp\/v2\/tags?post=1054"}],"curies":[{"name":"wp","href":"https:\/\/api.w.org\/{rel}","templated":true}]}}