{"id":1451,"date":"2023-09-21T13:11:31","date_gmt":"2023-09-21T11:11:31","guid":{"rendered":"https:\/\/www.dasschoenstekind.de\/news\/?p=1451"},"modified":"2023-09-21T13:11:31","modified_gmt":"2023-09-21T11:11:31","slug":"brothers-keepers","status":"publish","type":"post","link":"https:\/\/www.dasschoenstekind.de\/news\/brothers-keepers\/","title":{"rendered":"Brothers Keepers \u00bb Musikalische Botschafter gegen Rassismus"},"content":{"rendered":"<p>Die Brothers Keepers, ein Zusammenschluss haupts\u00e4chlich afrodeutscher K\u00fcnstler aus den Bereichen Soul, Hip-Hop und Reggae, bildeten nicht nur eine musikalische Gruppe, sondern auch eine Initiative gegen Rassismus und Fremdenhass. Gegr\u00fcndet wurde die &#8222;Band&#8220; im Jahr 2000 von <a href=\"https:\/\/www.deutschlandfunk.de\/kuenstler-und-aktivist-ade-bantu-afropolitische-vibes-100.html\" rel=\"nofollow noopener noreferrer\" target=\"_blank\" title=\"Ad\u00e9 Bantu\">Ad\u00e9 Bantu<\/a>, Torch und D-Flame. Die Brothers Keepers Bewegung war eine Reaktion auf den Anstieg des Rechtsextremismus in Deutschland seit den sp\u00e4ten 1990er Jahren.<\/p>\n<h2>Ein Ausdruck von Wut und Solidarit\u00e4t<\/h2>\n<p>Der brutale <a href=\"https:\/\/www.rechte-gewalt-sachsen-anhalt.de\/todesopfer\/alberto-adriano\/\" rel=\"nofollow noopener noreferrer\" target=\"_blank\" title=\"Mord an dem Deutsch-Mosambikaner Alberto Adriano\">Mord an dem Deutsch-Mosambikaner Alberto Adriano<\/a>, der im Stadtpark von Dessau von Neonazis erschlagen wurde, war ein Schock f\u00fcr viele. Dieses tragische Ereignis brachte die f\u00fchrenden afrodeutschen Rapper des Landes zusammen, um ihrer Wut und ihrem Schmerz in Form des Songs &#8222;Adriano&#8220; Ausdruck zu verleihen.<\/p>\n<p><iframe loading=\"lazy\" src=\"https:\/\/www.youtube-nocookie.com\/embed\/8AQkTBqufpQ\" width=\"100%\" height=\"400\" frameborder=\"0\" allowfullscreen=\"allowfullscreen\"><\/iframe><\/p>\n<p>Dieser Song und das darauf folgende Album &#8222;Lightkultur&#8220; machten die Brothers Keepers zu wichtigen Bannertr\u00e4gern der Antirassismus-Bewegung in Deutschland.<\/p>\n<h2>Aktivismus jenseits der Musik<\/h2>\n<p>Neben ihrer Musik waren die Brothers Keepers auch aktiv in ihrem Kampf gegen Rechtsextremismus. Sie organisierten Konzerte, deren Erl\u00f6se den Opfern rechtsextremer Gewalt und ihren Familien zugutekamen. Dar\u00fcber hinaus unterst\u00fctzten sie Initiativen gegen Rechtsextremismus in Deutschland. Ihre Bem\u00fchungen gingen \u00fcber die Musik hinaus. Wie zum Beispiel der Demonstrationszug gegen Neonazis durch das <a href=\"https:\/\/www.berlin.de\/sehenswuerdigkeiten\/3560423-3558930-scheunenviertel.html\" rel=\"nofollow noopener noreferrer\" target=\"_blank\" title=\"Berliner Scheunenviertel\">Berliner Scheunenviertel<\/a> im Jahr 2005, den sie zusammen mit der Amadeu Antonio Stiftung organisierten.<\/p>\n<h2>Vielfalt und Einheit bei Brothers Keepers<\/h2>\n<p>Die Musik der Brothers Keepers, nicht zu verwechseln mit <a href=\"https:\/\/www.dasschoenstekind.de\/news\/brothers-of-santa-claus\/\">Brothers of Santa Claus<\/a>, zeichnete sich durch ihre Vielfalt und Einheit aus. Ihr Album &#8222;Am I My Brother&#8217;s Keeper?&#8220; bot eine breite Palette von Stilen, von Dancehall-Tracks bis hin zu <a href=\"https:\/\/www.dasschoenstekind.de\/news\/the-bandgeek-mafia\/\" title=\"Punkrock\">Punkrock<\/a>, und strahlte eine durchweg positive Atmosph\u00e4re aus. Es war ein Zeugnis ihrer Botschaft der Solidarit\u00e4t und des Zusammenhalts.<\/p>\n<h2>Brothers Keepers &#8211; ein Verm\u00e4chtnis der Hoffnung<\/h2>\n<p>Obwohl die Brothers Keepers als Verein nicht mehr aktiv sind, bleibt ihr Verm\u00e4chtnis in der Musik- und Aktivismus-Szene Deutschlands bestehen. Sie haben gezeigt, dass Musik mehr sein kann als nur Unterhaltung \u2013 sie kann ein m\u00e4chtiges Werkzeug f\u00fcr Ver\u00e4nderung und sozialen Wandel sein.<\/p>\n<p><iframe loading=\"lazy\" src=\"https:\/\/www.youtube-nocookie.com\/embed\/ISBV0m_ymB0\" width=\"100%\" height=\"400\" frameborder=\"0\" allowfullscreen=\"allowfullscreen\"><span style=\"display: inline-block; width: 0px; overflow: hidden; line-height: 0;\" data-mce-type=\"bookmark\" class=\"mce_SELRES_start\">\ufeff<\/span><\/iframe><\/p>\n<p>Insgesamt haben die Brothers Keepers mit ihrer Musik und ihrem Engagement einen bleibenden Eindruck hinterlassen. Sie erinnern uns daran, dass wir alle Verantwortung tragen, gegen Ungerechtigkeit und Hass einzutreten und f\u00fcr eine bessere, inklusivere Gesellschaft zu k\u00e4mpfen.<\/p>\n<h2>Einflussreiche Mitglieder und Zusammenarbeit<\/h2>\n<p><img decoding=\"async\" src=\"https:\/\/www.dasschoenstekind.de\/news\/images\/einflussreiche-mitglieder-zusammenarbeit.jpg\" alt=\"Einflussreiche Mitglieder und Zusammenarbeit\" width=\"300\" class=\"alignright size-full wp-image-1458\" \/>Die Brothers Keepers waren nicht nur f\u00fcr ihre Musik bekannt, sondern auch f\u00fcr die beeindruckende Liste ihrer Mitglieder. Zu ihnen geh\u00f6rten namhafte K\u00fcnstler wie Xavier Naidoo, <a href=\"https:\/\/www.samy-deluxe.de\/\" rel=\"nofollow noopener noreferrer\" target=\"_blank\" title=\"Samy Deluxe\">Samy Deluxe<\/a>, Afrob, D-Flame und viele andere. Diese Vielfalt an Talenten erm\u00f6glichte es der Gruppe, eine breite Palette von musikalischen Stilen und Perspektiven in ihre Arbeit einzubringen. Jeder K\u00fcnstler brachte seine eigene Erfahrung und seinen eigenen Hintergrund mit, was zu einer reichen Mischung aus Sounds und Botschaften f\u00fchrte.<\/p>\n<h2>Bildung und Aufkl\u00e4rung durch die Brothers Keepers<\/h2>\n<p>Ein weiterer wichtiger Aspekt des Engagements der Brothers Keepers war die Bildungsarbeit. Sie unternahmen Konzerttouren durch ostdeutsche Schulen, um Jugendliche \u00fcber die Gefahren des Rechtsextremismus aufzukl\u00e4ren. Diese Touren waren nicht nur musikalische Veranstaltungen, sondern auch Gelegenheiten f\u00fcr Dialog und Diskussion. Die K\u00fcnstler waren oft schockiert \u00fcber die Gleichg\u00fcltigkeit einiger Jugendlicher gegen\u00fcber rechtsextremen Ideologien und sahen es als ihre Pflicht an, Aufkl\u00e4rungsarbeit zu leisten.<\/p>\n<h2>Erfolge und Anerkennungen der Brothers Keepers<\/h2>\n<p>Die Brothers Keepers erhielten nicht nur von ihren Fans, sondern auch von der breiteren \u00d6ffentlichkeit Anerkennung. Ihr Song &#8222;Adriano&#8220; ist sogar mit der 1 Live Krone f\u00fcr die &#8222;Beste Single&#8220; ausgezeichnet worden. Ihre Alben und Singles erzielten beachtliche Chartplatzierungen, was ihre Botschaft einem noch breiteren Publikum zug\u00e4nglich machte.<\/p>\n<h2>Dokumentation und Reflexion<\/h2>\n<p>2007 ist der Dokumentarfilm &#8222;Yes, I Am!&#8220; gestartet, der die K\u00fcnstler Ad\u00e9 Bantu, D-FLAME und Mamadee portr\u00e4tierte. Dieser Film bot einen tiefen Einblick in die Motivationen und Herausforderungen der K\u00fcnstler, die sich gegen Rassismus und f\u00fcr eine inklusive Gesellschaft einsetzten.<\/p>\n<p><iframe loading=\"lazy\" src=\"https:\/\/www.youtube-nocookie.com\/embed\/I_W3z3SjUnA\" width=\"100%\" height=\"400\" frameborder=\"0\" allowfullscreen=\"allowfullscreen\"><\/iframe><\/p>\n<p>Es war eine Reflexion \u00fcber ihre Reise, ihre <a href=\"https:\/\/www.dasschoenstekind.de\/news\/brainstorm-brainzone\/\">Erfolge<\/a> und die Hindernisse, denen sie begegneten. Durch ihre pers\u00f6nlichen Geschichten wurde deutlich, wie Musik als Werkzeug zur Ver\u00e4nderung und Aufkl\u00e4rung dienen kann. Der Film unterstrich zudem die Bedeutung von Solidarit\u00e4t und Gemeinschaft im Kampf gegen Vorurteile und Diskriminierung.<\/p>\n<h2>Die Musik ist ein bleibendes Erbe<\/h2>\n<p>Die Brothers Keepers m\u00f6gen als Verein nicht mehr aktiv sein, aber ihr Einfluss ist nach wie vor sp\u00fcrbar. Sie haben den Weg f\u00fcr nachfolgende Generationen von K\u00fcnstlern geebnet, die sich f\u00fcr soziale Gerechtigkeit und <a href=\"https:\/\/www.amnesty.de\/kampagne-gegen-rassismus-deutschland\" rel=\"nofollow noopener noreferrer\" target=\"_blank\" title=\"gegen Rassismus einsetzen\">gegen Rassismus einsetzen<\/a>. Ihre Musik, ihre Botschaft und ihr Engagement sind ein leuchtendes Beispiel daf\u00fcr, wie Kunst und Aktivismus Hand in Hand gehen k\u00f6nnen, um positive Ver\u00e4nderungen in der Gesellschaft herbeizuf\u00fchren.<\/p>\n<h2>Diskografie der Brothers Keepers<\/h2>\n<p><\/p>\n<h3>Alben<\/h3>\n<ul>\n<li><strong>Lightkultur (2001)<\/strong>: Dieses Album, das am 3. Dezember 2001 ver\u00f6ffentlicht wurde, markierte den Beginn der musikalischen Reise der Brothers Keepers. Es erreichte Platz 59 in den deutschen Charts und blieb dort f\u00fcr f\u00fcnf Wochen.<\/li>\n<li><strong>Am I My Brother\u2019s Keeper? (2005)<\/strong>: Ver\u00f6ffentlicht am 24. April 2005, zeigte dieses Album die Weiterentwicklung der Gruppe. Es erreichte Platz 22 in den deutschen Charts, Platz 75 in \u00d6sterreich und Platz 43 in der Schweiz.<\/li>\n<\/ul>\n<h3>Singles<\/h3>\n<ul>\n<li><strong>Adriano (Letzte Warnung) (2001)<\/strong>: Diese Single ist am 2. Juli 2001 ver\u00f6ffentlicht worden, es ist wohl der bekannteste Song der Brothers Keepers. Sie hat den 5. Platz in den deutschen Charts erreicht, in \u00d6sterreich Platz 13 und Platz 19 in der Schweiz. Die Single ist \u00fcber 250.000 Mal \u00fcber den Ladentisch gegangen.<\/li>\n<li><strong>Bereit (2005)<\/strong>: Ver\u00f6ffentlicht am 3. April 2005, erreichte diese Single Platz 39 in Deutschland, Platz 73 in \u00d6sterreich und Platz 35 in der Schweiz.<\/li>\n<li><strong>Will We Ever Know? (2005)<\/strong>: Diese Single, die am 25. Juli 2005 herauskam, erreichte Platz 83 in den deutschen Charts.<\/li>\n<\/ul>\n<h3>Videoalben<\/h3>\n<ul>\n<li><strong>Yes I Am! (2007)<\/strong>: Dieses Videoalbum wurde am 30. November 2007 ver\u00f6ffentlicht und bietet einen tieferen Einblick in die Arbeit und das Engagement der Brothers Keepers.<\/li>\n<\/ul>\n<h3>Musikvideos<\/h3>\n<p>Einige der bemerkenswertesten Musikvideos der Brothers Keepers sind &#8222;Adriano (Letzte Warnung)&#8220; von 2001, das von Dani Levy inszeniert wurde. Sowie &#8222;Bereit&#8220; von 2005, inszeniert von Martin Kilger und Sandeep Mehta, und &#8222;Will We Ever Know?&#8220; von 2005, inszeniert von Winta Yohannes.<\/p>\n<p><iframe loading=\"lazy\" width=\"100%\" height=\"400\" src=\"https:\/\/www.youtube-nocookie.com\/embed\/C3CGMyBGeRk\" frameborder=\"0\" allow=\"accelerometer; autoplay; clipboard-write; encrypted-media; gyroscope; picture-in-picture; web-share\" allowfullscreen><\/iframe><\/p>\n<p>Die Diskografie der Brothers Keepers zeigt nicht nur ihre <a href=\"https:\/\/www.dasschoenstekind.de\/news\/\" title=\"musikalische Vielfalt\">musikalische Vielfalt<\/a>, sondern auch ihr Engagement f\u00fcr soziale Themen und ihre F\u00e4higkeit, durch ihre Musik Botschaften zu vermitteln.<\/p>\n","protected":false},"excerpt":{"rendered":"<p>Die Brothers Keepers, ein Zusammenschluss afrodeutscher K\u00fcnstler, setzten mit ihrer Musik ein Zeichen gegen Rassismus. Gegr\u00fcndet als Reaktion auf den Anstieg rechtsextremer Gewalt, verbanden sie kraftvolle Beats mit politischen Botschaften. Ihr bekanntester Song &#8222;Adriano&#8220; wurde zum Protestlied. Der Dokumentarfilm &#8222;Yes, I Am!&#8220; gibt Einblicke in ihre Motivation und Herausforderungen. Entdecken Sie die Geschichte dieser beeindruckenden Musikbewegung.<\/p>\n","protected":false},"author":1,"featured_media":1457,"comment_status":"closed","ping_status":"closed","sticky":false,"template":"","format":"standard","meta":{"_acf_changed":false,"footnotes":""},"categories":[1],"tags":[],"class_list":["post-1451","post","type-post","status-publish","format-standard","has-post-thumbnail","hentry","category-allgemein"],"acf":[],"yoast_head":"<!-- This site is optimized with the Yoast SEO Premium plugin v25.9 (Yoast SEO v27.2) - https:\/\/yoast.com\/product\/yoast-seo-premium-wordpress\/ -->\n<title>Brothers Keepers \u00bb Musikalische Botschafter gegen Rassismus<\/title>\n<meta name=\"description\" content=\"Brothers Keepers: Afrodeutsche K\u00fcnstler stehen zusammen gegen Rassismus. Ein musikalischer Protest, u.a. bekannt durch den Song &quot;Adriano&quot;.\" \/>\n<meta name=\"robots\" content=\"index, follow, max-snippet:-1, max-image-preview:large, max-video-preview:-1\" \/>\n<link rel=\"canonical\" href=\"https:\/\/www.dasschoenstekind.de\/news\/brothers-keepers\/\" \/>\n<meta property=\"og:locale\" content=\"de_DE\" \/>\n<meta property=\"og:type\" content=\"article\" \/>\n<meta property=\"og:title\" content=\"Brothers Keepers \u00bb Musikalische Botschafter gegen Rassismus\" \/>\n<meta property=\"og:description\" content=\"Brothers Keepers: Afrodeutsche K\u00fcnstler stehen zusammen gegen Rassismus. Ein musikalischer Protest, u.a. bekannt durch den Song &quot;Adriano&quot;.\" \/>\n<meta property=\"og:url\" content=\"https:\/\/www.dasschoenstekind.de\/news\/brothers-keepers\/\" \/>\n<meta property=\"og:site_name\" content=\"Rammstein News\" \/>\n<meta property=\"article:published_time\" content=\"2023-09-21T11:11:31+00:00\" \/>\n<meta property=\"og:image\" content=\"https:\/\/www.dasschoenstekind.de\/news\/images\/brothers-keepers.jpg\" \/>\n\t<meta property=\"og:image:width\" content=\"753\" \/>\n\t<meta property=\"og:image:height\" content=\"434\" \/>\n\t<meta property=\"og:image:type\" content=\"image\/jpeg\" \/>\n<meta name=\"author\" content=\"admin\" \/>\n<meta name=\"twitter:card\" content=\"summary_large_image\" \/>\n<meta name=\"twitter:label1\" content=\"Verfasst von\" \/>\n\t<meta name=\"twitter:data1\" content=\"admin\" \/>\n\t<meta name=\"twitter:label2\" content=\"Gesch\u00e4tzte Lesezeit\" \/>\n\t<meta name=\"twitter:data2\" content=\"6\u00a0Minuten\" \/>\n<script type=\"application\/ld+json\" class=\"yoast-schema-graph\">{\"@context\":\"https:\/\/schema.org\",\"@graph\":[{\"@type\":\"Article\",\"@id\":\"https:\/\/www.dasschoenstekind.de\/news\/brothers-keepers\/#article\",\"isPartOf\":{\"@id\":\"https:\/\/www.dasschoenstekind.de\/news\/brothers-keepers\/\"},\"author\":{\"name\":\"admin\",\"@id\":\"https:\/\/www.dasschoenstekind.de\/news\/#\/schema\/person\/dd1ad54d9a7552706cf9694969b65793\"},\"headline\":\"Brothers Keepers \u00bb Musikalische Botschafter gegen Rassismus\",\"datePublished\":\"2023-09-21T11:11:31+00:00\",\"mainEntityOfPage\":{\"@id\":\"https:\/\/www.dasschoenstekind.de\/news\/brothers-keepers\/\"},\"wordCount\":1018,\"image\":{\"@id\":\"https:\/\/www.dasschoenstekind.de\/news\/brothers-keepers\/#primaryimage\"},\"thumbnailUrl\":\"https:\/\/www.dasschoenstekind.de\/news\/images\/brothers-keepers.jpg\",\"inLanguage\":\"de\"},{\"@type\":\"WebPage\",\"@id\":\"https:\/\/www.dasschoenstekind.de\/news\/brothers-keepers\/\",\"url\":\"https:\/\/www.dasschoenstekind.de\/news\/brothers-keepers\/\",\"name\":\"Brothers Keepers \u00bb Musikalische Botschafter gegen Rassismus\",\"isPartOf\":{\"@id\":\"https:\/\/www.dasschoenstekind.de\/news\/#website\"},\"primaryImageOfPage\":{\"@id\":\"https:\/\/www.dasschoenstekind.de\/news\/brothers-keepers\/#primaryimage\"},\"image\":{\"@id\":\"https:\/\/www.dasschoenstekind.de\/news\/brothers-keepers\/#primaryimage\"},\"thumbnailUrl\":\"https:\/\/www.dasschoenstekind.de\/news\/images\/brothers-keepers.jpg\",\"datePublished\":\"2023-09-21T11:11:31+00:00\",\"author\":{\"@id\":\"https:\/\/www.dasschoenstekind.de\/news\/#\/schema\/person\/dd1ad54d9a7552706cf9694969b65793\"},\"description\":\"Brothers Keepers: Afrodeutsche K\u00fcnstler stehen zusammen gegen Rassismus. Ein musikalischer Protest, u.a. bekannt durch den Song \\\"Adriano\\\".\",\"breadcrumb\":{\"@id\":\"https:\/\/www.dasschoenstekind.de\/news\/brothers-keepers\/#breadcrumb\"},\"inLanguage\":\"de\",\"potentialAction\":[{\"@type\":\"ReadAction\",\"target\":[\"https:\/\/www.dasschoenstekind.de\/news\/brothers-keepers\/\"]}]},{\"@type\":\"ImageObject\",\"inLanguage\":\"de\",\"@id\":\"https:\/\/www.dasschoenstekind.de\/news\/brothers-keepers\/#primaryimage\",\"url\":\"https:\/\/www.dasschoenstekind.de\/news\/images\/brothers-keepers.jpg\",\"contentUrl\":\"https:\/\/www.dasschoenstekind.de\/news\/images\/brothers-keepers.jpg\",\"width\":753,\"height\":434,\"caption\":\"Brothers Keepers \u00bb Musikalische Botschafter gegen Rassismus\"},{\"@type\":\"BreadcrumbList\",\"@id\":\"https:\/\/www.dasschoenstekind.de\/news\/brothers-keepers\/#breadcrumb\",\"itemListElement\":[{\"@type\":\"ListItem\",\"position\":1,\"name\":\"Startseite\",\"item\":\"https:\/\/www.dasschoenstekind.de\/news\/\"},{\"@type\":\"ListItem\",\"position\":2,\"name\":\"Brothers Keepers \u00bb Musikalische Botschafter gegen Rassismus\"}]},{\"@type\":\"WebSite\",\"@id\":\"https:\/\/www.dasschoenstekind.de\/news\/#website\",\"url\":\"https:\/\/www.dasschoenstekind.de\/news\/\",\"name\":\"Rammstein News\",\"description\":\"Eine weitere WordPress-Website\",\"potentialAction\":[{\"@type\":\"SearchAction\",\"target\":{\"@type\":\"EntryPoint\",\"urlTemplate\":\"https:\/\/www.dasschoenstekind.de\/news\/?s={search_term_string}\"},\"query-input\":{\"@type\":\"PropertyValueSpecification\",\"valueRequired\":true,\"valueName\":\"search_term_string\"}}],\"inLanguage\":\"de\"},{\"@type\":\"Person\",\"@id\":\"https:\/\/www.dasschoenstekind.de\/news\/#\/schema\/person\/dd1ad54d9a7552706cf9694969b65793\",\"name\":\"admin\",\"image\":{\"@type\":\"ImageObject\",\"inLanguage\":\"de\",\"@id\":\"https:\/\/secure.gravatar.com\/avatar\/c86a06baa38045c6b53e2c395991625853e062e9ce6e363321311c42ffe8e2f8?s=96&d=mm&r=g\",\"url\":\"https:\/\/secure.gravatar.com\/avatar\/c86a06baa38045c6b53e2c395991625853e062e9ce6e363321311c42ffe8e2f8?s=96&d=mm&r=g\",\"contentUrl\":\"https:\/\/secure.gravatar.com\/avatar\/c86a06baa38045c6b53e2c395991625853e062e9ce6e363321311c42ffe8e2f8?s=96&d=mm&r=g\",\"caption\":\"admin\"},\"url\":\"https:\/\/www.dasschoenstekind.de\/news\/author\/admin\/\"}]}<\/script>\n<!-- \/ Yoast SEO Premium plugin. -->","yoast_head_json":{"title":"Brothers Keepers \u00bb Musikalische Botschafter gegen Rassismus","description":"Brothers Keepers: Afrodeutsche K\u00fcnstler stehen zusammen gegen Rassismus. Ein musikalischer Protest, u.a. bekannt durch den Song \"Adriano\".","robots":{"index":"index","follow":"follow","max-snippet":"max-snippet:-1","max-image-preview":"max-image-preview:large","max-video-preview":"max-video-preview:-1"},"canonical":"https:\/\/www.dasschoenstekind.de\/news\/brothers-keepers\/","og_locale":"de_DE","og_type":"article","og_title":"Brothers Keepers \u00bb Musikalische Botschafter gegen Rassismus","og_description":"Brothers Keepers: Afrodeutsche K\u00fcnstler stehen zusammen gegen Rassismus. Ein musikalischer Protest, u.a. bekannt durch den Song \"Adriano\".","og_url":"https:\/\/www.dasschoenstekind.de\/news\/brothers-keepers\/","og_site_name":"Rammstein News","article_published_time":"2023-09-21T11:11:31+00:00","og_image":[{"width":753,"height":434,"url":"https:\/\/www.dasschoenstekind.de\/news\/images\/brothers-keepers.jpg","type":"image\/jpeg"}],"author":"admin","twitter_card":"summary_large_image","twitter_misc":{"Verfasst von":"admin","Gesch\u00e4tzte Lesezeit":"6\u00a0Minuten"},"schema":{"@context":"https:\/\/schema.org","@graph":[{"@type":"Article","@id":"https:\/\/www.dasschoenstekind.de\/news\/brothers-keepers\/#article","isPartOf":{"@id":"https:\/\/www.dasschoenstekind.de\/news\/brothers-keepers\/"},"author":{"name":"admin","@id":"https:\/\/www.dasschoenstekind.de\/news\/#\/schema\/person\/dd1ad54d9a7552706cf9694969b65793"},"headline":"Brothers Keepers \u00bb Musikalische Botschafter gegen Rassismus","datePublished":"2023-09-21T11:11:31+00:00","mainEntityOfPage":{"@id":"https:\/\/www.dasschoenstekind.de\/news\/brothers-keepers\/"},"wordCount":1018,"image":{"@id":"https:\/\/www.dasschoenstekind.de\/news\/brothers-keepers\/#primaryimage"},"thumbnailUrl":"https:\/\/www.dasschoenstekind.de\/news\/images\/brothers-keepers.jpg","inLanguage":"de"},{"@type":"WebPage","@id":"https:\/\/www.dasschoenstekind.de\/news\/brothers-keepers\/","url":"https:\/\/www.dasschoenstekind.de\/news\/brothers-keepers\/","name":"Brothers Keepers \u00bb Musikalische Botschafter gegen Rassismus","isPartOf":{"@id":"https:\/\/www.dasschoenstekind.de\/news\/#website"},"primaryImageOfPage":{"@id":"https:\/\/www.dasschoenstekind.de\/news\/brothers-keepers\/#primaryimage"},"image":{"@id":"https:\/\/www.dasschoenstekind.de\/news\/brothers-keepers\/#primaryimage"},"thumbnailUrl":"https:\/\/www.dasschoenstekind.de\/news\/images\/brothers-keepers.jpg","datePublished":"2023-09-21T11:11:31+00:00","author":{"@id":"https:\/\/www.dasschoenstekind.de\/news\/#\/schema\/person\/dd1ad54d9a7552706cf9694969b65793"},"description":"Brothers Keepers: Afrodeutsche K\u00fcnstler stehen zusammen gegen Rassismus. Ein musikalischer Protest, u.a. bekannt durch den Song \"Adriano\".","breadcrumb":{"@id":"https:\/\/www.dasschoenstekind.de\/news\/brothers-keepers\/#breadcrumb"},"inLanguage":"de","potentialAction":[{"@type":"ReadAction","target":["https:\/\/www.dasschoenstekind.de\/news\/brothers-keepers\/"]}]},{"@type":"ImageObject","inLanguage":"de","@id":"https:\/\/www.dasschoenstekind.de\/news\/brothers-keepers\/#primaryimage","url":"https:\/\/www.dasschoenstekind.de\/news\/images\/brothers-keepers.jpg","contentUrl":"https:\/\/www.dasschoenstekind.de\/news\/images\/brothers-keepers.jpg","width":753,"height":434,"caption":"Brothers Keepers \u00bb Musikalische Botschafter gegen Rassismus"},{"@type":"BreadcrumbList","@id":"https:\/\/www.dasschoenstekind.de\/news\/brothers-keepers\/#breadcrumb","itemListElement":[{"@type":"ListItem","position":1,"name":"Startseite","item":"https:\/\/www.dasschoenstekind.de\/news\/"},{"@type":"ListItem","position":2,"name":"Brothers Keepers \u00bb Musikalische Botschafter gegen Rassismus"}]},{"@type":"WebSite","@id":"https:\/\/www.dasschoenstekind.de\/news\/#website","url":"https:\/\/www.dasschoenstekind.de\/news\/","name":"Rammstein News","description":"Eine weitere WordPress-Website","potentialAction":[{"@type":"SearchAction","target":{"@type":"EntryPoint","urlTemplate":"https:\/\/www.dasschoenstekind.de\/news\/?s={search_term_string}"},"query-input":{"@type":"PropertyValueSpecification","valueRequired":true,"valueName":"search_term_string"}}],"inLanguage":"de"},{"@type":"Person","@id":"https:\/\/www.dasschoenstekind.de\/news\/#\/schema\/person\/dd1ad54d9a7552706cf9694969b65793","name":"admin","image":{"@type":"ImageObject","inLanguage":"de","@id":"https:\/\/secure.gravatar.com\/avatar\/c86a06baa38045c6b53e2c395991625853e062e9ce6e363321311c42ffe8e2f8?s=96&d=mm&r=g","url":"https:\/\/secure.gravatar.com\/avatar\/c86a06baa38045c6b53e2c395991625853e062e9ce6e363321311c42ffe8e2f8?s=96&d=mm&r=g","contentUrl":"https:\/\/secure.gravatar.com\/avatar\/c86a06baa38045c6b53e2c395991625853e062e9ce6e363321311c42ffe8e2f8?s=96&d=mm&r=g","caption":"admin"},"url":"https:\/\/www.dasschoenstekind.de\/news\/author\/admin\/"}]}},"_links":{"self":[{"href":"https:\/\/www.dasschoenstekind.de\/news\/wp-json\/wp\/v2\/posts\/1451","targetHints":{"allow":["GET"]}}],"collection":[{"href":"https:\/\/www.dasschoenstekind.de\/news\/wp-json\/wp\/v2\/posts"}],"about":[{"href":"https:\/\/www.dasschoenstekind.de\/news\/wp-json\/wp\/v2\/types\/post"}],"author":[{"embeddable":true,"href":"https:\/\/www.dasschoenstekind.de\/news\/wp-json\/wp\/v2\/users\/1"}],"replies":[{"embeddable":true,"href":"https:\/\/www.dasschoenstekind.de\/news\/wp-json\/wp\/v2\/comments?post=1451"}],"version-history":[{"count":16,"href":"https:\/\/www.dasschoenstekind.de\/news\/wp-json\/wp\/v2\/posts\/1451\/revisions"}],"predecessor-version":[{"id":1484,"href":"https:\/\/www.dasschoenstekind.de\/news\/wp-json\/wp\/v2\/posts\/1451\/revisions\/1484"}],"wp:featuredmedia":[{"embeddable":true,"href":"https:\/\/www.dasschoenstekind.de\/news\/wp-json\/wp\/v2\/media\/1457"}],"wp:attachment":[{"href":"https:\/\/www.dasschoenstekind.de\/news\/wp-json\/wp\/v2\/media?parent=1451"}],"wp:term":[{"taxonomy":"category","embeddable":true,"href":"https:\/\/www.dasschoenstekind.de\/news\/wp-json\/wp\/v2\/categories?post=1451"},{"taxonomy":"post_tag","embeddable":true,"href":"https:\/\/www.dasschoenstekind.de\/news\/wp-json\/wp\/v2\/tags?post=1451"}],"curies":[{"name":"wp","href":"https:\/\/api.w.org\/{rel}","templated":true}]}}