{"id":1499,"date":"2017-11-14T09:45:20","date_gmt":"2017-11-14T08:45:20","guid":{"rendered":"https:\/\/www.dasschoenstekind.de\/news\/?p=1499"},"modified":"2023-10-04T17:11:28","modified_gmt":"2023-10-04T15:11:28","slug":"we-make-waves","status":"publish","type":"post","link":"https:\/\/www.dasschoenstekind.de\/news\/we-make-waves\/","title":{"rendered":"We Make Waves \u00bb Festival in Berlin f\u00fcr Frauen, Trans- und nichtbin\u00e4re Menschen"},"content":{"rendered":"<p>Auf Anhieb fallen sicherlich jedem bekannte Musikerinnen ein. Das ist nicht unbedingt das Problem. Schaut man aber in die Breite, dann gibt es einen deutlichen M\u00e4nner\u00fcberschuss in der Branche. Wenn es dann auch noch um Transpersonen und nichtbin\u00e4re Menschen geht, fallen die Quoten erst recht. Gerade auf Festivals wird so etwas sehr deutlich. Die meisten Musiker sind in der Regel M\u00e4nner. Dagegen will man angehen, daf\u00fcr will man Aufmerksamkeit schaffen. So sagen es die Leute, die hinter dem <strong>We Make Waves Festival<\/strong> stehen, das jetzt vom 9. bis zum 11. November 2017 in Berlin stattgefunden hat.<\/p>\n<p>Es handelte sich dabei nicht einfach nur um ein normales Festival, bei dem <a href=\"https:\/\/www.dasschoenstekind.de\">Musik<\/a> auf der B\u00fchne dargeboten wurde, sondern um ein politisches und kulturelles Projekt. Zu dem geh\u00f6ren auch Workshops, Get Togethers, Vernetzungen und Panels. Man will die weniger vertretenen Menschen in der <a href=\"https:\/\/www.bundesstiftung-livekultur.org\/musikfestivals-in-deutschland-werden-in-bundesweiter-studie-untersucht\/\" rel=\"nofollow noopener noreferrer\" target=\"_blank\" title=\"Musik- und Festivalkultur\">Musik- und Festivalkultur<\/a> auf die B\u00fchnen und in die Aufmerksamkeit bringen. Das ist eine Aufgabe, die von verschiedenen Seiten aus angepackt werden muss. Die drei Tage Festival waren auf jeden Fall ein guter Anfang.<\/p>\n<h2>Das We Make Waves Festival in Berlin<\/h2>\n<p>Es ist viel mehr als nur ein reines Musikfestival, denn We Make Waves ist auch eine Konferenz gewesen. Es geht darum, dass Frauen, trans- und nicht-bin\u00e4re Menschen Aufmerksamkeit in der Musikindustrie bekommen. In der sind sie aktuell noch viel zu wenig vertreten. So zumindest die Stimmen von den Machern und Macherinnen des Festivals. Dabei hat man das Festival daf\u00fcr genutzt, um nat\u00fcrlich zu feiern, Musik zu spielen und eine gute Zeit zu haben. Aber mehr noch war es auch eine Konferenz, die eben das politische und kulturelle Programm, das man mit der Veranstaltung insgesamt verfolgt, verbreiten und auch erarbeiten konnte. Es gibt noch nicht alle vollst\u00e4ndigen L\u00f6sungswege, aber der Dialog und das Miteinander sind die Wege, mit denen man Ver\u00e4nderung herbeif\u00fchren will.<\/p>\n<p><iframe loading=\"lazy\" width=\"100%\" height=\"400\" src=\"https:\/\/www.youtube-nocookie.com\/embed\/D1FsX7NmJ2A\" frameborder=\"0\" allow=\"accelerometer; autoplay; clipboard-write; encrypted-media; gyroscope; picture-in-picture; web-share\" allowfullscreen><\/iframe><\/p>\n<p>Im Kern geht es darum, dass man Frauen, Transpersonen und nichtbin\u00e4re Menschen sichtbarer machen will. In der Welt der Musik und Festivals gibt es nat\u00fcrlich einige K\u00fcnstlerinnen, aber im Vergleich mit M\u00e4nnern ist man doch deutlich unterrepr\u00e4sentiert. Und das ist kein reiner Zufall, sondern hat auch etwas mit den Strukturen und Verhandlungen zu tun. Dementsprechend setzt man an ganz verschiedenen Stellen an, um Bewegung in die Sache zu bringen. Das kann bei Frauen im Journalismus anfangen, geht \u00fcber Frauen und Technik und ebenso auch Fragen zu Elternschaften und mentaler Gesundheit. Man muss an vielen Stellen ansetzen, wenn man sich dem Thema ann\u00e4hern will.<\/p>\n<h3>Die Festival Eintrittspreise<\/h3>\n<p><img decoding=\"async\" src=\"https:\/\/www.dasschoenstekind.de\/news\/images\/festival-eintrittspreise.jpg\" alt=\"Die Festival Eintrittspreise\" width=\"250\" class=\"alignright size-full wp-image-1507\" srcset=\"https:\/\/www.dasschoenstekind.de\/news\/images\/festival-eintrittspreise.jpg 300w, https:\/\/www.dasschoenstekind.de\/news\/images\/festival-eintrittspreise-225x150.jpg 225w\" sizes=\"(max-width: 300px) 100vw, 300px\" \/>Das Festival fand vom 9. bis zum 11. November 2017 statt. F\u00fcr 25 Euro konnten K\u00fcnstler und Freelancer Eintritt erhalten. F\u00fcr 40 Euro gab es f\u00fcr K\u00fcnstler das komplette Paket mit der Konferenz. Der regul\u00e4re Marktpreis betrug 80 Euro. Hinter dem Festival standen zudem auch das Musicboard Berlin und die Initiative Musik. Weitere Medienpartner waren Alex, Exberliner, Nothing but Hope and Passion, Spex und Kaltblut. Schon im September hat es das Get Together und den Workshop beim <a href=\"https:\/\/www.festivalsunited.com\/festivals\/reeperbahn-festival\/2017\" rel=\"nofollow noopener noreferrer\" target=\"_blank\" title=\"Reeperbahn Festival 2017\">Reeperbahn Festival 2017<\/a> gegeben. Au\u00dferdem gab es ein Panel beim Waves Vienna vom 29. September bis zum 1. Oktober.<\/p>\n<h2>Programm und Line Up des Festivals<\/h2>\n<p>Zun\u00e4chst einmal gab es das <strong>We Make Waves Festival<\/strong>, bei dem es einmal darum geht, entsprechend die K\u00fcnstlerinnen und K\u00fcnstler einzuladen. Diese m\u00fcssen zum Programm und der Philosophie passten, aber auch letztendlich einfach nur um gute Musik und Darstellungen. Zu sehen waren an den drei Tagen Marisa Anderson aus den USA, Ah Mer Ah Su aus den USA, Dorit Chrysler aus \u00d6sterreich, Saba Lou aus Deutschland, Stella Chiweshe aus Zimbabwe, Meredith Graves aus den USA, Olimpia Splendid aus Finnland, A.W.A. aus Zimbabwe und Dai Burger aus den USA. F\u00fcr gute Musik und Stimmung war also auf jeden Fall gesorgt.<\/p>\n<p><iframe loading=\"lazy\" width=\"100%\" height=\"400\" src=\"https:\/\/www.youtube-nocookie.com\/embed\/JgwEcrwCkeQ\" frameborder=\"0\" allow=\"accelerometer; autoplay; clipboard-write; encrypted-media; gyroscope; picture-in-picture; web-share\" allowfullscreen><\/iframe><\/p>\n<p>Neben dem Festival gab es noch die Konferenz, bei der es konkrete Gelegenheiten gab, um sich mit der Thematik, f\u00fcr die man das Programm aufgestellt hat, zu besch\u00e4ftigen. Es gab verschiedene Punkte, die aus Gespr\u00e4chen, Workshops und Panels bestanden. Unter anderem \u201eFeminist perspectives on music criticism\u201c, \u201eGendered music spaces: strategies for changing realities and representation\u201c, \u201eWoman in journalism panel\u201c, \u201eWoman in music and tech: Launch panel + usability workshop\u201c, \u201ePublic speaking workshop\u201c, \u201eNegotiation skills workshops\u201c, \u201eRoom4Resistance x Siren London: creating safer spaces\u201c, \u201eThe Economy of Praise: language + invisibility\u201c oder auch ein \u201eDJing Workshop\u201c. Die Atmosph\u00e4re bei diesem Festival erinnerte stark an das <a href=\"https:\/\/www.dasschoenstekind.de\/news\/dt64-festival\/\" title=\"DT64 Festival f\u00fcr ostdeutsche Radio- und Jugendkultur\">DT64 Festival f\u00fcr ostdeutsche Radio- und Jugendkultur<\/a> von 2014.<\/p>\n<h2>Fazit zum We Make Waves Festival<\/h2>\n<p>Das We Make Waves Festival in Berlin, das vom 9. bis 11. November 2017 stattfand, setzte sich daf\u00fcr ein, Frauen, Transpersonen und nichtbin\u00e4re Menschen in der Musikindustrie sichtbarer zu machen. Das Festival umfasste nicht nur <a href=\"https:\/\/www.dasschoenstekind.de\/news\/saarbangers-metal-festival\/\">musikalische Darbietungen<\/a>, sondern auch eine Konferenz mit Workshops, Panels und Diskussionen. Man zielt darauf ab, die Unterrepr\u00e4sentation dieser entsprechenden Gruppen in der Musik- und Festivalbranche anzugehen und Ver\u00e4nderungen herbeizuf\u00fchren. Das Festival war ein wichtiger Schritt in diese Richtung. Es bot eine Plattform f\u00fcr den Dialog und den Austausch von Ideen. Mit seinem Programm und dem internationalen Line-up trug das Festival dazu bei, gute Musik <a href=\"https:\/\/www.dasschoenstekind.de\/news\/\">und Unterhaltung<\/a> zu bieten und gleichzeitig politische und kulturelle Themen zu behandeln.<\/p>\n","protected":false},"excerpt":{"rendered":"<p>Das &#8222;We Make Waves Festival&#8220; in Berlin, vom 9. bis 11. November 2017, f\u00f6rderte die Sichtbarkeit von Frauen, Trans- und nichtbin\u00e4ren Menschen in der Musikbranche. Neben musikalischen Auftritten bot das Event Workshops, Panels und Diskussionen, um die Unterrepr\u00e4sentation dieser Gruppen zu thematisieren und Ver\u00e4nderungen anzusto\u00dfen. Es kombinierte kulturelle Unterhaltung mit politischem Engagement.<\/p>\n","protected":false},"author":1,"featured_media":1506,"comment_status":"closed","ping_status":"closed","sticky":false,"template":"","format":"standard","meta":{"_acf_changed":false,"footnotes":""},"categories":[1],"tags":[],"class_list":["post-1499","post","type-post","status-publish","format-standard","has-post-thumbnail","hentry","category-allgemein"],"acf":[],"yoast_head":"<!-- This site is optimized with the Yoast SEO Premium plugin v25.9 (Yoast SEO v27.2) - https:\/\/yoast.com\/product\/yoast-seo-premium-wordpress\/ -->\n<title>We Make Waves \u00bb das Festival in Berlin 2017<\/title>\n<meta name=\"description\" content=\"Vom 9. bis 11. November fand in Berlin das &quot;We Make Waves Festival&quot; Festival statt. Unser R\u00fcckblick auf das Event zum nachlesen.\" \/>\n<meta name=\"robots\" content=\"index, follow, max-snippet:-1, max-image-preview:large, max-video-preview:-1\" \/>\n<link rel=\"canonical\" href=\"https:\/\/www.dasschoenstekind.de\/news\/we-make-waves\/\" \/>\n<meta property=\"og:locale\" content=\"de_DE\" \/>\n<meta property=\"og:type\" content=\"article\" \/>\n<meta property=\"og:title\" content=\"We Make Waves \u00bb Festival in Berlin f\u00fcr Frauen, Trans- und nichtbin\u00e4re Menschen\" \/>\n<meta property=\"og:description\" content=\"Vom 9. bis 11. November fand in Berlin das &quot;We Make Waves Festival&quot; Festival statt. Unser R\u00fcckblick auf das Event zum nachlesen.\" \/>\n<meta property=\"og:url\" content=\"https:\/\/www.dasschoenstekind.de\/news\/we-make-waves\/\" \/>\n<meta property=\"og:site_name\" content=\"Rammstein News\" \/>\n<meta property=\"article:published_time\" content=\"2017-11-14T08:45:20+00:00\" \/>\n<meta property=\"article:modified_time\" content=\"2023-10-04T15:11:28+00:00\" \/>\n<meta property=\"og:image\" content=\"https:\/\/www.dasschoenstekind.de\/news\/images\/wemakewaves.jpg\" \/>\n\t<meta property=\"og:image:width\" content=\"753\" \/>\n\t<meta property=\"og:image:height\" content=\"421\" \/>\n\t<meta property=\"og:image:type\" content=\"image\/jpeg\" \/>\n<meta name=\"author\" content=\"admin\" \/>\n<meta name=\"twitter:card\" content=\"summary_large_image\" \/>\n<meta name=\"twitter:label1\" content=\"Verfasst von\" \/>\n\t<meta name=\"twitter:data1\" content=\"admin\" \/>\n\t<meta name=\"twitter:label2\" content=\"Gesch\u00e4tzte Lesezeit\" \/>\n\t<meta name=\"twitter:data2\" content=\"5\u00a0Minuten\" \/>\n<script type=\"application\/ld+json\" class=\"yoast-schema-graph\">{\"@context\":\"https:\/\/schema.org\",\"@graph\":[{\"@type\":\"Article\",\"@id\":\"https:\/\/www.dasschoenstekind.de\/news\/we-make-waves\/#article\",\"isPartOf\":{\"@id\":\"https:\/\/www.dasschoenstekind.de\/news\/we-make-waves\/\"},\"author\":{\"name\":\"admin\",\"@id\":\"https:\/\/www.dasschoenstekind.de\/news\/#\/schema\/person\/dd1ad54d9a7552706cf9694969b65793\"},\"headline\":\"We Make Waves \u00bb Festival in Berlin f\u00fcr Frauen, Trans- und nichtbin\u00e4re Menschen\",\"datePublished\":\"2017-11-14T08:45:20+00:00\",\"dateModified\":\"2023-10-04T15:11:28+00:00\",\"mainEntityOfPage\":{\"@id\":\"https:\/\/www.dasschoenstekind.de\/news\/we-make-waves\/\"},\"wordCount\":882,\"image\":{\"@id\":\"https:\/\/www.dasschoenstekind.de\/news\/we-make-waves\/#primaryimage\"},\"thumbnailUrl\":\"https:\/\/www.dasschoenstekind.de\/news\/images\/wemakewaves.jpg\",\"inLanguage\":\"de\"},{\"@type\":\"WebPage\",\"@id\":\"https:\/\/www.dasschoenstekind.de\/news\/we-make-waves\/\",\"url\":\"https:\/\/www.dasschoenstekind.de\/news\/we-make-waves\/\",\"name\":\"We Make Waves \u00bb das Festival in Berlin 2017\",\"isPartOf\":{\"@id\":\"https:\/\/www.dasschoenstekind.de\/news\/#website\"},\"primaryImageOfPage\":{\"@id\":\"https:\/\/www.dasschoenstekind.de\/news\/we-make-waves\/#primaryimage\"},\"image\":{\"@id\":\"https:\/\/www.dasschoenstekind.de\/news\/we-make-waves\/#primaryimage\"},\"thumbnailUrl\":\"https:\/\/www.dasschoenstekind.de\/news\/images\/wemakewaves.jpg\",\"datePublished\":\"2017-11-14T08:45:20+00:00\",\"dateModified\":\"2023-10-04T15:11:28+00:00\",\"author\":{\"@id\":\"https:\/\/www.dasschoenstekind.de\/news\/#\/schema\/person\/dd1ad54d9a7552706cf9694969b65793\"},\"description\":\"Vom 9. bis 11. November fand in Berlin das \\\"We Make Waves Festival\\\" Festival statt. Unser R\u00fcckblick auf das Event zum nachlesen.\",\"breadcrumb\":{\"@id\":\"https:\/\/www.dasschoenstekind.de\/news\/we-make-waves\/#breadcrumb\"},\"inLanguage\":\"de\",\"potentialAction\":[{\"@type\":\"ReadAction\",\"target\":[\"https:\/\/www.dasschoenstekind.de\/news\/we-make-waves\/\"]}]},{\"@type\":\"ImageObject\",\"inLanguage\":\"de\",\"@id\":\"https:\/\/www.dasschoenstekind.de\/news\/we-make-waves\/#primaryimage\",\"url\":\"https:\/\/www.dasschoenstekind.de\/news\/images\/wemakewaves.jpg\",\"contentUrl\":\"https:\/\/www.dasschoenstekind.de\/news\/images\/wemakewaves.jpg\",\"width\":753,\"height\":421,\"caption\":\"F\u00fcr Frauen, Trans- und nichtbin\u00e4re Menschen: We Make Waves Festival in Berlin\"},{\"@type\":\"BreadcrumbList\",\"@id\":\"https:\/\/www.dasschoenstekind.de\/news\/we-make-waves\/#breadcrumb\",\"itemListElement\":[{\"@type\":\"ListItem\",\"position\":1,\"name\":\"Startseite\",\"item\":\"https:\/\/www.dasschoenstekind.de\/news\/\"},{\"@type\":\"ListItem\",\"position\":2,\"name\":\"We Make Waves \u00bb Festival in Berlin f\u00fcr Frauen, Trans- und nichtbin\u00e4re Menschen\"}]},{\"@type\":\"WebSite\",\"@id\":\"https:\/\/www.dasschoenstekind.de\/news\/#website\",\"url\":\"https:\/\/www.dasschoenstekind.de\/news\/\",\"name\":\"Rammstein News\",\"description\":\"Eine weitere WordPress-Website\",\"potentialAction\":[{\"@type\":\"SearchAction\",\"target\":{\"@type\":\"EntryPoint\",\"urlTemplate\":\"https:\/\/www.dasschoenstekind.de\/news\/?s={search_term_string}\"},\"query-input\":{\"@type\":\"PropertyValueSpecification\",\"valueRequired\":true,\"valueName\":\"search_term_string\"}}],\"inLanguage\":\"de\"},{\"@type\":\"Person\",\"@id\":\"https:\/\/www.dasschoenstekind.de\/news\/#\/schema\/person\/dd1ad54d9a7552706cf9694969b65793\",\"name\":\"admin\",\"image\":{\"@type\":\"ImageObject\",\"inLanguage\":\"de\",\"@id\":\"https:\/\/secure.gravatar.com\/avatar\/c86a06baa38045c6b53e2c395991625853e062e9ce6e363321311c42ffe8e2f8?s=96&d=mm&r=g\",\"url\":\"https:\/\/secure.gravatar.com\/avatar\/c86a06baa38045c6b53e2c395991625853e062e9ce6e363321311c42ffe8e2f8?s=96&d=mm&r=g\",\"contentUrl\":\"https:\/\/secure.gravatar.com\/avatar\/c86a06baa38045c6b53e2c395991625853e062e9ce6e363321311c42ffe8e2f8?s=96&d=mm&r=g\",\"caption\":\"admin\"},\"url\":\"https:\/\/www.dasschoenstekind.de\/news\/author\/admin\/\"}]}<\/script>\n<!-- \/ Yoast SEO Premium plugin. -->","yoast_head_json":{"title":"We Make Waves \u00bb das Festival in Berlin 2017","description":"Vom 9. bis 11. November fand in Berlin das \"We Make Waves Festival\" Festival statt. Unser R\u00fcckblick auf das Event zum nachlesen.","robots":{"index":"index","follow":"follow","max-snippet":"max-snippet:-1","max-image-preview":"max-image-preview:large","max-video-preview":"max-video-preview:-1"},"canonical":"https:\/\/www.dasschoenstekind.de\/news\/we-make-waves\/","og_locale":"de_DE","og_type":"article","og_title":"We Make Waves \u00bb Festival in Berlin f\u00fcr Frauen, Trans- und nichtbin\u00e4re Menschen","og_description":"Vom 9. bis 11. November fand in Berlin das \"We Make Waves Festival\" Festival statt. Unser R\u00fcckblick auf das Event zum nachlesen.","og_url":"https:\/\/www.dasschoenstekind.de\/news\/we-make-waves\/","og_site_name":"Rammstein News","article_published_time":"2017-11-14T08:45:20+00:00","article_modified_time":"2023-10-04T15:11:28+00:00","og_image":[{"width":753,"height":421,"url":"https:\/\/www.dasschoenstekind.de\/news\/images\/wemakewaves.jpg","type":"image\/jpeg"}],"author":"admin","twitter_card":"summary_large_image","twitter_misc":{"Verfasst von":"admin","Gesch\u00e4tzte Lesezeit":"5\u00a0Minuten"},"schema":{"@context":"https:\/\/schema.org","@graph":[{"@type":"Article","@id":"https:\/\/www.dasschoenstekind.de\/news\/we-make-waves\/#article","isPartOf":{"@id":"https:\/\/www.dasschoenstekind.de\/news\/we-make-waves\/"},"author":{"name":"admin","@id":"https:\/\/www.dasschoenstekind.de\/news\/#\/schema\/person\/dd1ad54d9a7552706cf9694969b65793"},"headline":"We Make Waves \u00bb Festival in Berlin f\u00fcr Frauen, Trans- und nichtbin\u00e4re Menschen","datePublished":"2017-11-14T08:45:20+00:00","dateModified":"2023-10-04T15:11:28+00:00","mainEntityOfPage":{"@id":"https:\/\/www.dasschoenstekind.de\/news\/we-make-waves\/"},"wordCount":882,"image":{"@id":"https:\/\/www.dasschoenstekind.de\/news\/we-make-waves\/#primaryimage"},"thumbnailUrl":"https:\/\/www.dasschoenstekind.de\/news\/images\/wemakewaves.jpg","inLanguage":"de"},{"@type":"WebPage","@id":"https:\/\/www.dasschoenstekind.de\/news\/we-make-waves\/","url":"https:\/\/www.dasschoenstekind.de\/news\/we-make-waves\/","name":"We Make Waves \u00bb das Festival in Berlin 2017","isPartOf":{"@id":"https:\/\/www.dasschoenstekind.de\/news\/#website"},"primaryImageOfPage":{"@id":"https:\/\/www.dasschoenstekind.de\/news\/we-make-waves\/#primaryimage"},"image":{"@id":"https:\/\/www.dasschoenstekind.de\/news\/we-make-waves\/#primaryimage"},"thumbnailUrl":"https:\/\/www.dasschoenstekind.de\/news\/images\/wemakewaves.jpg","datePublished":"2017-11-14T08:45:20+00:00","dateModified":"2023-10-04T15:11:28+00:00","author":{"@id":"https:\/\/www.dasschoenstekind.de\/news\/#\/schema\/person\/dd1ad54d9a7552706cf9694969b65793"},"description":"Vom 9. bis 11. November fand in Berlin das \"We Make Waves Festival\" Festival statt. Unser R\u00fcckblick auf das Event zum nachlesen.","breadcrumb":{"@id":"https:\/\/www.dasschoenstekind.de\/news\/we-make-waves\/#breadcrumb"},"inLanguage":"de","potentialAction":[{"@type":"ReadAction","target":["https:\/\/www.dasschoenstekind.de\/news\/we-make-waves\/"]}]},{"@type":"ImageObject","inLanguage":"de","@id":"https:\/\/www.dasschoenstekind.de\/news\/we-make-waves\/#primaryimage","url":"https:\/\/www.dasschoenstekind.de\/news\/images\/wemakewaves.jpg","contentUrl":"https:\/\/www.dasschoenstekind.de\/news\/images\/wemakewaves.jpg","width":753,"height":421,"caption":"F\u00fcr Frauen, Trans- und nichtbin\u00e4re Menschen: We Make Waves Festival in Berlin"},{"@type":"BreadcrumbList","@id":"https:\/\/www.dasschoenstekind.de\/news\/we-make-waves\/#breadcrumb","itemListElement":[{"@type":"ListItem","position":1,"name":"Startseite","item":"https:\/\/www.dasschoenstekind.de\/news\/"},{"@type":"ListItem","position":2,"name":"We Make Waves \u00bb Festival in Berlin f\u00fcr Frauen, Trans- und nichtbin\u00e4re Menschen"}]},{"@type":"WebSite","@id":"https:\/\/www.dasschoenstekind.de\/news\/#website","url":"https:\/\/www.dasschoenstekind.de\/news\/","name":"Rammstein News","description":"Eine weitere WordPress-Website","potentialAction":[{"@type":"SearchAction","target":{"@type":"EntryPoint","urlTemplate":"https:\/\/www.dasschoenstekind.de\/news\/?s={search_term_string}"},"query-input":{"@type":"PropertyValueSpecification","valueRequired":true,"valueName":"search_term_string"}}],"inLanguage":"de"},{"@type":"Person","@id":"https:\/\/www.dasschoenstekind.de\/news\/#\/schema\/person\/dd1ad54d9a7552706cf9694969b65793","name":"admin","image":{"@type":"ImageObject","inLanguage":"de","@id":"https:\/\/secure.gravatar.com\/avatar\/c86a06baa38045c6b53e2c395991625853e062e9ce6e363321311c42ffe8e2f8?s=96&d=mm&r=g","url":"https:\/\/secure.gravatar.com\/avatar\/c86a06baa38045c6b53e2c395991625853e062e9ce6e363321311c42ffe8e2f8?s=96&d=mm&r=g","contentUrl":"https:\/\/secure.gravatar.com\/avatar\/c86a06baa38045c6b53e2c395991625853e062e9ce6e363321311c42ffe8e2f8?s=96&d=mm&r=g","caption":"admin"},"url":"https:\/\/www.dasschoenstekind.de\/news\/author\/admin\/"}]}},"_links":{"self":[{"href":"https:\/\/www.dasschoenstekind.de\/news\/wp-json\/wp\/v2\/posts\/1499","targetHints":{"allow":["GET"]}}],"collection":[{"href":"https:\/\/www.dasschoenstekind.de\/news\/wp-json\/wp\/v2\/posts"}],"about":[{"href":"https:\/\/www.dasschoenstekind.de\/news\/wp-json\/wp\/v2\/types\/post"}],"author":[{"embeddable":true,"href":"https:\/\/www.dasschoenstekind.de\/news\/wp-json\/wp\/v2\/users\/1"}],"replies":[{"embeddable":true,"href":"https:\/\/www.dasschoenstekind.de\/news\/wp-json\/wp\/v2\/comments?post=1499"}],"version-history":[{"count":13,"href":"https:\/\/www.dasschoenstekind.de\/news\/wp-json\/wp\/v2\/posts\/1499\/revisions"}],"predecessor-version":[{"id":1515,"href":"https:\/\/www.dasschoenstekind.de\/news\/wp-json\/wp\/v2\/posts\/1499\/revisions\/1515"}],"wp:featuredmedia":[{"embeddable":true,"href":"https:\/\/www.dasschoenstekind.de\/news\/wp-json\/wp\/v2\/media\/1506"}],"wp:attachment":[{"href":"https:\/\/www.dasschoenstekind.de\/news\/wp-json\/wp\/v2\/media?parent=1499"}],"wp:term":[{"taxonomy":"category","embeddable":true,"href":"https:\/\/www.dasschoenstekind.de\/news\/wp-json\/wp\/v2\/categories?post=1499"},{"taxonomy":"post_tag","embeddable":true,"href":"https:\/\/www.dasschoenstekind.de\/news\/wp-json\/wp\/v2\/tags?post=1499"}],"curies":[{"name":"wp","href":"https:\/\/api.w.org\/{rel}","templated":true}]}}