{"id":15,"date":"2018-02-22T11:09:41","date_gmt":"2018-02-22T10:09:41","guid":{"rendered":"https:\/\/www.dasschoenstekind.de\/news\/?p=15"},"modified":"2023-06-06T13:44:49","modified_gmt":"2023-06-06T11:44:49","slug":"musikspass-balsam-fuer-die-entwicklung-von-kleinkindern","status":"publish","type":"post","link":"https:\/\/www.dasschoenstekind.de\/news\/musikspass-balsam-fuer-die-entwicklung-von-kleinkindern\/","title":{"rendered":"Musikspa\u00df \u00bb Balsam f\u00fcr die Entwicklung von Kleinkindern"},"content":{"rendered":"<p>Es ist wieder soweit, auch in diesem Jahr startet in der Musikschule im Romaneum ein neuer Kurs in der Reihe &#8222;Musikwiese&#8220;. Ist ihr Kind zwischen eineinhalb und vier Jahre alt? Dann trauen Sie sich und zeigen Sie ihm die bunte und vielf\u00e4ltige Welt der Musik.<\/p>\n<h2>Positive Auswirkung auf Kinder<\/h2>\n<p>Unabh\u00e4ngig von einer eventuell vorhandenen Begabung empfinden fast alle Kinder eine unb\u00e4ndige Freude beim Musizieren. Melodien, Rhythmen und T\u00f6ne selbst zu erzeugen und frei zu variieren tut der kindlichen Seele, dem Ausdrucksverm\u00f6gen und der intellektuellen sowie kreativen Entwicklung gut. Musik hat zudem den Vorteil f\u00fcr Kinder, dass sie nicht nur das logische Denken anregt, sondern auch die Sprache, die Feinmotorik und die Kommunikationsf\u00e4higkeit f\u00f6rdert. Dies geschieht besonders dann, wenn Kinder von klein auf mit Musik zu tun haben. Es werden Nervenzellen im Gehirn verkn\u00fcpft, die unter normalen Bedingungen nicht unbedingt miteinander kombiniert werden w\u00fcrden.<\/p>\n<h3>Spa\u00df f\u00fcr die Kleinsten<\/h3>\n<p>Gemeinsam singen und musizieren die Kinder mit deren Begleitung unter der Motivation und spielerischen Animation eines Dozenten.<\/p>\n<p>&#8222;Die Affen rasen durch den Wald,<br \/>\nDer Eine macht den Anderen kalt,<br \/>\nDie ganze Affenbande br\u00fcllt:<br \/>\nWo ist die Kokosnu\u00df?<br \/>\nWo ist die Kokosnu\u00df?<br \/>\nWer hat die Kokosnu\u00df geklaut?<\/p>\n<p>Die Affenmama sitzt am Flu\u00df<br \/>\nUnd angelt nach der Kokosnu\u00df,<br \/>\nDie ganze Affenbande br\u00fcllt:<br \/>\nWo ist die Kokosnu\u00df?<br \/>\nWo ist die Kokosnu\u00df?<br \/>\nWer hat die Kokosnu\u00df geklaut?<\/p>\n<p>Der Affenonkel, welch ein Graus,<br \/>\nRei\u00dft ganze Urwaldb\u00e4ume aus,<br \/>\nDie ganze Affenbande br\u00fcllt:<br \/>\nWo ist die Kokosnu\u00df?<br \/>\nWo ist die Kokosnu\u00df?<br \/>\nWer hat die Kokosnu\u00df geklaut?<\/p>\n<p>Der Affenmilchmann, welch ein Schlick,<br \/>\nEr lauert auf die Kokosmilch,<br \/>\nDie ganze Affenbande br\u00fcllt:<br \/>\nWo ist die Kokosnu\u00df?<br \/>\nWo ist die Kokosnu\u00df?<br \/>\nWer hat die Kokosnu\u00df geklaut?<\/p>\n<p>Der Elefant im Urwald spricht:<br \/>\nHier in dem Dickicht ist sie nicht,<br \/>\nDie ganze Affenbande br\u00fcllt:<br \/>\nWo ist die Kokosnu\u00df?<br \/>\nWo ist die Kokosnu\u00df?<br \/>\nWer hat die Kokosnu\u00df geklaut?<\/p>\n<p>Die Affenbraut denkt selbst beim Ku\u00df<br \/>\nNur immer an die Kokosnu\u00df&#8220;<br \/>\n&#8230;<\/p>\n<p>Laut singen die Kursteilnehmer das bekannte Kinderlied, dazu wird flei\u00dfig getrommelt, gerasselt, gefl\u00f6tet, geklatscht und geklingelt. Ungef\u00e4hr so d\u00fcrfen Sie sich Ihre Zeit bei der &#8222;Musikwiese&#8220; vorstellen. Lautstark und mit jeder Menge Spa\u00df.<\/p>\n<p><iframe loading=\"lazy\" width=\"100%\" height=\"350\" src=\"https:\/\/www.youtube.com\/embed\/Tr-Qq00rvQ4?rel=0\" frameborder=\"0\" allow=\"autoplay; encrypted-media\" allowfullscreen><\/iframe><\/p>\n<h3>Spiel und F\u00f6rderung zugleich<\/h3>\n<p>Kleinkinder lernen wesentlich durch Imitation. Das Vorbild einer Bezugsperson ist dabei von gro\u00dfer Bedeutung. Geben Eltern den Anreiz, singen und klatschen was das Zeug h\u00e4lt, tun es ihre Kinder in der Regel auch. Als Begleitung d\u00fcrfen statt einem Elternteil auch Oma oder Opa dabei sein.<\/p>\n<h2>Inspiration und Anregung <\/h2>\n<p>Gern k\u00f6nnen sich die Angeh\u00f6rigen f\u00fcr Zuhause inspirieren lassen und Anregungen einholen. Oftmals hat der Kursleiter noch Tipps und Tricks f\u00fcr die Umsetzung parat. Insofern gew\u00fcnscht kann das notwendige Material mitgegeben werden, so besteht die M\u00f6glichkeit f\u00fcr die Kinder Zuhause nach Stundenende flei\u00dfig weiter musizieren zu k\u00f6nnen.<\/p>\n<h2>Hintergedanke und Ziel<\/h2>\n<p>Hintergedanke und Ziel ist es die Kleinsten ohne Leistungsdruck f\u00fcr die Musik zu begeistern und deren nat\u00fcrliche musikalische Veranlagung zu wecken. Weitere: kennenlernen verschiedener Musikinstrumente, Differenzierung der Wahrnehmung, insbesondere des H\u00f6rens (hoch-tief, laut-leise, lang-kurz, viel-wenig, einzelne Instrumente aus einem Musikst\u00fcck heraush\u00f6ren\u2026), F\u00f6rderung von Kreativit\u00e4t, Selbstbewusstsein und sozialer Kompetenzen beim gemeinsamen Singen, Bewegen, Tanzen, und Musizieren.<\/p>\n<h2>Die Musikschule selbst<\/h2>\n<p>Seit 55 Jahren gibt die vom Rat der Stadt Neuss ins Leben gerufene Musikschule, sie gibt vielen Menschen Impulse zum Musik machen und f\u00f6rdert Interessierte. Musik ist vielseitig und musizieren ist grundlegend eine &#8222;Weltsprache&#8220;, somit erm\u00f6glicht sie Integration und schafft Verbundenheit. Menschen jeden Alters suchen seit Jahren verschiedenste Kurse und Angebote auf um Musik leben zu k\u00f6nnen. So lautet auch das Motto der Neusser Musikschule passend: Musik erleben durch Musik machen!<\/p>\n<h3>Kursstandort<\/h3>\n<p>Musikschule im Romaneum, Br\u00fcckstra\u00dfe 1, 41460 Neuss<\/p>\n<p><u>Bei Fragen und zur Anmeldung:<\/u><br \/>\nMusikschule zwischen 08.00 und 12.30 Uhr<br \/>\nTel. 02131 904043<br \/>\nwww.musikschule-stadt-neuss.de<br \/>\nAnmeldeformular in der Rubrik &#8222;Anmeldung\/Entgelte&#8220; <\/p>\n<h3>Kursgeb\u00fchren<\/h3>\n<p>75,00 \u20ac f\u00fcr 14 Unterrichtseinheiten, pro Woche eine <\/p>\n","protected":false},"excerpt":{"rendered":"<p>\u201eMusikwiese\u201c ist ein Kursangebot der Musikschule Romaneum f\u00fcr Kinder zwischen eineinhalb und vier Jahren, um ihnen die bunte Welt der Musik n\u00e4her zu bringen. In diesem Alter versp\u00fcren Kinder gro\u00dfe Freude am Musizieren. T\u00f6ne selbst zu erzeugen tut den kleinen Seelen gut und f\u00f6rdert das Ausdrucksverm\u00f6gen sowie die intellektuelle als auch kreative Entwicklung von Kindern.<\/p>\n","protected":false},"author":1,"featured_media":18,"comment_status":"closed","ping_status":"closed","sticky":false,"template":"","format":"standard","meta":{"_acf_changed":false,"footnotes":""},"categories":[1],"tags":[],"class_list":["post-15","post","type-post","status-publish","format-standard","has-post-thumbnail","hentry","category-allgemein"],"acf":[],"yoast_head":"<!-- This site is optimized with the Yoast SEO Premium plugin v25.9 (Yoast SEO v27.2) - https:\/\/yoast.com\/product\/yoast-seo-premium-wordpress\/ -->\n<title>Musikspa\u00df \u00bb Balsam f\u00fcr die Entwicklung von Kleinkindern<\/title>\n<meta name=\"description\" content=\"\u201eMusikwiese\u201c ist ein Kursangebot der Musikschule Romaneum f\u00fcr Kinder zwischen eineinhalb und vier Jahren. mehr Informationen hier zu lesen.\" \/>\n<meta name=\"robots\" content=\"index, follow, max-snippet:-1, max-image-preview:large, max-video-preview:-1\" \/>\n<link rel=\"canonical\" href=\"https:\/\/www.dasschoenstekind.de\/news\/musikspass-balsam-fuer-die-entwicklung-von-kleinkindern\/\" \/>\n<meta property=\"og:locale\" content=\"de_DE\" \/>\n<meta property=\"og:type\" content=\"article\" \/>\n<meta property=\"og:title\" content=\"Musikspa\u00df \u00bb Balsam f\u00fcr die Entwicklung von Kleinkindern\" \/>\n<meta property=\"og:description\" content=\"\u201eMusikwiese\u201c ist ein Kursangebot der Musikschule Romaneum f\u00fcr Kinder zwischen eineinhalb und vier Jahren. mehr Informationen hier zu lesen.\" \/>\n<meta property=\"og:url\" content=\"https:\/\/www.dasschoenstekind.de\/news\/musikspass-balsam-fuer-die-entwicklung-von-kleinkindern\/\" \/>\n<meta property=\"og:site_name\" content=\"Rammstein News\" \/>\n<meta property=\"article:published_time\" content=\"2018-02-22T10:09:41+00:00\" \/>\n<meta property=\"article:modified_time\" content=\"2023-06-06T11:44:49+00:00\" \/>\n<meta property=\"og:image\" content=\"https:\/\/www.dasschoenstekind.de\/news\/images\/children-246847_1280.jpg\" \/>\n\t<meta property=\"og:image:width\" content=\"1280\" \/>\n\t<meta property=\"og:image:height\" content=\"853\" \/>\n\t<meta property=\"og:image:type\" content=\"image\/jpeg\" \/>\n<meta name=\"author\" content=\"admin\" \/>\n<meta name=\"twitter:card\" content=\"summary_large_image\" \/>\n<meta name=\"twitter:label1\" content=\"Verfasst von\" \/>\n\t<meta name=\"twitter:data1\" content=\"admin\" \/>\n\t<meta name=\"twitter:label2\" content=\"Gesch\u00e4tzte Lesezeit\" \/>\n\t<meta name=\"twitter:data2\" content=\"3\u00a0Minuten\" \/>\n<script type=\"application\/ld+json\" class=\"yoast-schema-graph\">{\"@context\":\"https:\/\/schema.org\",\"@graph\":[{\"@type\":\"Article\",\"@id\":\"https:\/\/www.dasschoenstekind.de\/news\/musikspass-balsam-fuer-die-entwicklung-von-kleinkindern\/#article\",\"isPartOf\":{\"@id\":\"https:\/\/www.dasschoenstekind.de\/news\/musikspass-balsam-fuer-die-entwicklung-von-kleinkindern\/\"},\"author\":{\"name\":\"admin\",\"@id\":\"https:\/\/www.dasschoenstekind.de\/news\/#\/schema\/person\/dd1ad54d9a7552706cf9694969b65793\"},\"headline\":\"Musikspa\u00df \u00bb Balsam f\u00fcr die Entwicklung von Kleinkindern\",\"datePublished\":\"2018-02-22T10:09:41+00:00\",\"dateModified\":\"2023-06-06T11:44:49+00:00\",\"mainEntityOfPage\":{\"@id\":\"https:\/\/www.dasschoenstekind.de\/news\/musikspass-balsam-fuer-die-entwicklung-von-kleinkindern\/\"},\"wordCount\":664,\"image\":{\"@id\":\"https:\/\/www.dasschoenstekind.de\/news\/musikspass-balsam-fuer-die-entwicklung-von-kleinkindern\/#primaryimage\"},\"thumbnailUrl\":\"https:\/\/www.dasschoenstekind.de\/news\/images\/children-246847_1280.jpg\",\"inLanguage\":\"de\"},{\"@type\":\"WebPage\",\"@id\":\"https:\/\/www.dasschoenstekind.de\/news\/musikspass-balsam-fuer-die-entwicklung-von-kleinkindern\/\",\"url\":\"https:\/\/www.dasschoenstekind.de\/news\/musikspass-balsam-fuer-die-entwicklung-von-kleinkindern\/\",\"name\":\"Musikspa\u00df \u00bb Balsam f\u00fcr die Entwicklung von Kleinkindern\",\"isPartOf\":{\"@id\":\"https:\/\/www.dasschoenstekind.de\/news\/#website\"},\"primaryImageOfPage\":{\"@id\":\"https:\/\/www.dasschoenstekind.de\/news\/musikspass-balsam-fuer-die-entwicklung-von-kleinkindern\/#primaryimage\"},\"image\":{\"@id\":\"https:\/\/www.dasschoenstekind.de\/news\/musikspass-balsam-fuer-die-entwicklung-von-kleinkindern\/#primaryimage\"},\"thumbnailUrl\":\"https:\/\/www.dasschoenstekind.de\/news\/images\/children-246847_1280.jpg\",\"datePublished\":\"2018-02-22T10:09:41+00:00\",\"dateModified\":\"2023-06-06T11:44:49+00:00\",\"author\":{\"@id\":\"https:\/\/www.dasschoenstekind.de\/news\/#\/schema\/person\/dd1ad54d9a7552706cf9694969b65793\"},\"description\":\"\u201eMusikwiese\u201c ist ein Kursangebot der Musikschule Romaneum f\u00fcr Kinder zwischen eineinhalb und vier Jahren. mehr Informationen hier zu lesen.\",\"breadcrumb\":{\"@id\":\"https:\/\/www.dasschoenstekind.de\/news\/musikspass-balsam-fuer-die-entwicklung-von-kleinkindern\/#breadcrumb\"},\"inLanguage\":\"de\",\"potentialAction\":[{\"@type\":\"ReadAction\",\"target\":[\"https:\/\/www.dasschoenstekind.de\/news\/musikspass-balsam-fuer-die-entwicklung-von-kleinkindern\/\"]}]},{\"@type\":\"ImageObject\",\"inLanguage\":\"de\",\"@id\":\"https:\/\/www.dasschoenstekind.de\/news\/musikspass-balsam-fuer-die-entwicklung-von-kleinkindern\/#primaryimage\",\"url\":\"https:\/\/www.dasschoenstekind.de\/news\/images\/children-246847_1280.jpg\",\"contentUrl\":\"https:\/\/www.dasschoenstekind.de\/news\/images\/children-246847_1280.jpg\",\"width\":1280,\"height\":853,\"caption\":\"musikschule\"},{\"@type\":\"BreadcrumbList\",\"@id\":\"https:\/\/www.dasschoenstekind.de\/news\/musikspass-balsam-fuer-die-entwicklung-von-kleinkindern\/#breadcrumb\",\"itemListElement\":[{\"@type\":\"ListItem\",\"position\":1,\"name\":\"Startseite\",\"item\":\"https:\/\/www.dasschoenstekind.de\/news\/\"},{\"@type\":\"ListItem\",\"position\":2,\"name\":\"Musikspa\u00df \u00bb Balsam f\u00fcr die Entwicklung von Kleinkindern\"}]},{\"@type\":\"WebSite\",\"@id\":\"https:\/\/www.dasschoenstekind.de\/news\/#website\",\"url\":\"https:\/\/www.dasschoenstekind.de\/news\/\",\"name\":\"Rammstein News\",\"description\":\"Eine weitere WordPress-Website\",\"potentialAction\":[{\"@type\":\"SearchAction\",\"target\":{\"@type\":\"EntryPoint\",\"urlTemplate\":\"https:\/\/www.dasschoenstekind.de\/news\/?s={search_term_string}\"},\"query-input\":{\"@type\":\"PropertyValueSpecification\",\"valueRequired\":true,\"valueName\":\"search_term_string\"}}],\"inLanguage\":\"de\"},{\"@type\":\"Person\",\"@id\":\"https:\/\/www.dasschoenstekind.de\/news\/#\/schema\/person\/dd1ad54d9a7552706cf9694969b65793\",\"name\":\"admin\",\"image\":{\"@type\":\"ImageObject\",\"inLanguage\":\"de\",\"@id\":\"https:\/\/secure.gravatar.com\/avatar\/c86a06baa38045c6b53e2c395991625853e062e9ce6e363321311c42ffe8e2f8?s=96&d=mm&r=g\",\"url\":\"https:\/\/secure.gravatar.com\/avatar\/c86a06baa38045c6b53e2c395991625853e062e9ce6e363321311c42ffe8e2f8?s=96&d=mm&r=g\",\"contentUrl\":\"https:\/\/secure.gravatar.com\/avatar\/c86a06baa38045c6b53e2c395991625853e062e9ce6e363321311c42ffe8e2f8?s=96&d=mm&r=g\",\"caption\":\"admin\"},\"url\":\"https:\/\/www.dasschoenstekind.de\/news\/author\/admin\/\"}]}<\/script>\n<!-- \/ Yoast SEO Premium plugin. -->","yoast_head_json":{"title":"Musikspa\u00df \u00bb Balsam f\u00fcr die Entwicklung von Kleinkindern","description":"\u201eMusikwiese\u201c ist ein Kursangebot der Musikschule Romaneum f\u00fcr Kinder zwischen eineinhalb und vier Jahren. mehr Informationen hier zu lesen.","robots":{"index":"index","follow":"follow","max-snippet":"max-snippet:-1","max-image-preview":"max-image-preview:large","max-video-preview":"max-video-preview:-1"},"canonical":"https:\/\/www.dasschoenstekind.de\/news\/musikspass-balsam-fuer-die-entwicklung-von-kleinkindern\/","og_locale":"de_DE","og_type":"article","og_title":"Musikspa\u00df \u00bb Balsam f\u00fcr die Entwicklung von Kleinkindern","og_description":"\u201eMusikwiese\u201c ist ein Kursangebot der Musikschule Romaneum f\u00fcr Kinder zwischen eineinhalb und vier Jahren. mehr Informationen hier zu lesen.","og_url":"https:\/\/www.dasschoenstekind.de\/news\/musikspass-balsam-fuer-die-entwicklung-von-kleinkindern\/","og_site_name":"Rammstein News","article_published_time":"2018-02-22T10:09:41+00:00","article_modified_time":"2023-06-06T11:44:49+00:00","og_image":[{"width":1280,"height":853,"url":"https:\/\/www.dasschoenstekind.de\/news\/images\/children-246847_1280.jpg","type":"image\/jpeg"}],"author":"admin","twitter_card":"summary_large_image","twitter_misc":{"Verfasst von":"admin","Gesch\u00e4tzte Lesezeit":"3\u00a0Minuten"},"schema":{"@context":"https:\/\/schema.org","@graph":[{"@type":"Article","@id":"https:\/\/www.dasschoenstekind.de\/news\/musikspass-balsam-fuer-die-entwicklung-von-kleinkindern\/#article","isPartOf":{"@id":"https:\/\/www.dasschoenstekind.de\/news\/musikspass-balsam-fuer-die-entwicklung-von-kleinkindern\/"},"author":{"name":"admin","@id":"https:\/\/www.dasschoenstekind.de\/news\/#\/schema\/person\/dd1ad54d9a7552706cf9694969b65793"},"headline":"Musikspa\u00df \u00bb Balsam f\u00fcr die Entwicklung von Kleinkindern","datePublished":"2018-02-22T10:09:41+00:00","dateModified":"2023-06-06T11:44:49+00:00","mainEntityOfPage":{"@id":"https:\/\/www.dasschoenstekind.de\/news\/musikspass-balsam-fuer-die-entwicklung-von-kleinkindern\/"},"wordCount":664,"image":{"@id":"https:\/\/www.dasschoenstekind.de\/news\/musikspass-balsam-fuer-die-entwicklung-von-kleinkindern\/#primaryimage"},"thumbnailUrl":"https:\/\/www.dasschoenstekind.de\/news\/images\/children-246847_1280.jpg","inLanguage":"de"},{"@type":"WebPage","@id":"https:\/\/www.dasschoenstekind.de\/news\/musikspass-balsam-fuer-die-entwicklung-von-kleinkindern\/","url":"https:\/\/www.dasschoenstekind.de\/news\/musikspass-balsam-fuer-die-entwicklung-von-kleinkindern\/","name":"Musikspa\u00df \u00bb Balsam f\u00fcr die Entwicklung von Kleinkindern","isPartOf":{"@id":"https:\/\/www.dasschoenstekind.de\/news\/#website"},"primaryImageOfPage":{"@id":"https:\/\/www.dasschoenstekind.de\/news\/musikspass-balsam-fuer-die-entwicklung-von-kleinkindern\/#primaryimage"},"image":{"@id":"https:\/\/www.dasschoenstekind.de\/news\/musikspass-balsam-fuer-die-entwicklung-von-kleinkindern\/#primaryimage"},"thumbnailUrl":"https:\/\/www.dasschoenstekind.de\/news\/images\/children-246847_1280.jpg","datePublished":"2018-02-22T10:09:41+00:00","dateModified":"2023-06-06T11:44:49+00:00","author":{"@id":"https:\/\/www.dasschoenstekind.de\/news\/#\/schema\/person\/dd1ad54d9a7552706cf9694969b65793"},"description":"\u201eMusikwiese\u201c ist ein Kursangebot der Musikschule Romaneum f\u00fcr Kinder zwischen eineinhalb und vier Jahren. mehr Informationen hier zu lesen.","breadcrumb":{"@id":"https:\/\/www.dasschoenstekind.de\/news\/musikspass-balsam-fuer-die-entwicklung-von-kleinkindern\/#breadcrumb"},"inLanguage":"de","potentialAction":[{"@type":"ReadAction","target":["https:\/\/www.dasschoenstekind.de\/news\/musikspass-balsam-fuer-die-entwicklung-von-kleinkindern\/"]}]},{"@type":"ImageObject","inLanguage":"de","@id":"https:\/\/www.dasschoenstekind.de\/news\/musikspass-balsam-fuer-die-entwicklung-von-kleinkindern\/#primaryimage","url":"https:\/\/www.dasschoenstekind.de\/news\/images\/children-246847_1280.jpg","contentUrl":"https:\/\/www.dasschoenstekind.de\/news\/images\/children-246847_1280.jpg","width":1280,"height":853,"caption":"musikschule"},{"@type":"BreadcrumbList","@id":"https:\/\/www.dasschoenstekind.de\/news\/musikspass-balsam-fuer-die-entwicklung-von-kleinkindern\/#breadcrumb","itemListElement":[{"@type":"ListItem","position":1,"name":"Startseite","item":"https:\/\/www.dasschoenstekind.de\/news\/"},{"@type":"ListItem","position":2,"name":"Musikspa\u00df \u00bb Balsam f\u00fcr die Entwicklung von Kleinkindern"}]},{"@type":"WebSite","@id":"https:\/\/www.dasschoenstekind.de\/news\/#website","url":"https:\/\/www.dasschoenstekind.de\/news\/","name":"Rammstein News","description":"Eine weitere WordPress-Website","potentialAction":[{"@type":"SearchAction","target":{"@type":"EntryPoint","urlTemplate":"https:\/\/www.dasschoenstekind.de\/news\/?s={search_term_string}"},"query-input":{"@type":"PropertyValueSpecification","valueRequired":true,"valueName":"search_term_string"}}],"inLanguage":"de"},{"@type":"Person","@id":"https:\/\/www.dasschoenstekind.de\/news\/#\/schema\/person\/dd1ad54d9a7552706cf9694969b65793","name":"admin","image":{"@type":"ImageObject","inLanguage":"de","@id":"https:\/\/secure.gravatar.com\/avatar\/c86a06baa38045c6b53e2c395991625853e062e9ce6e363321311c42ffe8e2f8?s=96&d=mm&r=g","url":"https:\/\/secure.gravatar.com\/avatar\/c86a06baa38045c6b53e2c395991625853e062e9ce6e363321311c42ffe8e2f8?s=96&d=mm&r=g","contentUrl":"https:\/\/secure.gravatar.com\/avatar\/c86a06baa38045c6b53e2c395991625853e062e9ce6e363321311c42ffe8e2f8?s=96&d=mm&r=g","caption":"admin"},"url":"https:\/\/www.dasschoenstekind.de\/news\/author\/admin\/"}]}},"_links":{"self":[{"href":"https:\/\/www.dasschoenstekind.de\/news\/wp-json\/wp\/v2\/posts\/15","targetHints":{"allow":["GET"]}}],"collection":[{"href":"https:\/\/www.dasschoenstekind.de\/news\/wp-json\/wp\/v2\/posts"}],"about":[{"href":"https:\/\/www.dasschoenstekind.de\/news\/wp-json\/wp\/v2\/types\/post"}],"author":[{"embeddable":true,"href":"https:\/\/www.dasschoenstekind.de\/news\/wp-json\/wp\/v2\/users\/1"}],"replies":[{"embeddable":true,"href":"https:\/\/www.dasschoenstekind.de\/news\/wp-json\/wp\/v2\/comments?post=15"}],"version-history":[{"count":5,"href":"https:\/\/www.dasschoenstekind.de\/news\/wp-json\/wp\/v2\/posts\/15\/revisions"}],"predecessor-version":[{"id":190,"href":"https:\/\/www.dasschoenstekind.de\/news\/wp-json\/wp\/v2\/posts\/15\/revisions\/190"}],"wp:featuredmedia":[{"embeddable":true,"href":"https:\/\/www.dasschoenstekind.de\/news\/wp-json\/wp\/v2\/media\/18"}],"wp:attachment":[{"href":"https:\/\/www.dasschoenstekind.de\/news\/wp-json\/wp\/v2\/media?parent=15"}],"wp:term":[{"taxonomy":"category","embeddable":true,"href":"https:\/\/www.dasschoenstekind.de\/news\/wp-json\/wp\/v2\/categories?post=15"},{"taxonomy":"post_tag","embeddable":true,"href":"https:\/\/www.dasschoenstekind.de\/news\/wp-json\/wp\/v2\/tags?post=15"}],"curies":[{"name":"wp","href":"https:\/\/api.w.org\/{rel}","templated":true}]}}