{"id":1536,"date":"2023-12-06T13:13:38","date_gmt":"2023-12-06T12:13:38","guid":{"rendered":"https:\/\/www.dasschoenstekind.de\/news\/?p=1536"},"modified":"2023-12-06T13:15:09","modified_gmt":"2023-12-06T12:15:09","slug":"erwin-und-edwin","status":"publish","type":"post","link":"https:\/\/www.dasschoenstekind.de\/news\/erwin-und-edwin\/","title":{"rendered":"Erwin und Edwin: \u00d6sterreich vereint Blasmusik mit elektronischen Beats"},"content":{"rendered":"<p>Erwin und Edwin, ein innovatives Musikerkollektiv aus Wien, haben sich der Verschmelzung von Blasmusik und elektronischen Beats verschrieben. Ihre Musik, eine kreative Mischung aus Tradition und Moderne, begeistert ein breites Publikum. Die Bandmitglieder, aus verschiedenen Teilen \u00d6sterreichs stammend, fanden in der Hauptstadt zusammen. Dort kreierten sie ihren unverwechselbaren Stil, der die Musikwelt bereichert.<\/p>\n<p>In ihrer Musik verbinden sie gekonnt die W\u00e4rme der Blasinstrumente mit der Dynamik elektronischer Rhythmen. Diese einzigartige Kombination schafft eine Atmosph\u00e4re, die zum Tanzen einl\u00e4dt und gleichzeitig tief ber\u00fchrt. Mit Trompete, Schlagzeug und Turntables erzeugen sie Kl\u00e4nge, die sowohl traditionelle als auch moderne Elemente enthalten. Ihre Live Auftritte sind ein wahres Erlebnis, bei dem die Energie der Band und die Begeisterung des Publikums verschmelzen.<\/p>\n<p>Erwin und Edwin stehen f\u00fcr eine Musik, die Grenzen \u00fcberschreitet und Generationen verbindet. Ihre Leidenschaft f\u00fcr Experimente und Innovation macht sie zu Pionieren in der Musikszene. Mit jedem Auftritt und jeder Ver\u00f6ffentlichung setzen sie neue Ma\u00dfst\u00e4be und inspirieren andere K\u00fcnstler. Ihre Musik ist nicht nur Unterhaltung, sondern auch ein Ausdruck kultureller Vielfalt und kreativer Freiheit.<\/p>\n<h2>Die Anf\u00e4nge und der Durchbruch<\/h2>\n<p><img decoding=\"async\" src=\"https:\/\/www.dasschoenstekind.de\/news\/images\/anfaenge-durchbruch.jpg\" alt=\"Die Anf\u00e4nge und der Durchbruch\" width=\"330\" class=\"alignright size-full wp-image-1543\" srcset=\"https:\/\/www.dasschoenstekind.de\/news\/images\/anfaenge-durchbruch.jpg 330w, https:\/\/www.dasschoenstekind.de\/news\/images\/anfaenge-durchbruch-300x198.jpg 300w, https:\/\/www.dasschoenstekind.de\/news\/images\/anfaenge-durchbruch-225x150.jpg 225w\" sizes=\"(max-width: 330px) 100vw, 330px\" \/>Erwin und Edwin starteten ihre musikalische Reise mit einer Vision, die sie bald in die Realit\u00e4t umsetzten. Anfangs erregten sie Aufmerksamkeit mit bassgeladenen Edits und Remixes. Diese ersten Schritte zeigten bereits ihr Talent und ihre Innovationskraft. Bald darauf folgten eigene Tracks, die ihre F\u00e4higkeiten als Musiker und Produzenten unter Beweis stellten.<\/p>\n<p>Ihr Durchbruch kam mit der EP \u201eKobra\u201c. Dieses Werk markierte einen Wendepunkt in ihrer Karriere und brachte ihnen Anerkennung in der Szene. Der Erfolg dieser EP war ein klares Zeichen ihres Potenzials und ihrer Kreativit\u00e4t. Mit ihrem ersten gro\u00dfen Erfolg auf iTunes, wo sie die Spitze der \u00f6sterreichischen Electronic Charts erreichten, festigten sie ihren Platz in der Musikwelt.<\/p>\n<p>Diese Anfangserfolge legten den Grundstein f\u00fcr ihre weitere Entwicklung. Sie bewiesen, dass Erwin und Edwin nicht nur f\u00e4hige Musiker, sondern auch vision\u00e4re K\u00fcnstler sind. Ihr Aufstieg in der Musikszene ist ein Beleg f\u00fcr ihre Hingabe und ihren unerm\u00fcdlichen Einsatz, neue musikalische Horizonte zu erkunden.<\/p>\n<h2>Erwin und Edwin Live Auftritte: Ein Erlebnis<\/h2>\n<p>Erwin und Edwin verwandeln jede B\u00fchne in ein pulsierendes Energiezentrum. Ihre <a href=\"https:\/\/www.erwinundedwin.com\/dates\/\" rel=\"nofollow noreferrer noopener\" target=\"_blank\">Live Auftritte<\/a> sind bekannt f\u00fcr die mitrei\u00dfende Atmosph\u00e4re, die sie erschaffen. Mit Trompete, Gitarre, Schlagzeug und Turntables entfesseln sie eine musikalische Kraft, die das Publikum in ihren Bann zieht. Jeder Auftritt ist einzigartig, gepr\u00e4gt von Spontanit\u00e4t und musikalischem Feingef\u00fchl.<\/p>\n<p><iframe loading=\"lazy\" width=\"100%\" height=\"400\" src=\"https:\/\/www.youtube-nocookie.com\/embed\/lzhL40mo_KM\" frameborder=\"0\" allow=\"accelerometer; autoplay; clipboard-write; encrypted-media; gyroscope; picture-in-picture; web-share\" allowfullscreen><\/iframe><\/p>\n<p>Die Bandmitglieder interagieren lebhaft mit den Zuschauern, was die Konzerte zu einem interaktiven Erlebnis macht. Ihre Energie \u00fcbertr\u00e4gt sich nahtlos auf das Publikum, das oft bis zum letzten Ton tanzt und feiert. Diese Konzerte sind mehr als nur Musikdarbietungen; sie sind Feiern des Lebens und der Freude.<\/p>\n<p>Bei ihren Auftritten zeigen Erwin und Edwin, wie sie <a href=\"https:\/\/www.planet-wissen.de\/kultur\/musik\/index.html\" rel=\"nofollow noopener noreferrer\" target=\"_blank\" title=\"traditionelle Musikstile\">traditionelle Musikstile<\/a> mit modernen Beats verschmelzen. Diese Kombination sorgt f\u00fcr eine explosive Mischung, die in Erinnerung bleibt. Ihre Live Shows sind ein Beweis f\u00fcr ihre musikalische Vielseitigkeit und ihre F\u00e4higkeit, Menschen unterschiedlichster Hintergr\u00fcnde zu vereinen. In der Welt der Live Musik haben sie sich damit einen Namen gemacht.<\/p>\n<h2>Die Vision und die Zukunft<\/h2>\n<p>Erwin und Edwin blicken mit einer klaren Vision in die Zukunft. Ihr Ziel ist es, die Grenzen der Musik weiter zu erweitern und ihr Publikum stets aufs Neue zu begeistern. Sie planen, ihre einzigartige Mischung aus elektronischen Beats und Blasmusik weiterzuentwickeln. Dabei setzen sie auf Innovation und Kreativit\u00e4t.<\/p>\n<p>Die Band hat sich vorgenommen, in den kommenden Jahren mehr Konzerte zu geben und ihre musikalische Pr\u00e4senz zu verst\u00e4rken. Neue Tracks und vielleicht sogar Alben stehen auf dem Plan, um die musikalische Reise fortzusetzen. Diese neuen Werke sollen die Vielfalt und Tiefe ihres Talents zeigen.<\/p>\n<p>Erwin und Edwin sind entschlossen, ihre musikalische Botschaft einem noch breiteren Publikum zug\u00e4nglich zu machen. Sie m\u00f6chten Menschen aller Altersgruppen und Hintergr\u00fcnde erreichen und verbinden. Ihre Vision f\u00fcr die Zukunft ist nicht nur eine Fortsetzung ihrer bisherigen Erfolge, sondern auch ein Streben nach neuen musikalischen H\u00f6hepunkten. Mit ihrer Leidenschaft und ihrem Engagement sind sie bereit, <a href=\"https:\/\/www.dasschoenstekind.de\/news\/\" title=\"die Musikwelt\">die Musikwelt<\/a> weiterhin zu bereichern und zu inspirieren.<\/p>\n<h2>Diskografie von Erwin und Edwin<\/h2>\n<p>Erwin und Edwin, bekannt f\u00fcr ihre einzigartige Mischung aus elektronischer Musik und Blasmusik, haben im Laufe ihrer Karriere mehrere bemerkenswerte Alben ver\u00f6ffentlicht. Ihre Diskografie umfasst:<\/p>\n<ul>\n<li><strong>Messing (2016)<\/strong>: Dieses Album wurde unter dem Label MoD Music ver\u00f6ffentlicht und tr\u00e4gt die Katalognummer MOD 031602. Es zeigt die Vielseitigkeit der Band und ihre F\u00e4higkeit, verschiedene Musikstile zu integrieren.<\/li>\n<li><strong>Power (2019)<\/strong>: Ver\u00f6ffentlicht unter dem Label OMdrom Music, ist dieses Album in zwei Versionen erh\u00e4ltlich. Es markiert eine Weiterentwicklung ihres einzigartigen Sounds und festigt ihren Platz in der Musikszene.<\/li>\n<\/ul>\n<p><iframe loading=\"lazy\" width=\"100%\" height=\"400\" src=\"https:\/\/www.youtube-nocookie.com\/embed\/P_SJU97Pg4w\" frameborder=\"0\" allow=\"accelerometer; autoplay; clipboard-write; encrypted-media; gyroscope; picture-in-picture; web-share\" allowfullscreen><\/iframe><\/p>\n<p>Diese Alben spiegeln die kreative Reise von Erwin und Edwin wider und zeigen ihre Entwicklung als Musiker. Mit ihrer innovativen Herangehensweise an <a href=\"https:\/\/www.dasschoenstekind.de\/news\/rammstein-live-acts\/\">Musik und Performance<\/a> haben sie sich einen Namen in der \u00f6sterreichischen und internationalen Musikszene gemacht.<\/p>\n","protected":false},"excerpt":{"rendered":"<p>Erwin und Edwin, ein \u00f6sterreichisches Musikerkollektiv, vereinen elektronische Beats mit Blasmusik zu einem einzigartigen Sound. Ihre energiegeladenen Live Auftritte und kreative Diskografie spiegeln eine faszinierende Fusion aus Tradition und Moderne wider. Die Band steht f\u00fcr musikalische Innovation und hat sich mit ihrer einzigartigen Mischung in der Musikszene einen Namen gemacht.<\/p>\n","protected":false},"author":1,"featured_media":1541,"comment_status":"closed","ping_status":"closed","sticky":false,"template":"","format":"standard","meta":{"_acf_changed":false,"footnotes":""},"categories":[1],"tags":[],"class_list":["post-1536","post","type-post","status-publish","format-standard","has-post-thumbnail","hentry","category-allgemein"],"acf":[],"yoast_head":"<!-- This site is optimized with the Yoast SEO Premium plugin v25.9 (Yoast SEO v27.2) - https:\/\/yoast.com\/product\/yoast-seo-premium-wordpress\/ -->\n<title>Erwin und Edwin: Blasmusik vereint mit elektronischen Beats<\/title>\n<meta name=\"description\" content=\"Erwin und Edwin: \u00d6sterreichisches Kollektiv, das mit seiner Fusion aus Blasmusik und elektronischen Rhythmen die Musikszene bereichert.\" \/>\n<meta name=\"robots\" content=\"index, follow, max-snippet:-1, max-image-preview:large, max-video-preview:-1\" \/>\n<link rel=\"canonical\" href=\"https:\/\/www.dasschoenstekind.de\/news\/erwin-und-edwin\/\" \/>\n<meta property=\"og:locale\" content=\"de_DE\" \/>\n<meta property=\"og:type\" content=\"article\" \/>\n<meta property=\"og:title\" content=\"Erwin und Edwin: \u00d6sterreich vereint Blasmusik mit elektronischen Beats\" \/>\n<meta property=\"og:description\" content=\"Erwin und Edwin: \u00d6sterreichisches Kollektiv, das mit seiner Fusion aus Blasmusik und elektronischen Rhythmen die Musikszene bereichert.\" \/>\n<meta property=\"og:url\" content=\"https:\/\/www.dasschoenstekind.de\/news\/erwin-und-edwin\/\" \/>\n<meta property=\"og:site_name\" content=\"Rammstein News\" \/>\n<meta property=\"article:published_time\" content=\"2023-12-06T12:13:38+00:00\" \/>\n<meta property=\"article:modified_time\" content=\"2023-12-06T12:15:09+00:00\" \/>\n<meta property=\"og:image\" content=\"https:\/\/www.dasschoenstekind.de\/news\/images\/erwinandedwin.jpg\" \/>\n\t<meta property=\"og:image:width\" content=\"753\" \/>\n\t<meta property=\"og:image:height\" content=\"500\" \/>\n\t<meta property=\"og:image:type\" content=\"image\/jpeg\" \/>\n<meta name=\"author\" content=\"admin\" \/>\n<meta name=\"twitter:card\" content=\"summary_large_image\" \/>\n<meta name=\"twitter:label1\" content=\"Verfasst von\" \/>\n\t<meta name=\"twitter:data1\" content=\"admin\" \/>\n\t<meta name=\"twitter:label2\" content=\"Gesch\u00e4tzte Lesezeit\" \/>\n\t<meta name=\"twitter:data2\" content=\"5\u00a0Minuten\" \/>\n<script type=\"application\/ld+json\" class=\"yoast-schema-graph\">{\"@context\":\"https:\/\/schema.org\",\"@graph\":[{\"@type\":\"Article\",\"@id\":\"https:\/\/www.dasschoenstekind.de\/news\/erwin-und-edwin\/#article\",\"isPartOf\":{\"@id\":\"https:\/\/www.dasschoenstekind.de\/news\/erwin-und-edwin\/\"},\"author\":{\"name\":\"admin\",\"@id\":\"https:\/\/www.dasschoenstekind.de\/news\/#\/schema\/person\/dd1ad54d9a7552706cf9694969b65793\"},\"headline\":\"Erwin und Edwin: \u00d6sterreich vereint Blasmusik mit elektronischen Beats\",\"datePublished\":\"2023-12-06T12:13:38+00:00\",\"dateModified\":\"2023-12-06T12:15:09+00:00\",\"mainEntityOfPage\":{\"@id\":\"https:\/\/www.dasschoenstekind.de\/news\/erwin-und-edwin\/\"},\"wordCount\":833,\"image\":{\"@id\":\"https:\/\/www.dasschoenstekind.de\/news\/erwin-und-edwin\/#primaryimage\"},\"thumbnailUrl\":\"https:\/\/www.dasschoenstekind.de\/news\/images\/erwinandedwin.jpg\",\"inLanguage\":\"de\"},{\"@type\":\"WebPage\",\"@id\":\"https:\/\/www.dasschoenstekind.de\/news\/erwin-und-edwin\/\",\"url\":\"https:\/\/www.dasschoenstekind.de\/news\/erwin-und-edwin\/\",\"name\":\"Erwin und Edwin: Blasmusik vereint mit elektronischen Beats\",\"isPartOf\":{\"@id\":\"https:\/\/www.dasschoenstekind.de\/news\/#website\"},\"primaryImageOfPage\":{\"@id\":\"https:\/\/www.dasschoenstekind.de\/news\/erwin-und-edwin\/#primaryimage\"},\"image\":{\"@id\":\"https:\/\/www.dasschoenstekind.de\/news\/erwin-und-edwin\/#primaryimage\"},\"thumbnailUrl\":\"https:\/\/www.dasschoenstekind.de\/news\/images\/erwinandedwin.jpg\",\"datePublished\":\"2023-12-06T12:13:38+00:00\",\"dateModified\":\"2023-12-06T12:15:09+00:00\",\"author\":{\"@id\":\"https:\/\/www.dasschoenstekind.de\/news\/#\/schema\/person\/dd1ad54d9a7552706cf9694969b65793\"},\"description\":\"Erwin und Edwin: \u00d6sterreichisches Kollektiv, das mit seiner Fusion aus Blasmusik und elektronischen Rhythmen die Musikszene bereichert.\",\"breadcrumb\":{\"@id\":\"https:\/\/www.dasschoenstekind.de\/news\/erwin-und-edwin\/#breadcrumb\"},\"inLanguage\":\"de\",\"potentialAction\":[{\"@type\":\"ReadAction\",\"target\":[\"https:\/\/www.dasschoenstekind.de\/news\/erwin-und-edwin\/\"]}]},{\"@type\":\"ImageObject\",\"inLanguage\":\"de\",\"@id\":\"https:\/\/www.dasschoenstekind.de\/news\/erwin-und-edwin\/#primaryimage\",\"url\":\"https:\/\/www.dasschoenstekind.de\/news\/images\/erwinandedwin.jpg\",\"contentUrl\":\"https:\/\/www.dasschoenstekind.de\/news\/images\/erwinandedwin.jpg\",\"width\":753,\"height\":500,\"caption\":\"Erwin und Edwin: \u00d6sterreich vereint Blasmusik mit elektronischen Beats\"},{\"@type\":\"BreadcrumbList\",\"@id\":\"https:\/\/www.dasschoenstekind.de\/news\/erwin-und-edwin\/#breadcrumb\",\"itemListElement\":[{\"@type\":\"ListItem\",\"position\":1,\"name\":\"Startseite\",\"item\":\"https:\/\/www.dasschoenstekind.de\/news\/\"},{\"@type\":\"ListItem\",\"position\":2,\"name\":\"Erwin und Edwin: \u00d6sterreich vereint Blasmusik mit elektronischen Beats\"}]},{\"@type\":\"WebSite\",\"@id\":\"https:\/\/www.dasschoenstekind.de\/news\/#website\",\"url\":\"https:\/\/www.dasschoenstekind.de\/news\/\",\"name\":\"Rammstein News\",\"description\":\"Eine weitere WordPress-Website\",\"potentialAction\":[{\"@type\":\"SearchAction\",\"target\":{\"@type\":\"EntryPoint\",\"urlTemplate\":\"https:\/\/www.dasschoenstekind.de\/news\/?s={search_term_string}\"},\"query-input\":{\"@type\":\"PropertyValueSpecification\",\"valueRequired\":true,\"valueName\":\"search_term_string\"}}],\"inLanguage\":\"de\"},{\"@type\":\"Person\",\"@id\":\"https:\/\/www.dasschoenstekind.de\/news\/#\/schema\/person\/dd1ad54d9a7552706cf9694969b65793\",\"name\":\"admin\",\"image\":{\"@type\":\"ImageObject\",\"inLanguage\":\"de\",\"@id\":\"https:\/\/secure.gravatar.com\/avatar\/c86a06baa38045c6b53e2c395991625853e062e9ce6e363321311c42ffe8e2f8?s=96&d=mm&r=g\",\"url\":\"https:\/\/secure.gravatar.com\/avatar\/c86a06baa38045c6b53e2c395991625853e062e9ce6e363321311c42ffe8e2f8?s=96&d=mm&r=g\",\"contentUrl\":\"https:\/\/secure.gravatar.com\/avatar\/c86a06baa38045c6b53e2c395991625853e062e9ce6e363321311c42ffe8e2f8?s=96&d=mm&r=g\",\"caption\":\"admin\"},\"url\":\"https:\/\/www.dasschoenstekind.de\/news\/author\/admin\/\"}]}<\/script>\n<!-- \/ Yoast SEO Premium plugin. -->","yoast_head_json":{"title":"Erwin und Edwin: Blasmusik vereint mit elektronischen Beats","description":"Erwin und Edwin: \u00d6sterreichisches Kollektiv, das mit seiner Fusion aus Blasmusik und elektronischen Rhythmen die Musikszene bereichert.","robots":{"index":"index","follow":"follow","max-snippet":"max-snippet:-1","max-image-preview":"max-image-preview:large","max-video-preview":"max-video-preview:-1"},"canonical":"https:\/\/www.dasschoenstekind.de\/news\/erwin-und-edwin\/","og_locale":"de_DE","og_type":"article","og_title":"Erwin und Edwin: \u00d6sterreich vereint Blasmusik mit elektronischen Beats","og_description":"Erwin und Edwin: \u00d6sterreichisches Kollektiv, das mit seiner Fusion aus Blasmusik und elektronischen Rhythmen die Musikszene bereichert.","og_url":"https:\/\/www.dasschoenstekind.de\/news\/erwin-und-edwin\/","og_site_name":"Rammstein News","article_published_time":"2023-12-06T12:13:38+00:00","article_modified_time":"2023-12-06T12:15:09+00:00","og_image":[{"width":753,"height":500,"url":"https:\/\/www.dasschoenstekind.de\/news\/images\/erwinandedwin.jpg","type":"image\/jpeg"}],"author":"admin","twitter_card":"summary_large_image","twitter_misc":{"Verfasst von":"admin","Gesch\u00e4tzte Lesezeit":"5\u00a0Minuten"},"schema":{"@context":"https:\/\/schema.org","@graph":[{"@type":"Article","@id":"https:\/\/www.dasschoenstekind.de\/news\/erwin-und-edwin\/#article","isPartOf":{"@id":"https:\/\/www.dasschoenstekind.de\/news\/erwin-und-edwin\/"},"author":{"name":"admin","@id":"https:\/\/www.dasschoenstekind.de\/news\/#\/schema\/person\/dd1ad54d9a7552706cf9694969b65793"},"headline":"Erwin und Edwin: \u00d6sterreich vereint Blasmusik mit elektronischen Beats","datePublished":"2023-12-06T12:13:38+00:00","dateModified":"2023-12-06T12:15:09+00:00","mainEntityOfPage":{"@id":"https:\/\/www.dasschoenstekind.de\/news\/erwin-und-edwin\/"},"wordCount":833,"image":{"@id":"https:\/\/www.dasschoenstekind.de\/news\/erwin-und-edwin\/#primaryimage"},"thumbnailUrl":"https:\/\/www.dasschoenstekind.de\/news\/images\/erwinandedwin.jpg","inLanguage":"de"},{"@type":"WebPage","@id":"https:\/\/www.dasschoenstekind.de\/news\/erwin-und-edwin\/","url":"https:\/\/www.dasschoenstekind.de\/news\/erwin-und-edwin\/","name":"Erwin und Edwin: Blasmusik vereint mit elektronischen Beats","isPartOf":{"@id":"https:\/\/www.dasschoenstekind.de\/news\/#website"},"primaryImageOfPage":{"@id":"https:\/\/www.dasschoenstekind.de\/news\/erwin-und-edwin\/#primaryimage"},"image":{"@id":"https:\/\/www.dasschoenstekind.de\/news\/erwin-und-edwin\/#primaryimage"},"thumbnailUrl":"https:\/\/www.dasschoenstekind.de\/news\/images\/erwinandedwin.jpg","datePublished":"2023-12-06T12:13:38+00:00","dateModified":"2023-12-06T12:15:09+00:00","author":{"@id":"https:\/\/www.dasschoenstekind.de\/news\/#\/schema\/person\/dd1ad54d9a7552706cf9694969b65793"},"description":"Erwin und Edwin: \u00d6sterreichisches Kollektiv, das mit seiner Fusion aus Blasmusik und elektronischen Rhythmen die Musikszene bereichert.","breadcrumb":{"@id":"https:\/\/www.dasschoenstekind.de\/news\/erwin-und-edwin\/#breadcrumb"},"inLanguage":"de","potentialAction":[{"@type":"ReadAction","target":["https:\/\/www.dasschoenstekind.de\/news\/erwin-und-edwin\/"]}]},{"@type":"ImageObject","inLanguage":"de","@id":"https:\/\/www.dasschoenstekind.de\/news\/erwin-und-edwin\/#primaryimage","url":"https:\/\/www.dasschoenstekind.de\/news\/images\/erwinandedwin.jpg","contentUrl":"https:\/\/www.dasschoenstekind.de\/news\/images\/erwinandedwin.jpg","width":753,"height":500,"caption":"Erwin und Edwin: \u00d6sterreich vereint Blasmusik mit elektronischen Beats"},{"@type":"BreadcrumbList","@id":"https:\/\/www.dasschoenstekind.de\/news\/erwin-und-edwin\/#breadcrumb","itemListElement":[{"@type":"ListItem","position":1,"name":"Startseite","item":"https:\/\/www.dasschoenstekind.de\/news\/"},{"@type":"ListItem","position":2,"name":"Erwin und Edwin: \u00d6sterreich vereint Blasmusik mit elektronischen Beats"}]},{"@type":"WebSite","@id":"https:\/\/www.dasschoenstekind.de\/news\/#website","url":"https:\/\/www.dasschoenstekind.de\/news\/","name":"Rammstein News","description":"Eine weitere WordPress-Website","potentialAction":[{"@type":"SearchAction","target":{"@type":"EntryPoint","urlTemplate":"https:\/\/www.dasschoenstekind.de\/news\/?s={search_term_string}"},"query-input":{"@type":"PropertyValueSpecification","valueRequired":true,"valueName":"search_term_string"}}],"inLanguage":"de"},{"@type":"Person","@id":"https:\/\/www.dasschoenstekind.de\/news\/#\/schema\/person\/dd1ad54d9a7552706cf9694969b65793","name":"admin","image":{"@type":"ImageObject","inLanguage":"de","@id":"https:\/\/secure.gravatar.com\/avatar\/c86a06baa38045c6b53e2c395991625853e062e9ce6e363321311c42ffe8e2f8?s=96&d=mm&r=g","url":"https:\/\/secure.gravatar.com\/avatar\/c86a06baa38045c6b53e2c395991625853e062e9ce6e363321311c42ffe8e2f8?s=96&d=mm&r=g","contentUrl":"https:\/\/secure.gravatar.com\/avatar\/c86a06baa38045c6b53e2c395991625853e062e9ce6e363321311c42ffe8e2f8?s=96&d=mm&r=g","caption":"admin"},"url":"https:\/\/www.dasschoenstekind.de\/news\/author\/admin\/"}]}},"_links":{"self":[{"href":"https:\/\/www.dasschoenstekind.de\/news\/wp-json\/wp\/v2\/posts\/1536","targetHints":{"allow":["GET"]}}],"collection":[{"href":"https:\/\/www.dasschoenstekind.de\/news\/wp-json\/wp\/v2\/posts"}],"about":[{"href":"https:\/\/www.dasschoenstekind.de\/news\/wp-json\/wp\/v2\/types\/post"}],"author":[{"embeddable":true,"href":"https:\/\/www.dasschoenstekind.de\/news\/wp-json\/wp\/v2\/users\/1"}],"replies":[{"embeddable":true,"href":"https:\/\/www.dasschoenstekind.de\/news\/wp-json\/wp\/v2\/comments?post=1536"}],"version-history":[{"count":9,"href":"https:\/\/www.dasschoenstekind.de\/news\/wp-json\/wp\/v2\/posts\/1536\/revisions"}],"predecessor-version":[{"id":1548,"href":"https:\/\/www.dasschoenstekind.de\/news\/wp-json\/wp\/v2\/posts\/1536\/revisions\/1548"}],"wp:featuredmedia":[{"embeddable":true,"href":"https:\/\/www.dasschoenstekind.de\/news\/wp-json\/wp\/v2\/media\/1541"}],"wp:attachment":[{"href":"https:\/\/www.dasschoenstekind.de\/news\/wp-json\/wp\/v2\/media?parent=1536"}],"wp:term":[{"taxonomy":"category","embeddable":true,"href":"https:\/\/www.dasschoenstekind.de\/news\/wp-json\/wp\/v2\/categories?post=1536"},{"taxonomy":"post_tag","embeddable":true,"href":"https:\/\/www.dasschoenstekind.de\/news\/wp-json\/wp\/v2\/tags?post=1536"}],"curies":[{"name":"wp","href":"https:\/\/api.w.org\/{rel}","templated":true}]}}