{"id":168,"date":"2019-10-17T10:41:51","date_gmt":"2019-10-17T08:41:51","guid":{"rendered":"https:\/\/www.dasschoenstekind.de\/news\/?p=168"},"modified":"2022-08-31T12:07:17","modified_gmt":"2022-08-31T10:07:17","slug":"morgenstern","status":"publish","type":"post","link":"https:\/\/www.dasschoenstekind.de\/news\/morgenstern\/","title":{"rendered":"Morgenstern \u00bb Metal aus Bad Salzungen"},"content":{"rendered":"<p>Die Musik der Band Morgenstern geh\u00f6rt zum Genre des Mittelalter-Metal. Bekannte Vertreter dieser Musikrichtung sind In Extremo und Subway to Sally. Die Lieder der Band sind in deutscher Sprache. <\/p>\n<p>Das Thema der Lieder war weniger das Mittelalter. Sie haben sich lyrisch eher auf universelle oder neuzeitliche Themen beschr\u00e4nkt. Um aber dennoch dem Mittelalter gerecht zu werden, wurde f\u00fcr die Texte eine Textform gew\u00e4hlt, die dem Mittelalter entspricht. Das Album Rausch behandelt im Wesentlichen die beiden Themen Sex und Liebe. <\/p>\n<h2>Geschichte der Metal Band Morgenstern<\/h2>\n<p>Die Morgenstern Band gr\u00fcndete sich am 28.02.1998 in Bad Salzungen (Th\u00fcringen). Die Gr\u00fcndungsmitglieder waren folgende: Gitarre: Jens H\u00fclp\u00fcsch (Spitzname Yenser); Gesang und Schlagzeug: Matthias Ullmann (Spitzname &#8222;Ulli); Gesang, Klarinette, Fl\u00f6te: Susanne Kley; Bass: Steffen Richter.<\/p>\n<p>Im Verlauf des Jahres 1998 kam noch Dirk Necke zur Band hinzu. Er spielte Keyboard und Schalmei. 1999 kam Manuel M\u00f6ckel als zweiter Gittarist <a href=\"https:\/\/www.dasschoenstekind.de\/biografie.htm\">zur Band<\/a>. Er verlie\u00df sie aber schon im Jahr 2000 wieder.<\/p>\n<p>Hexenhammer war dann die erste Demo von Morgenstern. Es erschien am 16.03.1998. Danach hatte die Band einige Auftritte als Vorband von anderen bekannten Mittelalterbands. Die Auftritte beschr\u00e4nkten sich auf den Raum Th\u00fcringen, Hessen und Sachsen. Als zweite Demo erschien 1999 Operie Femina. <\/p>\n<h3>Morgenstern im 2000er Jahrzehnt<\/h3>\n<p>Bei dem in \u00d6sterreich ans\u00e4ssigen Label Napalm Records bekam die Band 1999 den ersten und einzigen Plattenvertrag. Infolgedessen entstand das erste Studioalbum Feuertaufe, dass im Jahr 2000 ver\u00f6ffentlicht wurde.<\/p>\n<p>2001 folgte dann das zweite Album mit dem Titel Heut ist die Rache mein. Das Album wurde nicht mehr mit der urspr\u00fcnglichen Besetzung aufgenommen. Die Besetzung sah hier wie folgt aus: Blasinstrumente: Susanne Kley und Dirk Necke; Bass: J\u00f6rg H\u00fclp\u00fcsch; Gesang: Rico Ihling; Gitarre: Jens H\u00fclp\u00fcsch; Schlagzeug: Matthias Ullmann. In der Szene wurde dieses Album nicht so gut angenommen wie das erste. Ein in der Szene namhaftes Magazin fand, dass Album sei die schlechteste Ver\u00f6ffentlichung des Monats und verlieh dem Album die &#8222;Arschbombe des Monats&#8220;.<\/p>\n<p><iframe loading=\"lazy\" width=\"100%\" height=\"385\" src=\"https:\/\/www.youtube.com\/embed\/kImx42ho6VU\" frameborder=\"0\" allow=\"accelerometer; autoplay; encrypted-media; gyroscope; picture-in-picture\" allowfullscreen><\/iframe><\/p>\n<p>Im Jahr 2002 folgte ein weiteres Album. Es hat den Titel Rausch. Ihr vorletztes Album Fuego produzierte die Band 2004. 2003 hatte die Band einen H\u00f6hepunkt, als sie beim Wave-Gotik-Treffen einen Auftritt hatte. Eine weitere <a href=\"https:\/\/www.dasschoenstekind.de\/news\/queensberry-was-machen-eigentlich-die-girls-von-queensberry\/\">wichtige Station f\u00fcr die Band<\/a> war 2004 die Tour durch Mexiko.<\/p>\n<p>Wie so oft in der Musikszenen kam es in der Folgezeit aber zu pers\u00f6nlichen und musikalischen Unstimmigkeiten. Dies f\u00fchrte schlussendlich dazu, dass einige Mitglieder die Band verlassen haben: Susann Kle, Dirk Necke, Rico Ihling und Matthias Ullmann. Die ausgeschiedenen Bandmitglieder gr\u00fcndeten stattdessen eine eigene Band mit dem Namen Solar Plexus.<\/p>\n<p>Gr\u00fcndungsmitglied Jens H\u00fclp\u00fcsch wollte die Band aber nicht aufgeben. Zusammen mit seinem Bruder J\u00f6rg H\u00fclp\u00fcsch versuchte er die Band komplett neu zu formieren. Ab 2005 bestand die Band dann aus den folgenden Mitgliedern: J\u00f6rg H\u00fclp\u00fcsch; Jens H\u00fclp\u00fcsch; Schlagzeug: Karsten Schwantes; Keyboard: Christiane Vogt; Gitarre und Gesang: Tino Saabel. Es wurde ein neues Album angek\u00fcndigt, aber es ist nie erschienen.<\/p>\n<p>2008 gab es erneut \u00c4nderungen in der Besetzung der Band. Die Besetzung von 2005 l\u00f6ste sich auf. Stattdessen fanden sich die Gr\u00fcndungsmitglieder wieder zusammen. Neu war nur Frank Albrecht <a href=\"https:\/\/www.dasschoenstekind.de\/news\/exilia\/\">als Schlagzeuger hinzugekommen<\/a>. In dieser (letzten) Zusammensetzung wurde 2009 das Album &#8222;<strong>Geister<\/strong>&#8220; ver\u00f6ffentlicht.<\/p>\n<h3>Reunion und Band Aufl\u00f6sung<\/h3>\n<p>Die Reunion von 2008 hatte aber schlie\u00dflich doch keinen Bestand und <em>Morgenstern<\/em> l\u00f6ste sich im Jahr 2010 endg\u00fcltig auf. Zwei Jahre danach verstarb das Gr\u00fcndungsmitglied Matthias Ullman bei einem Verkehrsunfall.<\/p>\n<p>Insgesamt l\u00e4sst sich wohl sagen, dass die Band letztlich keinen Bestand hatte, weil es zu viele Wechsel in der Besetzung gab und so keine Kontinuit\u00e4t aufgebaut werden konnte. Au\u00dferdem fehlte ihr ein unverwechselbares Erkennungs-, beziehungsweise Markenzeichen, dass sie zu etwas besonderem machte. Sie konnten sich so nicht gegen\u00fcber den anderen Bands der Szene durchsetzen.<\/p>\n<h2>Morgenstern Diskografie<\/h2>\n<p><strong>(1) Demos<\/strong><\/p>\n<ul>\n<li>Hexenhammer (1998)<\/li>\n<li>Operie Femina (1999)<\/li>\n<\/ul>\n<p><strong>(2) Studioalben<\/strong><\/p>\n<ul>\n<li>Feuertaufe; 2000; Napalm Records<\/li>\n<li>Heute ist die Rache mein; 2001; Napalm Records<\/li>\n<li>Rausch; 2002; Napalm Records<\/li>\n<li>Fuego; 2004; Nampalm Records<\/li>\n<li>Geister; 2009; Eigenproduktion<\/li>\n<\/ul>\n<h2>Lyrics der Band Morgenstern<\/h2>\n<p>Die kompletten Texte der Lieder k\u00f6nnen hier leider aus urheberrechtlichen Gr\u00fcnden nicht ver\u00f6ffentlicht werden. Aus dem Grund kommt im Folgenden die Zusammenfassung von sechs Liedern der Band.<\/p>\n<p><strong>(1) &#8222;Operie Femina&#8220;<\/strong><br \/>\nJemand ist gestorben und es wird der Schmerz dar\u00fcber besungen. &#8211; Der Text bei diesem Lied ist auffallender Weise sehr kurzgehalten.<\/p>\n<p><strong>(2) &#8222;Die Magd des Herrn&#8220; &#8211; aus dem Album Feuertaufe<\/strong><br \/>\nEs geht um eine Magd, die sich ohne ihren Liebsten traurig und einsam f\u00fchlt. Ihr Liebster wurde von den Steuereintreibern des Herren get\u00f6tet.<\/p>\n<p><strong>(3) &#8222;Jerusalem&#8220; &#8211; aus dem Album Feuertaufe<\/strong><br \/>\nEs wird beschrieben, wie jemand zusammen mit anderen Ritter nach Jerusalem kommt, um dort das Grab Jesu anzuschauen und dort zu beten. Dann wird erz\u00e4hlt, dass die Stadt in Schutt und Asche gelegt wird. &#8211; Auch dieser Liedtext ist nicht besonders lang.<\/p>\n<p><strong>(4) &#8222;Heut ist die Rache mein&#8220; &#8211; aus dem Album Heut ist die Rache mein<\/strong><br \/>\nDas Lied handelt davon, dass jemand eine andere Person wieder trifft und sie aus Rache schl\u00e4gt.<\/p>\n<p><strong>(5) &#8222;Sie liebt mich&#8220; &#8211; aus dem Album Rausch<\/strong><br \/>\nEin Mann besingt seine Liebe zu einer Frau. Er ist sich aber nicht sicher, ob seine Gef\u00fchle erwidert werden, oder ob sich die Frau nur \u00fcber ihn lustig macht.<\/p>\n<p><strong>(6) &#8222;Carneval&#8220; &#8211; aus dem Album Fuego<\/strong><br \/>\nEine Frau beschreibt, dass sie von einem Mann, den sie einmal geliebt hat, Gedichte bekommt. Sie will sie aber nicht mehr, da sie ihn nicht mehr mag. Sie liebt ihn nicht mehr, da er ihr sein wahres Gesicht, sein Herz aus Stein gezeigt hat. <\/p>\n<p>Wer einen noch besseren Eindruck zu den Liedern und der Musik der Band bekommen m\u00f6chte, kann auf &#8222;YouTube&#8220; st\u00f6bern. Wen eher die konkreten Texte der Lieder interessieren kann sich auf der folgenden Seite umschauen: <a href=\"https:\/\/genius.com\" title=\"https:\/\/genius.com\" rel=\"noopener nofollow\" target=\"_blank\">https:\/\/genius.com<\/a>.<\/p>\n","protected":false},"excerpt":{"rendered":"<p>Mittelalter-Metal in deutscher Sprache ist typisch f\u00fcr die Band \u201eMorgenstern\u201c. Die Themen der Lieder beschr\u00e4nken sich jedoch auf neuzeitliche Themen, jedoch die Form der Texte wurde an das Thema Mittelalter angepasst. Die Band gr\u00fcndete sich 1998 in Th\u00fcringen und startete als Vorband von bekannten Mittelalterbands bis sie 2001 das erste Studioalbum unter \u00f6sterreichischem Label ver\u00f6ffentlichten.<\/p>\n","protected":false},"author":1,"featured_media":172,"comment_status":"closed","ping_status":"closed","sticky":false,"template":"","format":"standard","meta":{"_acf_changed":false,"footnotes":""},"categories":[1],"tags":[],"class_list":["post-168","post","type-post","status-publish","format-standard","has-post-thumbnail","hentry","category-allgemein"],"acf":[],"yoast_head":"<!-- This site is optimized with the Yoast SEO Premium plugin v25.9 (Yoast SEO v27.2) - https:\/\/yoast.com\/product\/yoast-seo-premium-wordpress\/ -->\n<title>Morgenstern \u00bb Metal aus Bad Salzungen | dasschoenstekind.de<\/title>\n<meta name=\"description\" content=\"Die Band gr\u00fcndete sich 1998 und startete als Vorband von bekannten Mittelalterbands bis 2001 das erste Studioalbum ver\u00f6ffentlicht wurde.\" \/>\n<meta name=\"robots\" content=\"index, follow, max-snippet:-1, max-image-preview:large, max-video-preview:-1\" \/>\n<link rel=\"canonical\" href=\"https:\/\/www.dasschoenstekind.de\/news\/morgenstern\/\" \/>\n<meta property=\"og:locale\" content=\"de_DE\" \/>\n<meta property=\"og:type\" content=\"article\" \/>\n<meta property=\"og:title\" content=\"Morgenstern \u00bb Metal aus Bad Salzungen\" \/>\n<meta property=\"og:description\" content=\"Die Band gr\u00fcndete sich 1998 und startete als Vorband von bekannten Mittelalterbands bis 2001 das erste Studioalbum ver\u00f6ffentlicht wurde.\" \/>\n<meta property=\"og:url\" content=\"https:\/\/www.dasschoenstekind.de\/news\/morgenstern\/\" \/>\n<meta property=\"og:site_name\" content=\"Rammstein News\" \/>\n<meta property=\"article:published_time\" content=\"2019-10-17T08:41:51+00:00\" \/>\n<meta property=\"article:modified_time\" content=\"2022-08-31T10:07:17+00:00\" \/>\n<meta property=\"og:image\" content=\"https:\/\/www.dasschoenstekind.de\/news\/images\/morgenstern-band.jpg\" \/>\n\t<meta property=\"og:image:width\" content=\"753\" \/>\n\t<meta property=\"og:image:height\" content=\"436\" \/>\n\t<meta property=\"og:image:type\" content=\"image\/jpeg\" \/>\n<meta name=\"author\" content=\"admin\" \/>\n<meta name=\"twitter:card\" content=\"summary_large_image\" \/>\n<meta name=\"twitter:label1\" content=\"Verfasst von\" \/>\n\t<meta name=\"twitter:data1\" content=\"admin\" \/>\n\t<meta name=\"twitter:label2\" content=\"Gesch\u00e4tzte Lesezeit\" \/>\n\t<meta name=\"twitter:data2\" content=\"5\u00a0Minuten\" \/>\n<script type=\"application\/ld+json\" class=\"yoast-schema-graph\">{\"@context\":\"https:\/\/schema.org\",\"@graph\":[{\"@type\":\"Article\",\"@id\":\"https:\/\/www.dasschoenstekind.de\/news\/morgenstern\/#article\",\"isPartOf\":{\"@id\":\"https:\/\/www.dasschoenstekind.de\/news\/morgenstern\/\"},\"author\":{\"name\":\"admin\",\"@id\":\"https:\/\/www.dasschoenstekind.de\/news\/#\/schema\/person\/dd1ad54d9a7552706cf9694969b65793\"},\"headline\":\"Morgenstern \u00bb Metal aus Bad Salzungen\",\"datePublished\":\"2019-10-17T08:41:51+00:00\",\"dateModified\":\"2022-08-31T10:07:17+00:00\",\"mainEntityOfPage\":{\"@id\":\"https:\/\/www.dasschoenstekind.de\/news\/morgenstern\/\"},\"wordCount\":960,\"image\":{\"@id\":\"https:\/\/www.dasschoenstekind.de\/news\/morgenstern\/#primaryimage\"},\"thumbnailUrl\":\"https:\/\/www.dasschoenstekind.de\/news\/images\/morgenstern-band.jpg\",\"inLanguage\":\"de\"},{\"@type\":\"WebPage\",\"@id\":\"https:\/\/www.dasschoenstekind.de\/news\/morgenstern\/\",\"url\":\"https:\/\/www.dasschoenstekind.de\/news\/morgenstern\/\",\"name\":\"Morgenstern \u00bb Metal aus Bad Salzungen | dasschoenstekind.de\",\"isPartOf\":{\"@id\":\"https:\/\/www.dasschoenstekind.de\/news\/#website\"},\"primaryImageOfPage\":{\"@id\":\"https:\/\/www.dasschoenstekind.de\/news\/morgenstern\/#primaryimage\"},\"image\":{\"@id\":\"https:\/\/www.dasschoenstekind.de\/news\/morgenstern\/#primaryimage\"},\"thumbnailUrl\":\"https:\/\/www.dasschoenstekind.de\/news\/images\/morgenstern-band.jpg\",\"datePublished\":\"2019-10-17T08:41:51+00:00\",\"dateModified\":\"2022-08-31T10:07:17+00:00\",\"author\":{\"@id\":\"https:\/\/www.dasschoenstekind.de\/news\/#\/schema\/person\/dd1ad54d9a7552706cf9694969b65793\"},\"description\":\"Die Band gr\u00fcndete sich 1998 und startete als Vorband von bekannten Mittelalterbands bis 2001 das erste Studioalbum ver\u00f6ffentlicht wurde.\",\"breadcrumb\":{\"@id\":\"https:\/\/www.dasschoenstekind.de\/news\/morgenstern\/#breadcrumb\"},\"inLanguage\":\"de\",\"potentialAction\":[{\"@type\":\"ReadAction\",\"target\":[\"https:\/\/www.dasschoenstekind.de\/news\/morgenstern\/\"]}]},{\"@type\":\"ImageObject\",\"inLanguage\":\"de\",\"@id\":\"https:\/\/www.dasschoenstekind.de\/news\/morgenstern\/#primaryimage\",\"url\":\"https:\/\/www.dasschoenstekind.de\/news\/images\/morgenstern-band.jpg\",\"contentUrl\":\"https:\/\/www.dasschoenstekind.de\/news\/images\/morgenstern-band.jpg\",\"width\":753,\"height\":436,\"caption\":\"Morgenstern Metal-Band\"},{\"@type\":\"BreadcrumbList\",\"@id\":\"https:\/\/www.dasschoenstekind.de\/news\/morgenstern\/#breadcrumb\",\"itemListElement\":[{\"@type\":\"ListItem\",\"position\":1,\"name\":\"Startseite\",\"item\":\"https:\/\/www.dasschoenstekind.de\/news\/\"},{\"@type\":\"ListItem\",\"position\":2,\"name\":\"Morgenstern \u00bb Metal aus Bad Salzungen\"}]},{\"@type\":\"WebSite\",\"@id\":\"https:\/\/www.dasschoenstekind.de\/news\/#website\",\"url\":\"https:\/\/www.dasschoenstekind.de\/news\/\",\"name\":\"Rammstein News\",\"description\":\"Eine weitere WordPress-Website\",\"potentialAction\":[{\"@type\":\"SearchAction\",\"target\":{\"@type\":\"EntryPoint\",\"urlTemplate\":\"https:\/\/www.dasschoenstekind.de\/news\/?s={search_term_string}\"},\"query-input\":{\"@type\":\"PropertyValueSpecification\",\"valueRequired\":true,\"valueName\":\"search_term_string\"}}],\"inLanguage\":\"de\"},{\"@type\":\"Person\",\"@id\":\"https:\/\/www.dasschoenstekind.de\/news\/#\/schema\/person\/dd1ad54d9a7552706cf9694969b65793\",\"name\":\"admin\",\"image\":{\"@type\":\"ImageObject\",\"inLanguage\":\"de\",\"@id\":\"https:\/\/secure.gravatar.com\/avatar\/c86a06baa38045c6b53e2c395991625853e062e9ce6e363321311c42ffe8e2f8?s=96&d=mm&r=g\",\"url\":\"https:\/\/secure.gravatar.com\/avatar\/c86a06baa38045c6b53e2c395991625853e062e9ce6e363321311c42ffe8e2f8?s=96&d=mm&r=g\",\"contentUrl\":\"https:\/\/secure.gravatar.com\/avatar\/c86a06baa38045c6b53e2c395991625853e062e9ce6e363321311c42ffe8e2f8?s=96&d=mm&r=g\",\"caption\":\"admin\"},\"url\":\"https:\/\/www.dasschoenstekind.de\/news\/author\/admin\/\"}]}<\/script>\n<!-- \/ Yoast SEO Premium plugin. -->","yoast_head_json":{"title":"Morgenstern \u00bb Metal aus Bad Salzungen | dasschoenstekind.de","description":"Die Band gr\u00fcndete sich 1998 und startete als Vorband von bekannten Mittelalterbands bis 2001 das erste Studioalbum ver\u00f6ffentlicht wurde.","robots":{"index":"index","follow":"follow","max-snippet":"max-snippet:-1","max-image-preview":"max-image-preview:large","max-video-preview":"max-video-preview:-1"},"canonical":"https:\/\/www.dasschoenstekind.de\/news\/morgenstern\/","og_locale":"de_DE","og_type":"article","og_title":"Morgenstern \u00bb Metal aus Bad Salzungen","og_description":"Die Band gr\u00fcndete sich 1998 und startete als Vorband von bekannten Mittelalterbands bis 2001 das erste Studioalbum ver\u00f6ffentlicht wurde.","og_url":"https:\/\/www.dasschoenstekind.de\/news\/morgenstern\/","og_site_name":"Rammstein News","article_published_time":"2019-10-17T08:41:51+00:00","article_modified_time":"2022-08-31T10:07:17+00:00","og_image":[{"width":753,"height":436,"url":"https:\/\/www.dasschoenstekind.de\/news\/images\/morgenstern-band.jpg","type":"image\/jpeg"}],"author":"admin","twitter_card":"summary_large_image","twitter_misc":{"Verfasst von":"admin","Gesch\u00e4tzte Lesezeit":"5\u00a0Minuten"},"schema":{"@context":"https:\/\/schema.org","@graph":[{"@type":"Article","@id":"https:\/\/www.dasschoenstekind.de\/news\/morgenstern\/#article","isPartOf":{"@id":"https:\/\/www.dasschoenstekind.de\/news\/morgenstern\/"},"author":{"name":"admin","@id":"https:\/\/www.dasschoenstekind.de\/news\/#\/schema\/person\/dd1ad54d9a7552706cf9694969b65793"},"headline":"Morgenstern \u00bb Metal aus Bad Salzungen","datePublished":"2019-10-17T08:41:51+00:00","dateModified":"2022-08-31T10:07:17+00:00","mainEntityOfPage":{"@id":"https:\/\/www.dasschoenstekind.de\/news\/morgenstern\/"},"wordCount":960,"image":{"@id":"https:\/\/www.dasschoenstekind.de\/news\/morgenstern\/#primaryimage"},"thumbnailUrl":"https:\/\/www.dasschoenstekind.de\/news\/images\/morgenstern-band.jpg","inLanguage":"de"},{"@type":"WebPage","@id":"https:\/\/www.dasschoenstekind.de\/news\/morgenstern\/","url":"https:\/\/www.dasschoenstekind.de\/news\/morgenstern\/","name":"Morgenstern \u00bb Metal aus Bad Salzungen | dasschoenstekind.de","isPartOf":{"@id":"https:\/\/www.dasschoenstekind.de\/news\/#website"},"primaryImageOfPage":{"@id":"https:\/\/www.dasschoenstekind.de\/news\/morgenstern\/#primaryimage"},"image":{"@id":"https:\/\/www.dasschoenstekind.de\/news\/morgenstern\/#primaryimage"},"thumbnailUrl":"https:\/\/www.dasschoenstekind.de\/news\/images\/morgenstern-band.jpg","datePublished":"2019-10-17T08:41:51+00:00","dateModified":"2022-08-31T10:07:17+00:00","author":{"@id":"https:\/\/www.dasschoenstekind.de\/news\/#\/schema\/person\/dd1ad54d9a7552706cf9694969b65793"},"description":"Die Band gr\u00fcndete sich 1998 und startete als Vorband von bekannten Mittelalterbands bis 2001 das erste Studioalbum ver\u00f6ffentlicht wurde.","breadcrumb":{"@id":"https:\/\/www.dasschoenstekind.de\/news\/morgenstern\/#breadcrumb"},"inLanguage":"de","potentialAction":[{"@type":"ReadAction","target":["https:\/\/www.dasschoenstekind.de\/news\/morgenstern\/"]}]},{"@type":"ImageObject","inLanguage":"de","@id":"https:\/\/www.dasschoenstekind.de\/news\/morgenstern\/#primaryimage","url":"https:\/\/www.dasschoenstekind.de\/news\/images\/morgenstern-band.jpg","contentUrl":"https:\/\/www.dasschoenstekind.de\/news\/images\/morgenstern-band.jpg","width":753,"height":436,"caption":"Morgenstern Metal-Band"},{"@type":"BreadcrumbList","@id":"https:\/\/www.dasschoenstekind.de\/news\/morgenstern\/#breadcrumb","itemListElement":[{"@type":"ListItem","position":1,"name":"Startseite","item":"https:\/\/www.dasschoenstekind.de\/news\/"},{"@type":"ListItem","position":2,"name":"Morgenstern \u00bb Metal aus Bad Salzungen"}]},{"@type":"WebSite","@id":"https:\/\/www.dasschoenstekind.de\/news\/#website","url":"https:\/\/www.dasschoenstekind.de\/news\/","name":"Rammstein News","description":"Eine weitere WordPress-Website","potentialAction":[{"@type":"SearchAction","target":{"@type":"EntryPoint","urlTemplate":"https:\/\/www.dasschoenstekind.de\/news\/?s={search_term_string}"},"query-input":{"@type":"PropertyValueSpecification","valueRequired":true,"valueName":"search_term_string"}}],"inLanguage":"de"},{"@type":"Person","@id":"https:\/\/www.dasschoenstekind.de\/news\/#\/schema\/person\/dd1ad54d9a7552706cf9694969b65793","name":"admin","image":{"@type":"ImageObject","inLanguage":"de","@id":"https:\/\/secure.gravatar.com\/avatar\/c86a06baa38045c6b53e2c395991625853e062e9ce6e363321311c42ffe8e2f8?s=96&d=mm&r=g","url":"https:\/\/secure.gravatar.com\/avatar\/c86a06baa38045c6b53e2c395991625853e062e9ce6e363321311c42ffe8e2f8?s=96&d=mm&r=g","contentUrl":"https:\/\/secure.gravatar.com\/avatar\/c86a06baa38045c6b53e2c395991625853e062e9ce6e363321311c42ffe8e2f8?s=96&d=mm&r=g","caption":"admin"},"url":"https:\/\/www.dasschoenstekind.de\/news\/author\/admin\/"}]}},"_links":{"self":[{"href":"https:\/\/www.dasschoenstekind.de\/news\/wp-json\/wp\/v2\/posts\/168","targetHints":{"allow":["GET"]}}],"collection":[{"href":"https:\/\/www.dasschoenstekind.de\/news\/wp-json\/wp\/v2\/posts"}],"about":[{"href":"https:\/\/www.dasschoenstekind.de\/news\/wp-json\/wp\/v2\/types\/post"}],"author":[{"embeddable":true,"href":"https:\/\/www.dasschoenstekind.de\/news\/wp-json\/wp\/v2\/users\/1"}],"replies":[{"embeddable":true,"href":"https:\/\/www.dasschoenstekind.de\/news\/wp-json\/wp\/v2\/comments?post=168"}],"version-history":[{"count":9,"href":"https:\/\/www.dasschoenstekind.de\/news\/wp-json\/wp\/v2\/posts\/168\/revisions"}],"predecessor-version":[{"id":186,"href":"https:\/\/www.dasschoenstekind.de\/news\/wp-json\/wp\/v2\/posts\/168\/revisions\/186"}],"wp:featuredmedia":[{"embeddable":true,"href":"https:\/\/www.dasschoenstekind.de\/news\/wp-json\/wp\/v2\/media\/172"}],"wp:attachment":[{"href":"https:\/\/www.dasschoenstekind.de\/news\/wp-json\/wp\/v2\/media?parent=168"}],"wp:term":[{"taxonomy":"category","embeddable":true,"href":"https:\/\/www.dasschoenstekind.de\/news\/wp-json\/wp\/v2\/categories?post=168"},{"taxonomy":"post_tag","embeddable":true,"href":"https:\/\/www.dasschoenstekind.de\/news\/wp-json\/wp\/v2\/tags?post=168"}],"curies":[{"name":"wp","href":"https:\/\/api.w.org\/{rel}","templated":true}]}}