{"id":1724,"date":"2025-05-15T12:18:48","date_gmt":"2025-05-15T10:18:48","guid":{"rendered":"https:\/\/www.dasschoenstekind.de\/news\/?p=1724"},"modified":"2025-05-15T12:18:48","modified_gmt":"2025-05-15T10:18:48","slug":"trends-kommenden-jahre-musikszene","status":"publish","type":"post","link":"https:\/\/www.dasschoenstekind.de\/news\/trends-kommenden-jahre-musikszene\/","title":{"rendered":"Trends der kommenden Jahre in der Musikszene: Was ist zu erwarten?"},"content":{"rendered":"<p>Die Musikbranche befindet sich permanent im Wandel und offenbart dabei immer neue Facetten. Von spannenden Subkulturen bis hin zu bahnbrechenden Technologien \u2013 es entsteht eine Szenerie, in der traditionelle Grenzen verschwimmen und neue Str\u00f6mungen zum Vorschein kommen. Die Frage nach den langfristigen Entwicklungen besch\u00e4ftigt viele Fachleute ebenso wie Liebhaber extremer Stile und feiner Kl\u00e4nge. In den kommenden Jahren zeichnen sich bereits einige Trends und Tendenzen ab, die auf spannende Weise k\u00fcnstlerisches Schaffen, wirtschaftliche Konzepte und das soziale Miteinander beeinflussen werden.<\/p>\n<h2>Neue Ausdrucksweisen und Stilfusionen<\/h2>\n<p>Die Verschmelzung unterschiedlicher Genres hat l\u00e4ngst begonnen und wird zunehmend eigenwillige Kompositionen hervorbringen. Neben kraftvollen Metal-Elementen und traditionellen Rockstrukturen gelten genre\u00fcbergreifende Kooperationen als Impulsgeber f\u00fcr aufregende Innovationen. Auch Live-Auftritte werden transformiert, da Lichtinstallationen und visuelle Effekte zentrale Rollen \u00fcbernehmen.<\/p>\n<p><iframe loading=\"lazy\" width=\"100%\" height=\"400\" src=\"https:\/\/www.youtube-nocookie.com\/embed\/QtXx3Qubmys\" frameborder=\"0\" allow=\"accelerometer; autoplay; clipboard-write; encrypted-media; gyroscope; picture-in-picture; web-share\" referrerpolicy=\"strict-origin-when-cross-origin\" allowfullscreen><\/iframe><\/p>\n<p>Besonders aufwendige B\u00fchnenproduktionen setzen auf moderne Technologien, um atmosph\u00e4rische Akzente zu schaffen \u2013 etwa durch raffinierte Scheinwerferkonzepte. In diesem Zusammenhang zeigen sich Konzepte, bei denen <a href=\"https:\/\/www.gluehbirne.de\/LED-Einbaustrahler\" rel=\"noreferrer noopener\" target=\"_blank\" title=\"Einbauleuchten LED helfen beim Energie sparen\">Einbauleuchten LED helfen beim Energie sparen<\/a> und zugleich das Ambiente effektvoll pr\u00e4gen.<\/p>\n<h2>Elektronische Klangwelten<\/h2>\n<p>Elektronische Elemente sind l\u00e4ngst fester Bestandteil vieler Bands, die einst klar im Spektrum harter Gitarren verortet waren. Synthesizer und Drum-Computer kreieren sph\u00e4rische Dissonanzen oder tanzbare Bassl\u00e4ufe, wodurch Konzerte eine au\u00dfergew\u00f6hnliche Dynamik gewinnen. Das Ziel ist h\u00e4ufig ein multisensorisches Erlebnis zwischen energetischem Sound und experimenteller Lichtkunst. Die steigende Digitalisierung l\u00e4sst zudem neue, therapeutische Perspektiven entstehen. So reflektiert die Bedeutung von <a href=\"https:\/\/www.udk-berlin.de\/studium\/musiktherapie-master-of-arts\/\" rel=\"noreferrer noopener\" target=\"_blank\" title=\"Musiktherapie\">Musiktherapie<\/a> den Einfluss, den Kl\u00e4nge auf das menschliche Wohlbefinden haben k\u00f6nnen. Auch die rasante Entwicklung der Heavy-Szene illustriert, beispielsweise das Projekt <a href=\"https:\/\/www.dasschoenstekind.de\/news\/hellryder\/\" title=\"Hellryder\">Hellryder<\/a> exzeptionelle Momente schaffen kann, indem harte Riffs mit ungew\u00f6hnlichen Akzenten kombiniert werden.<\/p>\n<h2>Generation Streaming<\/h2>\n<p><img decoding=\"async\" src=\"https:\/\/www.dasschoenstekind.de\/news\/images\/generation-streaming.jpg\" alt=\"Generation Streaming\" width=\"260\" class=\"alignleft size-full wp-image-1736\" srcset=\"https:\/\/www.dasschoenstekind.de\/news\/images\/generation-streaming.jpg 600w, https:\/\/www.dasschoenstekind.de\/news\/images\/generation-streaming-300x200.jpg 300w, https:\/\/www.dasschoenstekind.de\/news\/images\/generation-streaming-225x150.jpg 225w\" sizes=\"(max-width: 600px) 100vw, 600px\" \/>In einer Welt, in der digitaler Konsum dominanter wird, gen\u00fcgt es nicht, ein Album blo\u00df physisch zu ver\u00f6ffentlichen. Die j\u00fcngere Generation setzt verst\u00e4rkt auf Streaming-Plattformen, um Musik schnell und unkompliziert zu entdecken. Gleichzeitig formieren sich Online-Communities, in denen sich Fans austauschen und ihr Gef\u00fchl von Zugeh\u00f6rigkeit kultivieren.<\/p>\n<p>Dabei entstehen neue Denkans\u00e4tze, wenn es um die eigene kulturelle Pr\u00e4gung geht. Auch die Diskussion um <a href=\"https:\/\/blogs.fu-berlin.de\/fkfkollektiv\/glossary\/kulturelle-identitaet-stuart-hall\/\" rel=\"noreferrer noopener\" target=\"_blank\" title=\"kulturelle Identit\u00e4t\">kulturelle Identit\u00e4t<\/a> wird intensiver gef\u00fchrt, da Musik als wichtiges Medium f\u00fcr Ausdruck und Abgrenzung fungiert. Live-Streams und virtuelle Meet-and-Greets er\u00f6ffnen Alternativen zum klassischen Konzertbesuch und erleichtern interkontinentale Kollaborationen.<\/p>\n<h2>Initiativenals Trends f\u00fcr Zukunftskultur<\/h2>\n<p>Viele K\u00fcnstlerinnen und K\u00fcnstler streben neue Wege an, um ihre Arbeit zu pr\u00e4sentieren und gleichzeitig Gemeinschaftsgef\u00fchl zu st\u00e4rken. Hierbei spielt eine enge Interaktion mit dem Publikum eine Schl\u00fcsselrolle. Nicht nur Konzerte in kleinen Clubs, sondern auch musikalische Auff\u00fchrungen an ungew\u00f6hnlichen Orten, wie verlassenen Fabrikhallen oder historischen Theatern, erzeugen Aufsehen. Oft wird ein Rahmen geschaffen, in dem verschiedene Kunstrichtungen aufeinandertreffen, damit kreative Vielfalt sp\u00fcrbar bleibt. Die folgenden Punkte beleuchten nachhaltige Entwicklungen in diesem Feld:<\/p>\n<ol>\n<li>Vernetzungen zwischen Nachwuchsbands und etablierten Acts<\/li>\n<li>Kooperationen mit K\u00fcnstlern anderer Branchen (Tanz, Theater, Malerei)<\/li>\n<li>Zus\u00e4tzliche Workshops und Diskussionsforen rund um kulturelle Themen<\/li>\n<\/ol>\n<h2>Selbstvermarktung und DIY-Wege<\/h2>\n<p><img decoding=\"async\" src=\"https:\/\/www.dasschoenstekind.de\/news\/images\/selbstvermarktung-diy-wege.jpg\" alt=\"Selbstvermarktung und DIY-Wege\" width=\"260\" class=\"alignright size-full wp-image-1738\" srcset=\"https:\/\/www.dasschoenstekind.de\/news\/images\/selbstvermarktung-diy-wege.jpg 600w, https:\/\/www.dasschoenstekind.de\/news\/images\/selbstvermarktung-diy-wege-300x200.jpg 300w, https:\/\/www.dasschoenstekind.de\/news\/images\/selbstvermarktung-diy-wege-225x150.jpg 225w\" sizes=\"(max-width: 600px) 100vw, 600px\" \/>W\u00e4hrend das etablierte Musikbusiness weiterhin wichtige Funktionen \u00fcbernimmt, steigt das Interesse an unabh\u00e4ngigen Strukturen, die Betroffenen mehr Freiheiten einr\u00e4umen. Crowdfunding-Plattformen erm\u00f6glichen es, Alben und Konzerte direkt mit Unterst\u00fctzung einer engagierten Fangemeinde zu realisieren. Labels werden teils umgangen, um Rechte und Einnahmen selbst zu verwalten.<\/p>\n<p>Auch Netzwerkveranstaltungen und Online-Plattformen erweisen sich als wegweisend, wenn es darum geht, Kooperationspartner zu finden und unkonventionelle Produktionsm\u00f6glichkeiten auszuloten. Damit wird ein Fundament geschaffen, das Kreativit\u00e4t und k\u00fcnstlerische Selbstbestimmung f\u00f6rdert.<\/p>\n<p><img decoding=\"async\" src=\"https:\/\/www.dasschoenstekind.de\/news\/images\/fazit.jpg\" alt=\"Selbstvermarktung und DIY-Wege\" width=\"120\" class=\"alignleft size-full wp-image-1616\" srcset=\"https:\/\/www.dasschoenstekind.de\/news\/images\/fazit.jpg 150w, https:\/\/www.dasschoenstekind.de\/news\/images\/fazit-120x120.jpg 120w\" sizes=\"(max-width: 150px) 100vw, 150px\" \/>Die vorgestellten Trends stehen f\u00fcr einen Wandel hin zu mehr Eigenverantwortung, interdisziplin\u00e4ren Partnerschaften und wachsender Offenheit gegen\u00fcber technischen Neuerungen. Es zeigt sich, dass genre\u00fcbergreifende Projekte und digitale Plattformen zu einer umfassenden Transformation der Musikszene beitragen. Ein engagiertes Publikum, das experimentelle Klanglandschaften genauso sch\u00e4tzt wie etablierte Klassiker, bildet den N\u00e4hrboden f\u00fcr anhaltende Entwicklung. Die kommenden Jahre versprechen impulsive Ideen, die nicht nur musikalische Ausdrucksformen, sondern auch gesellschaftliche Perspektiven ma\u00dfgeblich beeinflussen werden.<\/p>\n","protected":false},"excerpt":{"rendered":"<p>Die Musikszene befindet sich in einem dynamischen Wandel, der Genregrenzen aufl\u00f6st und neue kreative R\u00e4ume \u00f6ffnet. Technologische Innovationen, kulturelle Trends und digitale Plattformen pr\u00e4gen das musikalische Schaffen von morgen. Welche Entwicklungen k\u00f6nnten dabei die Art, Musik zu erleben, dauerhaft ver\u00e4ndern?<\/p>\n","protected":false},"author":1,"featured_media":1731,"comment_status":"closed","ping_status":"closed","sticky":false,"template":"","format":"standard","meta":{"_acf_changed":false,"footnotes":""},"categories":[1],"tags":[],"class_list":["post-1724","post","type-post","status-publish","format-standard","has-post-thumbnail","hentry","category-allgemein"],"acf":[],"yoast_head":"<!-- This site is optimized with the Yoast SEO Premium plugin v25.9 (Yoast SEO v27.2) - https:\/\/yoast.com\/product\/yoast-seo-premium-wordpress\/ -->\n<title>Musik im Wandel: Technologien, Trends und kreative Freiheiten<\/title>\n<meta name=\"description\" content=\"Die Musikszene wandelt sich rasant: Technologische Trends, neue Ausdrucksformen und digitale Plattformen er\u00f6ffnen vielf\u00e4ltige M\u00f6glichkeiten.\" \/>\n<meta name=\"robots\" content=\"index, follow, max-snippet:-1, max-image-preview:large, max-video-preview:-1\" \/>\n<link rel=\"canonical\" href=\"https:\/\/www.dasschoenstekind.de\/news\/trends-kommenden-jahre-musikszene\/\" \/>\n<meta property=\"og:locale\" content=\"de_DE\" \/>\n<meta property=\"og:type\" content=\"article\" \/>\n<meta property=\"og:title\" content=\"Trends der kommenden Jahre in der Musikszene: Was ist zu erwarten?\" \/>\n<meta property=\"og:description\" content=\"Die Musikszene wandelt sich rasant: Technologische Trends, neue Ausdrucksformen und digitale Plattformen er\u00f6ffnen vielf\u00e4ltige M\u00f6glichkeiten.\" \/>\n<meta property=\"og:url\" content=\"https:\/\/www.dasschoenstekind.de\/news\/trends-kommenden-jahre-musikszene\/\" \/>\n<meta property=\"og:site_name\" content=\"Rammstein News\" \/>\n<meta property=\"article:published_time\" content=\"2025-05-15T10:18:48+00:00\" \/>\n<meta property=\"og:image\" content=\"https:\/\/www.dasschoenstekind.de\/news\/images\/trends-kommenden-jahre-musikszene.jpg\" \/>\n\t<meta property=\"og:image:width\" content=\"1000\" \/>\n\t<meta property=\"og:image:height\" content=\"523\" \/>\n\t<meta property=\"og:image:type\" content=\"image\/jpeg\" \/>\n<meta name=\"author\" content=\"admin\" \/>\n<meta name=\"twitter:card\" content=\"summary_large_image\" \/>\n<meta name=\"twitter:label1\" content=\"Verfasst von\" \/>\n\t<meta name=\"twitter:data1\" content=\"admin\" \/>\n\t<meta name=\"twitter:label2\" content=\"Gesch\u00e4tzte Lesezeit\" \/>\n\t<meta name=\"twitter:data2\" content=\"5\u00a0Minuten\" \/>\n<script type=\"application\/ld+json\" class=\"yoast-schema-graph\">{\"@context\":\"https:\/\/schema.org\",\"@graph\":[{\"@type\":\"Article\",\"@id\":\"https:\/\/www.dasschoenstekind.de\/news\/trends-kommenden-jahre-musikszene\/#article\",\"isPartOf\":{\"@id\":\"https:\/\/www.dasschoenstekind.de\/news\/trends-kommenden-jahre-musikszene\/\"},\"author\":{\"name\":\"admin\",\"@id\":\"https:\/\/www.dasschoenstekind.de\/news\/#\/schema\/person\/dd1ad54d9a7552706cf9694969b65793\"},\"headline\":\"Trends der kommenden Jahre in der Musikszene: Was ist zu erwarten?\",\"datePublished\":\"2025-05-15T10:18:48+00:00\",\"mainEntityOfPage\":{\"@id\":\"https:\/\/www.dasschoenstekind.de\/news\/trends-kommenden-jahre-musikszene\/\"},\"wordCount\":664,\"image\":{\"@id\":\"https:\/\/www.dasschoenstekind.de\/news\/trends-kommenden-jahre-musikszene\/#primaryimage\"},\"thumbnailUrl\":\"https:\/\/www.dasschoenstekind.de\/news\/images\/trends-kommenden-jahre-musikszene.jpg\",\"inLanguage\":\"de\"},{\"@type\":\"WebPage\",\"@id\":\"https:\/\/www.dasschoenstekind.de\/news\/trends-kommenden-jahre-musikszene\/\",\"url\":\"https:\/\/www.dasschoenstekind.de\/news\/trends-kommenden-jahre-musikszene\/\",\"name\":\"Musik im Wandel: Technologien, Trends und kreative Freiheiten\",\"isPartOf\":{\"@id\":\"https:\/\/www.dasschoenstekind.de\/news\/#website\"},\"primaryImageOfPage\":{\"@id\":\"https:\/\/www.dasschoenstekind.de\/news\/trends-kommenden-jahre-musikszene\/#primaryimage\"},\"image\":{\"@id\":\"https:\/\/www.dasschoenstekind.de\/news\/trends-kommenden-jahre-musikszene\/#primaryimage\"},\"thumbnailUrl\":\"https:\/\/www.dasschoenstekind.de\/news\/images\/trends-kommenden-jahre-musikszene.jpg\",\"datePublished\":\"2025-05-15T10:18:48+00:00\",\"author\":{\"@id\":\"https:\/\/www.dasschoenstekind.de\/news\/#\/schema\/person\/dd1ad54d9a7552706cf9694969b65793\"},\"description\":\"Die Musikszene wandelt sich rasant: Technologische Trends, neue Ausdrucksformen und digitale Plattformen er\u00f6ffnen vielf\u00e4ltige M\u00f6glichkeiten.\",\"breadcrumb\":{\"@id\":\"https:\/\/www.dasschoenstekind.de\/news\/trends-kommenden-jahre-musikszene\/#breadcrumb\"},\"inLanguage\":\"de\",\"potentialAction\":[{\"@type\":\"ReadAction\",\"target\":[\"https:\/\/www.dasschoenstekind.de\/news\/trends-kommenden-jahre-musikszene\/\"]}]},{\"@type\":\"ImageObject\",\"inLanguage\":\"de\",\"@id\":\"https:\/\/www.dasschoenstekind.de\/news\/trends-kommenden-jahre-musikszene\/#primaryimage\",\"url\":\"https:\/\/www.dasschoenstekind.de\/news\/images\/trends-kommenden-jahre-musikszene.jpg\",\"contentUrl\":\"https:\/\/www.dasschoenstekind.de\/news\/images\/trends-kommenden-jahre-musikszene.jpg\",\"width\":1000,\"height\":523,\"caption\":\"Trends der kommenden Jahre in der Musikszene: Was ist zu erwarten?\"},{\"@type\":\"BreadcrumbList\",\"@id\":\"https:\/\/www.dasschoenstekind.de\/news\/trends-kommenden-jahre-musikszene\/#breadcrumb\",\"itemListElement\":[{\"@type\":\"ListItem\",\"position\":1,\"name\":\"Startseite\",\"item\":\"https:\/\/www.dasschoenstekind.de\/news\/\"},{\"@type\":\"ListItem\",\"position\":2,\"name\":\"Trends der kommenden Jahre in der Musikszene: Was ist zu erwarten?\"}]},{\"@type\":\"WebSite\",\"@id\":\"https:\/\/www.dasschoenstekind.de\/news\/#website\",\"url\":\"https:\/\/www.dasschoenstekind.de\/news\/\",\"name\":\"Rammstein News\",\"description\":\"Eine weitere WordPress-Website\",\"potentialAction\":[{\"@type\":\"SearchAction\",\"target\":{\"@type\":\"EntryPoint\",\"urlTemplate\":\"https:\/\/www.dasschoenstekind.de\/news\/?s={search_term_string}\"},\"query-input\":{\"@type\":\"PropertyValueSpecification\",\"valueRequired\":true,\"valueName\":\"search_term_string\"}}],\"inLanguage\":\"de\"},{\"@type\":\"Person\",\"@id\":\"https:\/\/www.dasschoenstekind.de\/news\/#\/schema\/person\/dd1ad54d9a7552706cf9694969b65793\",\"name\":\"admin\",\"image\":{\"@type\":\"ImageObject\",\"inLanguage\":\"de\",\"@id\":\"https:\/\/secure.gravatar.com\/avatar\/c86a06baa38045c6b53e2c395991625853e062e9ce6e363321311c42ffe8e2f8?s=96&d=mm&r=g\",\"url\":\"https:\/\/secure.gravatar.com\/avatar\/c86a06baa38045c6b53e2c395991625853e062e9ce6e363321311c42ffe8e2f8?s=96&d=mm&r=g\",\"contentUrl\":\"https:\/\/secure.gravatar.com\/avatar\/c86a06baa38045c6b53e2c395991625853e062e9ce6e363321311c42ffe8e2f8?s=96&d=mm&r=g\",\"caption\":\"admin\"},\"url\":\"https:\/\/www.dasschoenstekind.de\/news\/author\/admin\/\"}]}<\/script>\n<!-- \/ Yoast SEO Premium plugin. -->","yoast_head_json":{"title":"Musik im Wandel: Technologien, Trends und kreative Freiheiten","description":"Die Musikszene wandelt sich rasant: Technologische Trends, neue Ausdrucksformen und digitale Plattformen er\u00f6ffnen vielf\u00e4ltige M\u00f6glichkeiten.","robots":{"index":"index","follow":"follow","max-snippet":"max-snippet:-1","max-image-preview":"max-image-preview:large","max-video-preview":"max-video-preview:-1"},"canonical":"https:\/\/www.dasschoenstekind.de\/news\/trends-kommenden-jahre-musikszene\/","og_locale":"de_DE","og_type":"article","og_title":"Trends der kommenden Jahre in der Musikszene: Was ist zu erwarten?","og_description":"Die Musikszene wandelt sich rasant: Technologische Trends, neue Ausdrucksformen und digitale Plattformen er\u00f6ffnen vielf\u00e4ltige M\u00f6glichkeiten.","og_url":"https:\/\/www.dasschoenstekind.de\/news\/trends-kommenden-jahre-musikszene\/","og_site_name":"Rammstein News","article_published_time":"2025-05-15T10:18:48+00:00","og_image":[{"width":1000,"height":523,"url":"https:\/\/www.dasschoenstekind.de\/news\/images\/trends-kommenden-jahre-musikszene.jpg","type":"image\/jpeg"}],"author":"admin","twitter_card":"summary_large_image","twitter_misc":{"Verfasst von":"admin","Gesch\u00e4tzte Lesezeit":"5\u00a0Minuten"},"schema":{"@context":"https:\/\/schema.org","@graph":[{"@type":"Article","@id":"https:\/\/www.dasschoenstekind.de\/news\/trends-kommenden-jahre-musikszene\/#article","isPartOf":{"@id":"https:\/\/www.dasschoenstekind.de\/news\/trends-kommenden-jahre-musikszene\/"},"author":{"name":"admin","@id":"https:\/\/www.dasschoenstekind.de\/news\/#\/schema\/person\/dd1ad54d9a7552706cf9694969b65793"},"headline":"Trends der kommenden Jahre in der Musikszene: Was ist zu erwarten?","datePublished":"2025-05-15T10:18:48+00:00","mainEntityOfPage":{"@id":"https:\/\/www.dasschoenstekind.de\/news\/trends-kommenden-jahre-musikszene\/"},"wordCount":664,"image":{"@id":"https:\/\/www.dasschoenstekind.de\/news\/trends-kommenden-jahre-musikszene\/#primaryimage"},"thumbnailUrl":"https:\/\/www.dasschoenstekind.de\/news\/images\/trends-kommenden-jahre-musikszene.jpg","inLanguage":"de"},{"@type":"WebPage","@id":"https:\/\/www.dasschoenstekind.de\/news\/trends-kommenden-jahre-musikszene\/","url":"https:\/\/www.dasschoenstekind.de\/news\/trends-kommenden-jahre-musikszene\/","name":"Musik im Wandel: Technologien, Trends und kreative Freiheiten","isPartOf":{"@id":"https:\/\/www.dasschoenstekind.de\/news\/#website"},"primaryImageOfPage":{"@id":"https:\/\/www.dasschoenstekind.de\/news\/trends-kommenden-jahre-musikszene\/#primaryimage"},"image":{"@id":"https:\/\/www.dasschoenstekind.de\/news\/trends-kommenden-jahre-musikszene\/#primaryimage"},"thumbnailUrl":"https:\/\/www.dasschoenstekind.de\/news\/images\/trends-kommenden-jahre-musikszene.jpg","datePublished":"2025-05-15T10:18:48+00:00","author":{"@id":"https:\/\/www.dasschoenstekind.de\/news\/#\/schema\/person\/dd1ad54d9a7552706cf9694969b65793"},"description":"Die Musikszene wandelt sich rasant: Technologische Trends, neue Ausdrucksformen und digitale Plattformen er\u00f6ffnen vielf\u00e4ltige M\u00f6glichkeiten.","breadcrumb":{"@id":"https:\/\/www.dasschoenstekind.de\/news\/trends-kommenden-jahre-musikszene\/#breadcrumb"},"inLanguage":"de","potentialAction":[{"@type":"ReadAction","target":["https:\/\/www.dasschoenstekind.de\/news\/trends-kommenden-jahre-musikszene\/"]}]},{"@type":"ImageObject","inLanguage":"de","@id":"https:\/\/www.dasschoenstekind.de\/news\/trends-kommenden-jahre-musikszene\/#primaryimage","url":"https:\/\/www.dasschoenstekind.de\/news\/images\/trends-kommenden-jahre-musikszene.jpg","contentUrl":"https:\/\/www.dasschoenstekind.de\/news\/images\/trends-kommenden-jahre-musikszene.jpg","width":1000,"height":523,"caption":"Trends der kommenden Jahre in der Musikszene: Was ist zu erwarten?"},{"@type":"BreadcrumbList","@id":"https:\/\/www.dasschoenstekind.de\/news\/trends-kommenden-jahre-musikszene\/#breadcrumb","itemListElement":[{"@type":"ListItem","position":1,"name":"Startseite","item":"https:\/\/www.dasschoenstekind.de\/news\/"},{"@type":"ListItem","position":2,"name":"Trends der kommenden Jahre in der Musikszene: Was ist zu erwarten?"}]},{"@type":"WebSite","@id":"https:\/\/www.dasschoenstekind.de\/news\/#website","url":"https:\/\/www.dasschoenstekind.de\/news\/","name":"Rammstein News","description":"Eine weitere WordPress-Website","potentialAction":[{"@type":"SearchAction","target":{"@type":"EntryPoint","urlTemplate":"https:\/\/www.dasschoenstekind.de\/news\/?s={search_term_string}"},"query-input":{"@type":"PropertyValueSpecification","valueRequired":true,"valueName":"search_term_string"}}],"inLanguage":"de"},{"@type":"Person","@id":"https:\/\/www.dasschoenstekind.de\/news\/#\/schema\/person\/dd1ad54d9a7552706cf9694969b65793","name":"admin","image":{"@type":"ImageObject","inLanguage":"de","@id":"https:\/\/secure.gravatar.com\/avatar\/c86a06baa38045c6b53e2c395991625853e062e9ce6e363321311c42ffe8e2f8?s=96&d=mm&r=g","url":"https:\/\/secure.gravatar.com\/avatar\/c86a06baa38045c6b53e2c395991625853e062e9ce6e363321311c42ffe8e2f8?s=96&d=mm&r=g","contentUrl":"https:\/\/secure.gravatar.com\/avatar\/c86a06baa38045c6b53e2c395991625853e062e9ce6e363321311c42ffe8e2f8?s=96&d=mm&r=g","caption":"admin"},"url":"https:\/\/www.dasschoenstekind.de\/news\/author\/admin\/"}]}},"_links":{"self":[{"href":"https:\/\/www.dasschoenstekind.de\/news\/wp-json\/wp\/v2\/posts\/1724","targetHints":{"allow":["GET"]}}],"collection":[{"href":"https:\/\/www.dasschoenstekind.de\/news\/wp-json\/wp\/v2\/posts"}],"about":[{"href":"https:\/\/www.dasschoenstekind.de\/news\/wp-json\/wp\/v2\/types\/post"}],"author":[{"embeddable":true,"href":"https:\/\/www.dasschoenstekind.de\/news\/wp-json\/wp\/v2\/users\/1"}],"replies":[{"embeddable":true,"href":"https:\/\/www.dasschoenstekind.de\/news\/wp-json\/wp\/v2\/comments?post=1724"}],"version-history":[{"count":14,"href":"https:\/\/www.dasschoenstekind.de\/news\/wp-json\/wp\/v2\/posts\/1724\/revisions"}],"predecessor-version":[{"id":1741,"href":"https:\/\/www.dasschoenstekind.de\/news\/wp-json\/wp\/v2\/posts\/1724\/revisions\/1741"}],"wp:featuredmedia":[{"embeddable":true,"href":"https:\/\/www.dasschoenstekind.de\/news\/wp-json\/wp\/v2\/media\/1731"}],"wp:attachment":[{"href":"https:\/\/www.dasschoenstekind.de\/news\/wp-json\/wp\/v2\/media?parent=1724"}],"wp:term":[{"taxonomy":"category","embeddable":true,"href":"https:\/\/www.dasschoenstekind.de\/news\/wp-json\/wp\/v2\/categories?post=1724"},{"taxonomy":"post_tag","embeddable":true,"href":"https:\/\/www.dasschoenstekind.de\/news\/wp-json\/wp\/v2\/tags?post=1724"}],"curies":[{"name":"wp","href":"https:\/\/api.w.org\/{rel}","templated":true}]}}