{"id":1782,"date":"2026-03-10T10:00:34","date_gmt":"2026-03-10T09:00:34","guid":{"rendered":"https:\/\/www.dasschoenstekind.de\/news\/?p=1782"},"modified":"2026-03-20T17:32:58","modified_gmt":"2026-03-20T16:32:58","slug":"zfall-zwischenfall2","status":"publish","type":"post","link":"https:\/\/www.dasschoenstekind.de\/news\/zfall-zwischenfall2\/","title":{"rendered":"Zwischenfall: Partys f\u00fcr Bochum und Umgebung"},"content":{"rendered":"<p>Wer \u00e4lteren Semesters ist, wird sich wom\u00f6glich nicht nur an die <a href=\"https:\/\/www.dasschoenstekind.de\/news\/tirili\/\">Diskothek<\/a> an sich erinnern, sondern auch an die Urspr\u00fcnge, die immerhin in den achtziger Jahren zu finden sind. Seit 2011 musste das Zwischenfall in Bochum leider schlie\u00dfen. Doch das hei\u00dft nicht, dass seitdem Funkstille herrscht. Unter dem Namen <strong>Zwischenfall2 werden n\u00e4mlich seitdem zahlreiche Partys<\/strong> und Konzerte in Bochum und Umgebung auf die Beine gestellt, sodass der klassische Geist erhalten bleibt. Die Disco war immer daf\u00fcr bekannt, dass hier auch alternative Musik gespielt wird. Heute bleibt man sich dieser Linie treu und veranstaltet regelm\u00e4\u00dfig verschiedene Events, auf denen alternative Musik weiterhin eine gro\u00dfe Rolle spielt. Auch Bands, die schon seit vielen Jahren unterwegs sind, treten regelm\u00e4\u00dfig auf diesen Events auf, wozu unter anderem \u201cGoethes Erben\u201d geh\u00f6ren. Als Veranstaltungsorte geht es an viele Locations, wozu auch der Bahnhof Langendreer und der Rockpalast geh\u00f6ren. Mehr zu den Veranstaltungen von Zwischenfall gibt es im Folgenden zu erfahren.<\/p>\n<h2>Events f\u00fcr Bochum und dar\u00fcber hinaus<\/h2>\n<p>\u00dcber 25 Jahre gab es die Diskothek und der Abgang war alles andere als freiwillig. Doch ein Feuer hat f\u00fcr gro\u00dfe Sch\u00e4den am Geb\u00e4ude gesorgt, sodass man sich kurzerhand dazu entschieden hat, nicht mehr in dieser Form weiterzumachen. Doch da man auch nicht komplett aufh\u00f6ren wollte, lebt der <strong>Name Zwischenfall, der 1984 f\u00fcr die Disco gew\u00e4hlt wurde<\/strong>, auch heute noch weiter. Allerdings hat man sich jetzt darauf spezialisiert, einfach interessante Events und Konzerte f\u00fcr Bochum und die Umgebung auf die Beine zu stellen. Und in den letzten Jahren konnte man viele Veranstaltungen umsetzen, sodass der alte Geist auch weiterhin lebt und interessante alternative Musik gespielt werden kann.<\/p>\n<p><iframe loading=\"lazy\" width=\"100%\" height=\"450\" src=\"https:\/\/www.youtube-nocookie.com\/embed\/BALTkGUebRo\" frameborder=\"0\" allow=\"accelerometer; autoplay; clipboard-write; encrypted-media; gyroscope; picture-in-picture; web-share\" referrerpolicy=\"strict-origin-when-cross-origin\" allowfullscreen><\/iframe><\/p>\n<p>Geleitet wird die Event-Agentur nach wie vor von Norbert Kurtz und Markus Schmidt, die als Urgesteine der Szene gelten. Wer sich \u00fcber anstehende Events informieren m\u00f6chte, kann das ganz einfach <a href=\"https:\/\/www.instagram.com\/zwischenfall2\/?hl=de\" target=\"_blank\" rel=\"noopener noreferrer nofollow\" title=\"auf der Instagram\">auf der Instagram<\/a> oder auch Facebook Seite von Zwischenfall2 machen. Es kann sich lohnen, da wirklich sehr oft im Jahr Veranstaltungen auf die Beine gestellt werden, bei denen interessante Gruppen und K\u00fcnstler auf den B\u00fchnen stehen. Dazu geh\u00f6ren unter anderem Goethes Erben, Lucina Soteira und ein Kessel Schwarzes. Damit aber nicht genug, denn regelm\u00e4\u00dfig finden auch 80er Tanzn\u00e4chte statt, wenn hier auch <strong>weniger Madonna gespielt wird und daf\u00fcr umso mehr U2<\/strong>, Sisters of Mercy und David Bowie.<\/p>\n<p>Die Konzerte werden an unterschiedlichen Orten in Bochum, aber auch dar\u00fcber hinaus, veranstaltet. Unter anderem gibt es regelm\u00e4\u00dfig im Bahnhof-Langendreer diverse <a href=\"https:\/\/www.dasschoenstekind.de\/news\/rammstein-live-acts\/\" title=\"Live Acts\">Live Acts<\/a> zu sehen. Das Kulturzentrum ist \u00fcberregional bekannt und das Geb\u00e4ude steht unter Denkmalschutz. Au\u00dferdem gibt es regelm\u00e4\u00dfig Events im bekannten Rockpalast, der mittlerweile im Musikclub Matrix zu Hause ist, aber seinen Ursprung 1978 hat. <strong>Vor allem alte Hasen der Bochumer Musikszene<\/strong> werden sich auf den Zwischenfall-Events sehr wohlf\u00fchlen k\u00f6nnen. Aber Achtung: Kaufen Sie ihre Konzert Tickets nur direkt beim Veranstalter um nicht <a href=\"https:\/\/www.dasschoenstekind.de\/news\/konzert-ticket-betrug\/\" title=\"auf Ticket-Betr\u00fcger hereinzufallen\">auf Ticket-Betr\u00fcger hereinzufallen<\/a>.<\/p>\n<h2>Die Diskothek Zwischenfall in Bochum<\/h2>\n<p><img decoding=\"async\" src=\"https:\/\/www.dasschoenstekind.de\/news\/images\/diskothek-zwischenfall-bochum.jpg\" alt=\"Die Diskothek Zwischenfall in Bochum\" width=\"320\" class=\"alignright size-full wp-image-1788\" srcset=\"https:\/\/www.dasschoenstekind.de\/news\/images\/diskothek-zwischenfall-bochum.jpg 600w, https:\/\/www.dasschoenstekind.de\/news\/images\/diskothek-zwischenfall-bochum-300x200.jpg 300w, https:\/\/www.dasschoenstekind.de\/news\/images\/diskothek-zwischenfall-bochum-225x150.jpg 225w\" sizes=\"(max-width: 600px) 100vw, 600px\" \/>Die Diskothek wurde am Ende \u00fcber 25 Jahre alt, doch dann hat ein Feuer f\u00fcr das Ende gesorgt. Sie befand sich im Stadtteil Langendreer. Er\u00f6ffnet wurde sie 1984, allerdings nicht im luftleeren Raum. Zuvor gab es bereits die Diskothek \u201cAppel\u201d, in der man sich auf Rockmusik spezialisiert hat und die selbst ein Nachfolger einer \u00e4lteren Disco gewesen war. Im Zwischenfall widmete man sich mehr alternativen Musikrichtungen und ging so weg vom bisherigen Rock. Auch Wave wurde zu einem wichtigen Faktor in der Disco und sorgte daf\u00fcr, dass sie sich schnell gro\u00dfer Beliebtheit erfreuen konnte. Tats\u00e4chlich <strong>konnte sich das Zwischenfall zu einem zentralen Anlaufpunkt<\/strong> f\u00fcr Menschen der sogenannten Schwarzen Szene entwickeln.<\/p>\n<p>Dark Wave und auch Punk hatten im Zwischenfall ein Zuhause, sodass man sich auch deutlich von anderen Institutionen dieser Zeit abheben konnte. Auch internationalen K\u00fcnstlern entging diese Entwicklung nicht, sodass es auch immer wieder zu Auftritten kam. Unter anderem von Goethes Erben und <a href=\"https:\/\/www.agnosticfront.com\/\" target=\"_blank\" rel=\"noopener noreferrer nofollow\" title=\"Agnostic Front\">Agnostic Front<\/a>. Weiterhin wurden die R\u00e4umlichkeiten irgendwann auch f\u00fcr Fetischpartys genutzt. Menschen, die sich der Schwarzen Szene zugeh\u00f6rig f\u00fchlten, trafen hier mit anderen zusammen, die eine Vorliebe f\u00fcr BDSM hatten. Dabei verlief alles stets friedlich, <strong>sodass es auch keine Probleme gab<\/strong>.<\/p>\n<p>Den gro\u00dfen Einschnitt gab es dann 2011, als das Zwischenfall also schon lange eine feste Institution in Bochum gewesen war. \u00dcber der Diskothek gab es Wohnungen und in einer davon gab es ein Feuer. Das Feuer konnte unter gro\u00dfen Sch\u00e4den gel\u00f6scht werden. Durch das L\u00f6schwasser entstanden auch in den unteren R\u00e4umen starke Sch\u00e4den, <strong>sodass das Geb\u00e4ude als einsturzgef\u00e4hrdet eingestuft wurde<\/strong> und somit die Disco ihr Ende fand.<\/p>\n<h2>Fazit zu Diskothek Zwischenfall<\/h2>\n<p><img decoding=\"async\" src=\"https:\/\/www.dasschoenstekind.de\/news\/images\/fazit.jpg\" alt=\"Fazit zu Diskothek Zwischenfall\" width=\"130\" class=\"alignleft size-full wp-image-1616\" srcset=\"https:\/\/www.dasschoenstekind.de\/news\/images\/fazit.jpg 150w, https:\/\/www.dasschoenstekind.de\/news\/images\/fazit-120x120.jpg 120w\" sizes=\"(max-width: 150px) 100vw, 150px\" \/>Mittlerweile sind schon wieder einige Jahre vergangen, seitdem die Diskothek Zwischenfall durch einen Brand ihr Lebensende gefunden hat. Gerade j\u00fcngere Generationen d\u00fcrften daher nicht viel vermissen. Und ohnehin hat sich seitdem vieles getan, denn unter dem Namen Zwischenfall2 organisiert man jetzt schon seit vielen Jahren Konzerte und Events, die den Geist der damaligen Zeit perfekt einfangen. Im Grunde ist es, als ob die Zeit stillstehen w\u00fcrde. Auch weiterhin gibt es tolle alternative Musik. <strong>Bei Facebook und Instagram kann man sich \u00fcber alle anstehenden Veranstaltungen informieren<\/strong>, sodass man keines der interessanten Konzerte verpasst. F\u00fcr die Events geht es unter anderem in den Bahnhof Langendreer und den Rockpalast.<\/p>\n","protected":false},"excerpt":{"rendered":"<p>Nach dem Brand 2011 verschwand das Zwischenfall aus Bochum, zumindest als Club. Heute lebt es als Eventreihe mit d\u00fcsterem Charme, altbekannten K\u00fcnstlern und einem Hauch Nostalgie fort. Zwischenfall2 f\u00fchrt die Tradition des legend\u00e4ren Zwischenfall fort und versammelt Szenegr\u00f6\u00dfen wie Goethes Erben regelm\u00e4\u00dfig auf Bochumer B\u00fchnen. Wie entstand aus dem Verlust der Diskothek eine neue Plattform f\u00fcr die Schwarze Szene?<\/p>\n","protected":false},"author":1,"featured_media":1784,"comment_status":"closed","ping_status":"closed","sticky":false,"template":"","format":"standard","meta":{"_acf_changed":false,"footnotes":""},"categories":[1],"tags":[],"class_list":["post-1782","post","type-post","status-publish","format-standard","has-post-thumbnail","hentry","category-allgemein"],"acf":[],"yoast_head":"<!-- This site is optimized with the Yoast SEO Premium plugin v25.9 (Yoast SEO v27.2) - https:\/\/yoast.com\/product\/yoast-seo-premium-wordpress\/ -->\n<title>Zwischenfall Bochum: Der schwarze Kult lebt weiter als Eventreihe<\/title>\n<meta name=\"description\" content=\"Von der Disko zur Eventmarke: Zwischenfall2 belebt mit Partys und Konzerten den Geist der Achtziger und der Schwarzen Szene in Bochum neu.\" \/>\n<meta name=\"robots\" content=\"index, follow, max-snippet:-1, max-image-preview:large, max-video-preview:-1\" \/>\n<link rel=\"canonical\" href=\"https:\/\/www.dasschoenstekind.de\/news\/zfall-zwischenfall2\/\" \/>\n<meta property=\"og:locale\" content=\"de_DE\" \/>\n<meta property=\"og:type\" content=\"article\" \/>\n<meta property=\"og:title\" content=\"Zwischenfall: Partys f\u00fcr Bochum und Umgebung\" \/>\n<meta property=\"og:description\" content=\"Von der Disko zur Eventmarke: Zwischenfall2 belebt mit Partys und Konzerten den Geist der Achtziger und der Schwarzen Szene in Bochum neu.\" \/>\n<meta property=\"og:url\" content=\"https:\/\/www.dasschoenstekind.de\/news\/zfall-zwischenfall2\/\" \/>\n<meta property=\"og:site_name\" content=\"Rammstein News\" \/>\n<meta property=\"article:published_time\" content=\"2026-03-10T09:00:34+00:00\" \/>\n<meta property=\"article:modified_time\" content=\"2026-03-20T16:32:58+00:00\" \/>\n<meta property=\"og:image\" content=\"https:\/\/www.dasschoenstekind.de\/news\/images\/zfall.jpg\" \/>\n\t<meta property=\"og:image:width\" content=\"1275\" \/>\n\t<meta property=\"og:image:height\" content=\"600\" \/>\n\t<meta property=\"og:image:type\" content=\"image\/jpeg\" \/>\n<meta name=\"author\" content=\"admin\" \/>\n<meta name=\"twitter:card\" content=\"summary_large_image\" \/>\n<meta name=\"twitter:label1\" content=\"Verfasst von\" \/>\n\t<meta name=\"twitter:data1\" content=\"admin\" \/>\n\t<meta name=\"twitter:label2\" content=\"Gesch\u00e4tzte Lesezeit\" \/>\n\t<meta name=\"twitter:data2\" content=\"6\u00a0Minuten\" \/>\n<script type=\"application\/ld+json\" class=\"yoast-schema-graph\">{\"@context\":\"https:\/\/schema.org\",\"@graph\":[{\"@type\":\"Article\",\"@id\":\"https:\/\/www.dasschoenstekind.de\/news\/zfall-zwischenfall2\/#article\",\"isPartOf\":{\"@id\":\"https:\/\/www.dasschoenstekind.de\/news\/zfall-zwischenfall2\/\"},\"author\":{\"name\":\"admin\",\"@id\":\"https:\/\/www.dasschoenstekind.de\/news\/#\/schema\/person\/dd1ad54d9a7552706cf9694969b65793\"},\"headline\":\"Zwischenfall: Partys f\u00fcr Bochum und Umgebung\",\"datePublished\":\"2026-03-10T09:00:34+00:00\",\"dateModified\":\"2026-03-20T16:32:58+00:00\",\"mainEntityOfPage\":{\"@id\":\"https:\/\/www.dasschoenstekind.de\/news\/zfall-zwischenfall2\/\"},\"wordCount\":899,\"image\":{\"@id\":\"https:\/\/www.dasschoenstekind.de\/news\/zfall-zwischenfall2\/#primaryimage\"},\"thumbnailUrl\":\"https:\/\/www.dasschoenstekind.de\/news\/images\/zfall.jpg\",\"inLanguage\":\"de\"},{\"@type\":\"WebPage\",\"@id\":\"https:\/\/www.dasschoenstekind.de\/news\/zfall-zwischenfall2\/\",\"url\":\"https:\/\/www.dasschoenstekind.de\/news\/zfall-zwischenfall2\/\",\"name\":\"Zwischenfall Bochum: Der schwarze Kult lebt weiter als Eventreihe\",\"isPartOf\":{\"@id\":\"https:\/\/www.dasschoenstekind.de\/news\/#website\"},\"primaryImageOfPage\":{\"@id\":\"https:\/\/www.dasschoenstekind.de\/news\/zfall-zwischenfall2\/#primaryimage\"},\"image\":{\"@id\":\"https:\/\/www.dasschoenstekind.de\/news\/zfall-zwischenfall2\/#primaryimage\"},\"thumbnailUrl\":\"https:\/\/www.dasschoenstekind.de\/news\/images\/zfall.jpg\",\"datePublished\":\"2026-03-10T09:00:34+00:00\",\"dateModified\":\"2026-03-20T16:32:58+00:00\",\"author\":{\"@id\":\"https:\/\/www.dasschoenstekind.de\/news\/#\/schema\/person\/dd1ad54d9a7552706cf9694969b65793\"},\"description\":\"Von der Disko zur Eventmarke: Zwischenfall2 belebt mit Partys und Konzerten den Geist der Achtziger und der Schwarzen Szene in Bochum neu.\",\"breadcrumb\":{\"@id\":\"https:\/\/www.dasschoenstekind.de\/news\/zfall-zwischenfall2\/#breadcrumb\"},\"inLanguage\":\"de\",\"potentialAction\":[{\"@type\":\"ReadAction\",\"target\":[\"https:\/\/www.dasschoenstekind.de\/news\/zfall-zwischenfall2\/\"]}]},{\"@type\":\"ImageObject\",\"inLanguage\":\"de\",\"@id\":\"https:\/\/www.dasschoenstekind.de\/news\/zfall-zwischenfall2\/#primaryimage\",\"url\":\"https:\/\/www.dasschoenstekind.de\/news\/images\/zfall.jpg\",\"contentUrl\":\"https:\/\/www.dasschoenstekind.de\/news\/images\/zfall.jpg\",\"width\":1275,\"height\":600,\"caption\":\"Zwischenfall: Partys f\u00fcr Bochum und Umgebung\"},{\"@type\":\"BreadcrumbList\",\"@id\":\"https:\/\/www.dasschoenstekind.de\/news\/zfall-zwischenfall2\/#breadcrumb\",\"itemListElement\":[{\"@type\":\"ListItem\",\"position\":1,\"name\":\"Startseite\",\"item\":\"https:\/\/www.dasschoenstekind.de\/news\/\"},{\"@type\":\"ListItem\",\"position\":2,\"name\":\"Zwischenfall: Partys f\u00fcr Bochum und Umgebung\"}]},{\"@type\":\"WebSite\",\"@id\":\"https:\/\/www.dasschoenstekind.de\/news\/#website\",\"url\":\"https:\/\/www.dasschoenstekind.de\/news\/\",\"name\":\"Rammstein News\",\"description\":\"Eine weitere WordPress-Website\",\"potentialAction\":[{\"@type\":\"SearchAction\",\"target\":{\"@type\":\"EntryPoint\",\"urlTemplate\":\"https:\/\/www.dasschoenstekind.de\/news\/?s={search_term_string}\"},\"query-input\":{\"@type\":\"PropertyValueSpecification\",\"valueRequired\":true,\"valueName\":\"search_term_string\"}}],\"inLanguage\":\"de\"},{\"@type\":\"Person\",\"@id\":\"https:\/\/www.dasschoenstekind.de\/news\/#\/schema\/person\/dd1ad54d9a7552706cf9694969b65793\",\"name\":\"admin\",\"image\":{\"@type\":\"ImageObject\",\"inLanguage\":\"de\",\"@id\":\"https:\/\/secure.gravatar.com\/avatar\/c86a06baa38045c6b53e2c395991625853e062e9ce6e363321311c42ffe8e2f8?s=96&d=mm&r=g\",\"url\":\"https:\/\/secure.gravatar.com\/avatar\/c86a06baa38045c6b53e2c395991625853e062e9ce6e363321311c42ffe8e2f8?s=96&d=mm&r=g\",\"contentUrl\":\"https:\/\/secure.gravatar.com\/avatar\/c86a06baa38045c6b53e2c395991625853e062e9ce6e363321311c42ffe8e2f8?s=96&d=mm&r=g\",\"caption\":\"admin\"},\"url\":\"https:\/\/www.dasschoenstekind.de\/news\/author\/admin\/\"}]}<\/script>\n<!-- \/ Yoast SEO Premium plugin. -->","yoast_head_json":{"title":"Zwischenfall Bochum: Der schwarze Kult lebt weiter als Eventreihe","description":"Von der Disko zur Eventmarke: Zwischenfall2 belebt mit Partys und Konzerten den Geist der Achtziger und der Schwarzen Szene in Bochum neu.","robots":{"index":"index","follow":"follow","max-snippet":"max-snippet:-1","max-image-preview":"max-image-preview:large","max-video-preview":"max-video-preview:-1"},"canonical":"https:\/\/www.dasschoenstekind.de\/news\/zfall-zwischenfall2\/","og_locale":"de_DE","og_type":"article","og_title":"Zwischenfall: Partys f\u00fcr Bochum und Umgebung","og_description":"Von der Disko zur Eventmarke: Zwischenfall2 belebt mit Partys und Konzerten den Geist der Achtziger und der Schwarzen Szene in Bochum neu.","og_url":"https:\/\/www.dasschoenstekind.de\/news\/zfall-zwischenfall2\/","og_site_name":"Rammstein News","article_published_time":"2026-03-10T09:00:34+00:00","article_modified_time":"2026-03-20T16:32:58+00:00","og_image":[{"width":1275,"height":600,"url":"https:\/\/www.dasschoenstekind.de\/news\/images\/zfall.jpg","type":"image\/jpeg"}],"author":"admin","twitter_card":"summary_large_image","twitter_misc":{"Verfasst von":"admin","Gesch\u00e4tzte Lesezeit":"6\u00a0Minuten"},"schema":{"@context":"https:\/\/schema.org","@graph":[{"@type":"Article","@id":"https:\/\/www.dasschoenstekind.de\/news\/zfall-zwischenfall2\/#article","isPartOf":{"@id":"https:\/\/www.dasschoenstekind.de\/news\/zfall-zwischenfall2\/"},"author":{"name":"admin","@id":"https:\/\/www.dasschoenstekind.de\/news\/#\/schema\/person\/dd1ad54d9a7552706cf9694969b65793"},"headline":"Zwischenfall: Partys f\u00fcr Bochum und Umgebung","datePublished":"2026-03-10T09:00:34+00:00","dateModified":"2026-03-20T16:32:58+00:00","mainEntityOfPage":{"@id":"https:\/\/www.dasschoenstekind.de\/news\/zfall-zwischenfall2\/"},"wordCount":899,"image":{"@id":"https:\/\/www.dasschoenstekind.de\/news\/zfall-zwischenfall2\/#primaryimage"},"thumbnailUrl":"https:\/\/www.dasschoenstekind.de\/news\/images\/zfall.jpg","inLanguage":"de"},{"@type":"WebPage","@id":"https:\/\/www.dasschoenstekind.de\/news\/zfall-zwischenfall2\/","url":"https:\/\/www.dasschoenstekind.de\/news\/zfall-zwischenfall2\/","name":"Zwischenfall Bochum: Der schwarze Kult lebt weiter als Eventreihe","isPartOf":{"@id":"https:\/\/www.dasschoenstekind.de\/news\/#website"},"primaryImageOfPage":{"@id":"https:\/\/www.dasschoenstekind.de\/news\/zfall-zwischenfall2\/#primaryimage"},"image":{"@id":"https:\/\/www.dasschoenstekind.de\/news\/zfall-zwischenfall2\/#primaryimage"},"thumbnailUrl":"https:\/\/www.dasschoenstekind.de\/news\/images\/zfall.jpg","datePublished":"2026-03-10T09:00:34+00:00","dateModified":"2026-03-20T16:32:58+00:00","author":{"@id":"https:\/\/www.dasschoenstekind.de\/news\/#\/schema\/person\/dd1ad54d9a7552706cf9694969b65793"},"description":"Von der Disko zur Eventmarke: Zwischenfall2 belebt mit Partys und Konzerten den Geist der Achtziger und der Schwarzen Szene in Bochum neu.","breadcrumb":{"@id":"https:\/\/www.dasschoenstekind.de\/news\/zfall-zwischenfall2\/#breadcrumb"},"inLanguage":"de","potentialAction":[{"@type":"ReadAction","target":["https:\/\/www.dasschoenstekind.de\/news\/zfall-zwischenfall2\/"]}]},{"@type":"ImageObject","inLanguage":"de","@id":"https:\/\/www.dasschoenstekind.de\/news\/zfall-zwischenfall2\/#primaryimage","url":"https:\/\/www.dasschoenstekind.de\/news\/images\/zfall.jpg","contentUrl":"https:\/\/www.dasschoenstekind.de\/news\/images\/zfall.jpg","width":1275,"height":600,"caption":"Zwischenfall: Partys f\u00fcr Bochum und Umgebung"},{"@type":"BreadcrumbList","@id":"https:\/\/www.dasschoenstekind.de\/news\/zfall-zwischenfall2\/#breadcrumb","itemListElement":[{"@type":"ListItem","position":1,"name":"Startseite","item":"https:\/\/www.dasschoenstekind.de\/news\/"},{"@type":"ListItem","position":2,"name":"Zwischenfall: Partys f\u00fcr Bochum und Umgebung"}]},{"@type":"WebSite","@id":"https:\/\/www.dasschoenstekind.de\/news\/#website","url":"https:\/\/www.dasschoenstekind.de\/news\/","name":"Rammstein News","description":"Eine weitere WordPress-Website","potentialAction":[{"@type":"SearchAction","target":{"@type":"EntryPoint","urlTemplate":"https:\/\/www.dasschoenstekind.de\/news\/?s={search_term_string}"},"query-input":{"@type":"PropertyValueSpecification","valueRequired":true,"valueName":"search_term_string"}}],"inLanguage":"de"},{"@type":"Person","@id":"https:\/\/www.dasschoenstekind.de\/news\/#\/schema\/person\/dd1ad54d9a7552706cf9694969b65793","name":"admin","image":{"@type":"ImageObject","inLanguage":"de","@id":"https:\/\/secure.gravatar.com\/avatar\/c86a06baa38045c6b53e2c395991625853e062e9ce6e363321311c42ffe8e2f8?s=96&d=mm&r=g","url":"https:\/\/secure.gravatar.com\/avatar\/c86a06baa38045c6b53e2c395991625853e062e9ce6e363321311c42ffe8e2f8?s=96&d=mm&r=g","contentUrl":"https:\/\/secure.gravatar.com\/avatar\/c86a06baa38045c6b53e2c395991625853e062e9ce6e363321311c42ffe8e2f8?s=96&d=mm&r=g","caption":"admin"},"url":"https:\/\/www.dasschoenstekind.de\/news\/author\/admin\/"}]}},"_links":{"self":[{"href":"https:\/\/www.dasschoenstekind.de\/news\/wp-json\/wp\/v2\/posts\/1782","targetHints":{"allow":["GET"]}}],"collection":[{"href":"https:\/\/www.dasschoenstekind.de\/news\/wp-json\/wp\/v2\/posts"}],"about":[{"href":"https:\/\/www.dasschoenstekind.de\/news\/wp-json\/wp\/v2\/types\/post"}],"author":[{"embeddable":true,"href":"https:\/\/www.dasschoenstekind.de\/news\/wp-json\/wp\/v2\/users\/1"}],"replies":[{"embeddable":true,"href":"https:\/\/www.dasschoenstekind.de\/news\/wp-json\/wp\/v2\/comments?post=1782"}],"version-history":[{"count":12,"href":"https:\/\/www.dasschoenstekind.de\/news\/wp-json\/wp\/v2\/posts\/1782\/revisions"}],"predecessor-version":[{"id":1796,"href":"https:\/\/www.dasschoenstekind.de\/news\/wp-json\/wp\/v2\/posts\/1782\/revisions\/1796"}],"wp:featuredmedia":[{"embeddable":true,"href":"https:\/\/www.dasschoenstekind.de\/news\/wp-json\/wp\/v2\/media\/1784"}],"wp:attachment":[{"href":"https:\/\/www.dasschoenstekind.de\/news\/wp-json\/wp\/v2\/media?parent=1782"}],"wp:term":[{"taxonomy":"category","embeddable":true,"href":"https:\/\/www.dasschoenstekind.de\/news\/wp-json\/wp\/v2\/categories?post=1782"},{"taxonomy":"post_tag","embeddable":true,"href":"https:\/\/www.dasschoenstekind.de\/news\/wp-json\/wp\/v2\/tags?post=1782"}],"curies":[{"name":"wp","href":"https:\/\/api.w.org\/{rel}","templated":true}]}}