{"id":1797,"date":"2017-02-11T10:13:42","date_gmt":"2017-02-11T09:13:42","guid":{"rendered":"https:\/\/www.dasschoenstekind.de\/news\/?p=1797"},"modified":"2025-08-28T12:20:49","modified_gmt":"2025-08-28T10:20:49","slug":"unser-song-2017","status":"publish","type":"post","link":"https:\/\/www.dasschoenstekind.de\/news\/unser-song-2017\/","title":{"rendered":"Unser Song Entscheidung gefallen: Levina f\u00e4hrt zum ESC 2017"},"content":{"rendered":"<p>Die Entscheidung ist gefallen. Nach dem deutschen Vorentscheid steht jetzt fest, wer Deutschland am 13. Mai beim Eurovision Song Contest 2017 vertreten wird. Levina aus Bonn wird diese Ehre zuteil, da sie sich im Finale gegen Axel Maximilian Feige, Felicia Lu K\u00fcrbi\u00df, Helene Nissen und Yosefin Buohler durchsetzen konnte. Zwar gab es eine Jury, die die Beitr\u00e4ge bewertete, doch am Ende war es das Publikum, das sich f\u00fcr den finalen Teilnehmer entschieden hat. Jetzt ist die Hoffnung gro\u00df, dass Levina im Mai f\u00fcr Furore in Kiew sorgen wird. In den letzten beiden Jahren landeten die deutschen Beitr\u00e4ge jeweils auf dem letzten Platz. Insgesamt ist die deutsche Bilanz der letzten Jahre nicht allzu gut. Mit dem Song \u201cPerfect Life\u201d <a href=\"https:\/\/www.instagram.com\/levinamusic\/?hl=de\" target=\"_blank\" rel=\"noopener noreferrer nofollow\" title=\"der Musikerin\">der Musikerin<\/a> soll das Ruder jetzt herumgerissen werden. Alle Infos zum deutschen Vorentscheid und dem bevorstehenden ESC gibt es in diesem Artikel.<\/p>\n<h2>Levina setzt sich durch<\/h2>\n<p>Die Debakel der letzten beiden Jahre will man unbedingt vermeiden. Daher hat man sich f\u00fcr den ESC 2017 einiges vorgenommen und auch Dinge ver\u00e4ndert. Im letzten Jahr gab es bereits eine Vorauswahl. Man konnte sich \u00fcber YouTube mit einem Coverlied bewerben, wobei nur Einzelk\u00fcnstler erlaubt waren. Das f\u00fchrte zu einer zweiten Castingrunde, die Anfang Dezember durchgef\u00fchrt wurde und bei der 33 Kandidaten mit dabei gewesen waren. Aus diesen 33 K\u00fcnstlern wurden schlie\u00dflich f\u00fcnf ausgew\u00e4hlt, die jetzt am 9. Februar beim deutschen Vorentscheid mit dabei gewesen waren. Die Sendung wurde in K\u00f6ln-M\u00fclheim durchgef\u00fchrt. Dahinter standen neben dem NDR und weiteren Sendern der ARD auch <a href=\"https:\/\/raab-entertainment.de\/\" target=\"_blank\" rel=\"noopener noreferrer nofollow\" title=\"Raab TV\">Raab TV<\/a>.<\/p>\n<p><iframe loading=\"lazy\" width=\"100%\" height=\"450\" src=\"https:\/\/www.youtube-nocookie.com\/embed\/knM6sQ2oLSw\" frameborder=\"0\" allow=\"accelerometer; autoplay; clipboard-write; encrypted-media; gyroscope; picture-in-picture; web-share\" referrerpolicy=\"strict-origin-when-cross-origin\" allowfullscreen><\/iframe><\/p>\n<p>Es war ein bunter Abend, der von <a href=\"https:\/\/www.instagram.com\/barbara.schoeneberger\/?hl=de\" target=\"_blank\" rel=\"noopener noreferrer nofollow\" title=\"Barbara Sch\u00f6neberger\">Barbara Sch\u00f6neberger<\/a> moderiert wurde. Von Ruslana, Conchita und Nicole gab es ein Medley der gr\u00f6\u00dften ESC-Hits, au\u00dferdem trugen Tim Bendzko und Matthias Schweigh\u00f6fer Lieder vor. Bendzko sa\u00df auch zusammen mit Lena Meyer-Landrut und Florian Silbereisen in der Jury, die allerdings nur bewertete und nicht abstimmen durfte. Abgestimmt wurde in mehreren Runden. In der ersten Runde setzten sich Levina, Helene Nissen und Axel Maximilian Feige durch, womit die Reise an dieser Stelle f\u00fcr Felicia Lu K\u00fcrbi\u00df und Yosefin Buohler vorbei war. Schon fr\u00fch zeigte sich eine Dominanz von Levina, die schlussendlich mit dem Lied \u201cPerfect Life\u201d gewonnen hat und somit im Mai in Kiew dabei sein wird.<\/p>\n<h2>Der Eurovision Song Contest 2017<\/h2>\n<p><img decoding=\"async\" src=\"https:\/\/www.dasschoenstekind.de\/news\/images\/eurovision-song-contest-2017.jpg\" alt=\"Der Eurovision Song Contest 2017\" width=\"320\" class=\"alignleft size-full wp-image-1803\" srcset=\"https:\/\/www.dasschoenstekind.de\/news\/images\/eurovision-song-contest-2017.jpg 600w, https:\/\/www.dasschoenstekind.de\/news\/images\/eurovision-song-contest-2017-300x200.jpg 300w, https:\/\/www.dasschoenstekind.de\/news\/images\/eurovision-song-contest-2017-225x150.jpg 225w\" sizes=\"(max-width: 600px) 100vw, 600px\" \/>Unter dem Motto \u201cCelebrate Diversity\u201d wird der Eurovision Song Contest 2017 in diesem Jahr in der Ukraine stattfinden. Daf\u00fcr wird es ins International Exhibition Centre in Kiew gehen. Im letzten Jahr konnte sich Jamala mit dem Lied \u201c1944\u201d in Stockholm durchsetzen, womit Kiew nach 2005 zum zweiten Mal Ausrichter des ESC sein wird. Das ESC Finale wird am 13. Mai ausgetragen, zuvor wird es aber noch zwei Halbfinals geben. An diesen wird Deutschland noch nicht teilnehmen, da man automatisch f\u00fcr das Finale gesetzt ist.<\/p>\n<p>Insgesamt 42 L\u00e4nder werden in diesem Jahr teilnehmen. Jedes Land hat danach die M\u00f6glichkeit, Punkte f\u00fcr die einzelnen Teilnehmer zu vergeben. Diese stammen zum Teil von einer Jury, dar\u00fcber hinaus aus einem Televoting. Man kann dabei selbst auch mit abstimmen, allerdings nicht f\u00fcr das Land, in dem man sich befindet. Maximal k\u00f6nnen 12 Punkte vergeben werden. Gewonnen hat am Ende, wer die meisten Punkte erh\u00e4lt. Aus deutscher Sicht ist die Hoffnung gro\u00df, dass man nicht wieder ganz hinten landet.<\/p>\n<h2>Die Geschichte des ESC<\/h2>\n<p><img decoding=\"async\" src=\"https:\/\/www.dasschoenstekind.de\/news\/images\/geschichte-esc.jpg\" alt=\"Die Geschichte des ESC\" width=\"320\" class=\"alignright size-full wp-image-1804\" srcset=\"https:\/\/www.dasschoenstekind.de\/news\/images\/geschichte-esc.jpg 600w, https:\/\/www.dasschoenstekind.de\/news\/images\/geschichte-esc-300x200.jpg 300w, https:\/\/www.dasschoenstekind.de\/news\/images\/geschichte-esc-225x150.jpg 225w\" sizes=\"(max-width: 600px) 100vw, 600px\" \/>Erstmals fand der <a href=\"https:\/\/www.eurovision.de\/\" target=\"_blank\" rel=\"noopener noreferrer nofollow\" title=\"Eurovision Song Contest\">Eurovision Song Contest<\/a> im Jahr 1956 statt und wurde von der Europ\u00e4ischen Rundfunkunion ins Leben gerufen. Er wurde in Lugano in der Schweiz ausgetragen. Zu Anfang wurde die Veranstaltung noch \u201cGrand Prix Eurovision de la Chanson\u201d genannt und hatte das Ziel, eine grenz\u00fcberschreitende Erfahrung zu sein, die gerade nach dem Zweiten Weltkrieg so wichtig gewesen war.<\/p>\n<p>Zu Anfang waren gerade einmal sieben L\u00e4nder mit dabei, doch \u00fcber die Jahre ist der Wettbewerb immer gr\u00f6\u00dfer geworden. K\u00fcnstler wie ABBA und C\u00e9line Dion waren ebenfalls schon mit dabei und konnten auch gewinnen. Denken wir nur an die letzten \u00dcberraschungssieger, zum Beispiel <a href=\"https:\/\/www.dasschoenstekind.de\/news\/skandinavien-metal-bands\/\" title=\"Lordi beim ESC 2006\">Lordi beim ESC 2006<\/a>, mit ihrem knackigen skandinavischen Metal-Sound.<\/p>\n<p>Deutschland ist von Anfang an dabei. Aufgrund der Sonderrolle als Gr\u00fcndungsmitglied hat man bisher bei jedem Wettbewerb teilgenommen, wenn auch die Bilanz bisher eher durchwachsen ist. Zweimal konnte Deutschland den ESC erst gewinnen. Das erste Mal 1982 mit Nicole und dem Lied \u201cEin bisschen Frieden\u201d. 2010 konnte Lena Meyer-Landrut nachlegen. Sie gewann mit ihrem Lied \u201cSatellite\u201d. Ein Jahr sp\u00e4ter landete sie auf Platz 10. Zwar konnte Roman Lob 2012 noch den achten Platz belegen, doch seitdem landete Deutschland auf den Pl\u00e4tzen 21, 18, 27 und 26. In den letzten f\u00fcnfzehn Jahren schaffte es Deutschland nur dreimal in die Top 10.<\/p>\n<h2>Fazit zu Unser Song 2017<\/h2>\n<p><img decoding=\"async\" src=\"https:\/\/www.dasschoenstekind.de\/news\/images\/fazit.jpg\" alt=\"Fazit zu Unser Song 2017\" width=\"120\" class=\"alignleft size-full wp-image-1616\" srcset=\"https:\/\/www.dasschoenstekind.de\/news\/images\/fazit.jpg 150w, https:\/\/www.dasschoenstekind.de\/news\/images\/fazit-120x120.jpg 120w\" sizes=\"(max-width: 150px) 100vw, 150px\" \/>Mit gro\u00dfem Abstand konnte sich Levina beim deutschen Vorentscheid f\u00fcr den Eurovision Song Contest 2017 durchsetzen. Die Freude ist gro\u00df, allerdings steigt damit jetzt auch der Druck. Nach vier sehr mageren Jahren soll Levina am 13. Mai in Kiew endlich wieder eine gute Platzierung <a href=\"https:\/\/www.dasschoenstekind.de\/news\/oceana-online\/\">f\u00fcr Deutschland<\/a> holen. Zuletzt landete Deutschland zweimal auf dem letzten Platz. Levina wird mit dem Lied \u201cPerfect Life\u201d dabei sein und hat sich in K\u00f6ln gegen die weiteren Finalisten Axel Maximilian Feige, Felicia Lu K\u00fcrbi\u00df, Helen Nissen und Yosefin Buohler durchsetzen k\u00f6nnen. \u00dcber den Sieg haben die Zuschauer per Voting abgestimmt.<\/p>\n","protected":false},"excerpt":{"rendered":"<p>Nach zwei letzten Pl\u00e4tzen in Folge will Deutschland beim Eurovision Song Contest 2017 wieder angreifen. Levina gewann den Vorentscheid mit dem Song \u201ePerfect Life\u201c und wird das Land in Kiew vertreten. Die Erwartungen an die S\u00e4ngerin sind hoch, denn die Bilanz der letzten Jahre f\u00e4llt ern\u00fcchternd aus. Wird sie den Negativtrend beim ESC stoppen k\u00f6nnen?<\/p>\n","protected":false},"author":1,"featured_media":1801,"comment_status":"closed","ping_status":"closed","sticky":false,"template":"","format":"standard","meta":{"_acf_changed":false,"footnotes":""},"categories":[1],"tags":[],"class_list":["post-1797","post","type-post","status-publish","format-standard","has-post-thumbnail","hentry","category-allgemein"],"acf":[],"yoast_head":"<!-- This site is optimized with the Yoast SEO Premium plugin v25.9 (Yoast SEO v27.2) - https:\/\/yoast.com\/product\/yoast-seo-premium-wordpress\/ -->\n<title>Unser Song 2017: Levina f\u00e4hrt f\u00fcr Deutschland nach Kiew<\/title>\n<meta name=\"description\" content=\"Beim Vorentscheid &quot;Unser Song&quot; setzte sich die K\u00fcnstlerin Levina klar durch. Am 13. Mai tritt sie mit \u201ePerfect Life\u201c in Kiew beim ESC an.\" \/>\n<meta name=\"robots\" content=\"index, follow, max-snippet:-1, max-image-preview:large, max-video-preview:-1\" \/>\n<link rel=\"canonical\" href=\"https:\/\/www.dasschoenstekind.de\/news\/unser-song-2017\/\" \/>\n<meta property=\"og:locale\" content=\"de_DE\" \/>\n<meta property=\"og:type\" content=\"article\" \/>\n<meta property=\"og:title\" content=\"Unser Song Entscheidung gefallen: Levina f\u00e4hrt zum ESC 2017\" \/>\n<meta property=\"og:description\" content=\"Beim Vorentscheid &quot;Unser Song&quot; setzte sich die K\u00fcnstlerin Levina klar durch. Am 13. Mai tritt sie mit \u201ePerfect Life\u201c in Kiew beim ESC an.\" \/>\n<meta property=\"og:url\" content=\"https:\/\/www.dasschoenstekind.de\/news\/unser-song-2017\/\" \/>\n<meta property=\"og:site_name\" content=\"Rammstein News\" \/>\n<meta property=\"article:published_time\" content=\"2017-02-11T09:13:42+00:00\" \/>\n<meta property=\"article:modified_time\" content=\"2025-08-28T10:20:49+00:00\" \/>\n<meta property=\"og:image\" content=\"https:\/\/www.dasschoenstekind.de\/news\/images\/unser-song-2017.jpg\" \/>\n\t<meta property=\"og:image:width\" content=\"1000\" \/>\n\t<meta property=\"og:image:height\" content=\"648\" \/>\n\t<meta property=\"og:image:type\" content=\"image\/jpeg\" \/>\n<meta name=\"author\" content=\"admin\" \/>\n<meta name=\"twitter:card\" content=\"summary_large_image\" \/>\n<meta name=\"twitter:label1\" content=\"Verfasst von\" \/>\n\t<meta name=\"twitter:data1\" content=\"admin\" \/>\n\t<meta name=\"twitter:label2\" content=\"Gesch\u00e4tzte Lesezeit\" \/>\n\t<meta name=\"twitter:data2\" content=\"6\u00a0Minuten\" \/>\n<script type=\"application\/ld+json\" class=\"yoast-schema-graph\">{\"@context\":\"https:\/\/schema.org\",\"@graph\":[{\"@type\":\"Article\",\"@id\":\"https:\/\/www.dasschoenstekind.de\/news\/unser-song-2017\/#article\",\"isPartOf\":{\"@id\":\"https:\/\/www.dasschoenstekind.de\/news\/unser-song-2017\/\"},\"author\":{\"name\":\"admin\",\"@id\":\"https:\/\/www.dasschoenstekind.de\/news\/#\/schema\/person\/dd1ad54d9a7552706cf9694969b65793\"},\"headline\":\"Unser Song Entscheidung gefallen: Levina f\u00e4hrt zum ESC 2017\",\"datePublished\":\"2017-02-11T09:13:42+00:00\",\"dateModified\":\"2025-08-28T10:20:49+00:00\",\"mainEntityOfPage\":{\"@id\":\"https:\/\/www.dasschoenstekind.de\/news\/unser-song-2017\/\"},\"wordCount\":876,\"image\":{\"@id\":\"https:\/\/www.dasschoenstekind.de\/news\/unser-song-2017\/#primaryimage\"},\"thumbnailUrl\":\"https:\/\/www.dasschoenstekind.de\/news\/images\/unser-song-2017.jpg\",\"inLanguage\":\"de\"},{\"@type\":\"WebPage\",\"@id\":\"https:\/\/www.dasschoenstekind.de\/news\/unser-song-2017\/\",\"url\":\"https:\/\/www.dasschoenstekind.de\/news\/unser-song-2017\/\",\"name\":\"Unser Song 2017: Levina f\u00e4hrt f\u00fcr Deutschland nach Kiew\",\"isPartOf\":{\"@id\":\"https:\/\/www.dasschoenstekind.de\/news\/#website\"},\"primaryImageOfPage\":{\"@id\":\"https:\/\/www.dasschoenstekind.de\/news\/unser-song-2017\/#primaryimage\"},\"image\":{\"@id\":\"https:\/\/www.dasschoenstekind.de\/news\/unser-song-2017\/#primaryimage\"},\"thumbnailUrl\":\"https:\/\/www.dasschoenstekind.de\/news\/images\/unser-song-2017.jpg\",\"datePublished\":\"2017-02-11T09:13:42+00:00\",\"dateModified\":\"2025-08-28T10:20:49+00:00\",\"author\":{\"@id\":\"https:\/\/www.dasschoenstekind.de\/news\/#\/schema\/person\/dd1ad54d9a7552706cf9694969b65793\"},\"description\":\"Beim Vorentscheid \\\"Unser Song\\\" setzte sich die K\u00fcnstlerin Levina klar durch. Am 13. Mai tritt sie mit \u201ePerfect Life\u201c in Kiew beim ESC an.\",\"breadcrumb\":{\"@id\":\"https:\/\/www.dasschoenstekind.de\/news\/unser-song-2017\/#breadcrumb\"},\"inLanguage\":\"de\",\"potentialAction\":[{\"@type\":\"ReadAction\",\"target\":[\"https:\/\/www.dasschoenstekind.de\/news\/unser-song-2017\/\"]}]},{\"@type\":\"ImageObject\",\"inLanguage\":\"de\",\"@id\":\"https:\/\/www.dasschoenstekind.de\/news\/unser-song-2017\/#primaryimage\",\"url\":\"https:\/\/www.dasschoenstekind.de\/news\/images\/unser-song-2017.jpg\",\"contentUrl\":\"https:\/\/www.dasschoenstekind.de\/news\/images\/unser-song-2017.jpg\",\"width\":1000,\"height\":648,\"caption\":\"Unser Song Entscheidung gefallen: Levina f\u00e4hrt zum ESC 2017\"},{\"@type\":\"BreadcrumbList\",\"@id\":\"https:\/\/www.dasschoenstekind.de\/news\/unser-song-2017\/#breadcrumb\",\"itemListElement\":[{\"@type\":\"ListItem\",\"position\":1,\"name\":\"Startseite\",\"item\":\"https:\/\/www.dasschoenstekind.de\/news\/\"},{\"@type\":\"ListItem\",\"position\":2,\"name\":\"Unser Song Entscheidung gefallen: Levina f\u00e4hrt zum ESC 2017\"}]},{\"@type\":\"WebSite\",\"@id\":\"https:\/\/www.dasschoenstekind.de\/news\/#website\",\"url\":\"https:\/\/www.dasschoenstekind.de\/news\/\",\"name\":\"Rammstein News\",\"description\":\"Eine weitere WordPress-Website\",\"potentialAction\":[{\"@type\":\"SearchAction\",\"target\":{\"@type\":\"EntryPoint\",\"urlTemplate\":\"https:\/\/www.dasschoenstekind.de\/news\/?s={search_term_string}\"},\"query-input\":{\"@type\":\"PropertyValueSpecification\",\"valueRequired\":true,\"valueName\":\"search_term_string\"}}],\"inLanguage\":\"de\"},{\"@type\":\"Person\",\"@id\":\"https:\/\/www.dasschoenstekind.de\/news\/#\/schema\/person\/dd1ad54d9a7552706cf9694969b65793\",\"name\":\"admin\",\"image\":{\"@type\":\"ImageObject\",\"inLanguage\":\"de\",\"@id\":\"https:\/\/secure.gravatar.com\/avatar\/c86a06baa38045c6b53e2c395991625853e062e9ce6e363321311c42ffe8e2f8?s=96&d=mm&r=g\",\"url\":\"https:\/\/secure.gravatar.com\/avatar\/c86a06baa38045c6b53e2c395991625853e062e9ce6e363321311c42ffe8e2f8?s=96&d=mm&r=g\",\"contentUrl\":\"https:\/\/secure.gravatar.com\/avatar\/c86a06baa38045c6b53e2c395991625853e062e9ce6e363321311c42ffe8e2f8?s=96&d=mm&r=g\",\"caption\":\"admin\"},\"url\":\"https:\/\/www.dasschoenstekind.de\/news\/author\/admin\/\"}]}<\/script>\n<!-- \/ Yoast SEO Premium plugin. -->","yoast_head_json":{"title":"Unser Song 2017: Levina f\u00e4hrt f\u00fcr Deutschland nach Kiew","description":"Beim Vorentscheid \"Unser Song\" setzte sich die K\u00fcnstlerin Levina klar durch. Am 13. Mai tritt sie mit \u201ePerfect Life\u201c in Kiew beim ESC an.","robots":{"index":"index","follow":"follow","max-snippet":"max-snippet:-1","max-image-preview":"max-image-preview:large","max-video-preview":"max-video-preview:-1"},"canonical":"https:\/\/www.dasschoenstekind.de\/news\/unser-song-2017\/","og_locale":"de_DE","og_type":"article","og_title":"Unser Song Entscheidung gefallen: Levina f\u00e4hrt zum ESC 2017","og_description":"Beim Vorentscheid \"Unser Song\" setzte sich die K\u00fcnstlerin Levina klar durch. Am 13. Mai tritt sie mit \u201ePerfect Life\u201c in Kiew beim ESC an.","og_url":"https:\/\/www.dasschoenstekind.de\/news\/unser-song-2017\/","og_site_name":"Rammstein News","article_published_time":"2017-02-11T09:13:42+00:00","article_modified_time":"2025-08-28T10:20:49+00:00","og_image":[{"width":1000,"height":648,"url":"https:\/\/www.dasschoenstekind.de\/news\/images\/unser-song-2017.jpg","type":"image\/jpeg"}],"author":"admin","twitter_card":"summary_large_image","twitter_misc":{"Verfasst von":"admin","Gesch\u00e4tzte Lesezeit":"6\u00a0Minuten"},"schema":{"@context":"https:\/\/schema.org","@graph":[{"@type":"Article","@id":"https:\/\/www.dasschoenstekind.de\/news\/unser-song-2017\/#article","isPartOf":{"@id":"https:\/\/www.dasschoenstekind.de\/news\/unser-song-2017\/"},"author":{"name":"admin","@id":"https:\/\/www.dasschoenstekind.de\/news\/#\/schema\/person\/dd1ad54d9a7552706cf9694969b65793"},"headline":"Unser Song Entscheidung gefallen: Levina f\u00e4hrt zum ESC 2017","datePublished":"2017-02-11T09:13:42+00:00","dateModified":"2025-08-28T10:20:49+00:00","mainEntityOfPage":{"@id":"https:\/\/www.dasschoenstekind.de\/news\/unser-song-2017\/"},"wordCount":876,"image":{"@id":"https:\/\/www.dasschoenstekind.de\/news\/unser-song-2017\/#primaryimage"},"thumbnailUrl":"https:\/\/www.dasschoenstekind.de\/news\/images\/unser-song-2017.jpg","inLanguage":"de"},{"@type":"WebPage","@id":"https:\/\/www.dasschoenstekind.de\/news\/unser-song-2017\/","url":"https:\/\/www.dasschoenstekind.de\/news\/unser-song-2017\/","name":"Unser Song 2017: Levina f\u00e4hrt f\u00fcr Deutschland nach Kiew","isPartOf":{"@id":"https:\/\/www.dasschoenstekind.de\/news\/#website"},"primaryImageOfPage":{"@id":"https:\/\/www.dasschoenstekind.de\/news\/unser-song-2017\/#primaryimage"},"image":{"@id":"https:\/\/www.dasschoenstekind.de\/news\/unser-song-2017\/#primaryimage"},"thumbnailUrl":"https:\/\/www.dasschoenstekind.de\/news\/images\/unser-song-2017.jpg","datePublished":"2017-02-11T09:13:42+00:00","dateModified":"2025-08-28T10:20:49+00:00","author":{"@id":"https:\/\/www.dasschoenstekind.de\/news\/#\/schema\/person\/dd1ad54d9a7552706cf9694969b65793"},"description":"Beim Vorentscheid \"Unser Song\" setzte sich die K\u00fcnstlerin Levina klar durch. Am 13. Mai tritt sie mit \u201ePerfect Life\u201c in Kiew beim ESC an.","breadcrumb":{"@id":"https:\/\/www.dasschoenstekind.de\/news\/unser-song-2017\/#breadcrumb"},"inLanguage":"de","potentialAction":[{"@type":"ReadAction","target":["https:\/\/www.dasschoenstekind.de\/news\/unser-song-2017\/"]}]},{"@type":"ImageObject","inLanguage":"de","@id":"https:\/\/www.dasschoenstekind.de\/news\/unser-song-2017\/#primaryimage","url":"https:\/\/www.dasschoenstekind.de\/news\/images\/unser-song-2017.jpg","contentUrl":"https:\/\/www.dasschoenstekind.de\/news\/images\/unser-song-2017.jpg","width":1000,"height":648,"caption":"Unser Song Entscheidung gefallen: Levina f\u00e4hrt zum ESC 2017"},{"@type":"BreadcrumbList","@id":"https:\/\/www.dasschoenstekind.de\/news\/unser-song-2017\/#breadcrumb","itemListElement":[{"@type":"ListItem","position":1,"name":"Startseite","item":"https:\/\/www.dasschoenstekind.de\/news\/"},{"@type":"ListItem","position":2,"name":"Unser Song Entscheidung gefallen: Levina f\u00e4hrt zum ESC 2017"}]},{"@type":"WebSite","@id":"https:\/\/www.dasschoenstekind.de\/news\/#website","url":"https:\/\/www.dasschoenstekind.de\/news\/","name":"Rammstein News","description":"Eine weitere WordPress-Website","potentialAction":[{"@type":"SearchAction","target":{"@type":"EntryPoint","urlTemplate":"https:\/\/www.dasschoenstekind.de\/news\/?s={search_term_string}"},"query-input":{"@type":"PropertyValueSpecification","valueRequired":true,"valueName":"search_term_string"}}],"inLanguage":"de"},{"@type":"Person","@id":"https:\/\/www.dasschoenstekind.de\/news\/#\/schema\/person\/dd1ad54d9a7552706cf9694969b65793","name":"admin","image":{"@type":"ImageObject","inLanguage":"de","@id":"https:\/\/secure.gravatar.com\/avatar\/c86a06baa38045c6b53e2c395991625853e062e9ce6e363321311c42ffe8e2f8?s=96&d=mm&r=g","url":"https:\/\/secure.gravatar.com\/avatar\/c86a06baa38045c6b53e2c395991625853e062e9ce6e363321311c42ffe8e2f8?s=96&d=mm&r=g","contentUrl":"https:\/\/secure.gravatar.com\/avatar\/c86a06baa38045c6b53e2c395991625853e062e9ce6e363321311c42ffe8e2f8?s=96&d=mm&r=g","caption":"admin"},"url":"https:\/\/www.dasschoenstekind.de\/news\/author\/admin\/"}]}},"_links":{"self":[{"href":"https:\/\/www.dasschoenstekind.de\/news\/wp-json\/wp\/v2\/posts\/1797","targetHints":{"allow":["GET"]}}],"collection":[{"href":"https:\/\/www.dasschoenstekind.de\/news\/wp-json\/wp\/v2\/posts"}],"about":[{"href":"https:\/\/www.dasschoenstekind.de\/news\/wp-json\/wp\/v2\/types\/post"}],"author":[{"embeddable":true,"href":"https:\/\/www.dasschoenstekind.de\/news\/wp-json\/wp\/v2\/users\/1"}],"replies":[{"embeddable":true,"href":"https:\/\/www.dasschoenstekind.de\/news\/wp-json\/wp\/v2\/comments?post=1797"}],"version-history":[{"count":7,"href":"https:\/\/www.dasschoenstekind.de\/news\/wp-json\/wp\/v2\/posts\/1797\/revisions"}],"predecessor-version":[{"id":1807,"href":"https:\/\/www.dasschoenstekind.de\/news\/wp-json\/wp\/v2\/posts\/1797\/revisions\/1807"}],"wp:featuredmedia":[{"embeddable":true,"href":"https:\/\/www.dasschoenstekind.de\/news\/wp-json\/wp\/v2\/media\/1801"}],"wp:attachment":[{"href":"https:\/\/www.dasschoenstekind.de\/news\/wp-json\/wp\/v2\/media?parent=1797"}],"wp:term":[{"taxonomy":"category","embeddable":true,"href":"https:\/\/www.dasschoenstekind.de\/news\/wp-json\/wp\/v2\/categories?post=1797"},{"taxonomy":"post_tag","embeddable":true,"href":"https:\/\/www.dasschoenstekind.de\/news\/wp-json\/wp\/v2\/tags?post=1797"}],"curies":[{"name":"wp","href":"https:\/\/api.w.org\/{rel}","templated":true}]}}