{"id":311,"date":"2020-04-17T15:25:14","date_gmt":"2020-04-17T13:25:14","guid":{"rendered":"https:\/\/www.dasschoenstekind.de\/news\/?p=311"},"modified":"2022-08-31T12:06:17","modified_gmt":"2022-08-31T10:06:17","slug":"sardonic","status":"publish","type":"post","link":"https:\/\/www.dasschoenstekind.de\/news\/sardonic\/","title":{"rendered":"Sardonic \u00bb die Todesblei Kapelle aus Osnabr\u00fcck"},"content":{"rendered":"<p>Das Death Metal Quintett &#8222;<strong>Sardonic<\/strong>&#8220; aus Osnabr\u00fcck legte eine ebenso steile wie auch beeindruckende Karriere hin. Im Sommer 2003 gr\u00fcndeten Sebastian Niehaus, Theo Nowatzky, Jojo Kosiek, Niels L\u00f6ffler und Stephan Schrut die Band. Noch im selben Jahr standen die f\u00fcnf Musiker aus Niedersachsen zusammen mit den Apokalyptischen Reitern auf der B\u00fchne. Auf diesen rasanten Start folgten erfolgreiche neun Jahre, in denen Sardonic zwei Langspieler sowie eine EP ver\u00f6ffentlichten. Au\u00dferdem gab es zahlreiche Auftritte mit Gr\u00f6\u00dfen aus der <strong>Death- und Thrash Metal Szene<\/strong> wie Jack Slater, Vader, Obituary oder Fragments of Unbecoming.<\/p>\n<p>Der erfolgreiche Einstand von Sardonic ist nicht zuletzt der Erfahrung der f\u00fcnf Musiker zuzuschreiben. <a href=\"https:\/\/www.dasschoenstekind.de\/news\/gates-of-dawn\/\">Die Band setzt sich<\/a> aus ehemaligen Mitgliedern von Orden Organ, Predator, Stormblade, Branded Skin, Laxative, Draconis Sanguis und Spirit Corpse. Das Songwriting musste hier also nicht erst erlernt werden, sondern fu\u00dfte auf jahrelanger \u00dcbung. So kam auch schon ein Jahr nach Formation mit &#8222;Say 10&#8220; das erste Album auf den Markt. Damals noch in Eigenvertrieb machte sich die Band mit ihrem Debut bereits einen Namen in der europ\u00e4ischen Metal Szene. Es folgten viele Konzerte sowie kleine Touren und gerade mal zwei Jahre sp\u00e4ter stand schon der n\u00e4chste Langspieler im Regal. <\/p>\n<p>F\u00fcr das zweite Album &#8222;Symptomaniac&#8220; erhielten <em>Sardonic<\/em> einen Vertrag beim Label Musicaz Records. Diese Ver\u00f6ffentlichung schlug nicht nur in der nieders\u00e4chsischen Heimat ein wie eine Bombe. Das Metal Magazin Legacy bewertete das Release mit satten zehn Punkten und auch weitere Rezensionen sprachen eine eindeutige Sprache: Sardonic waren innerhalb k\u00fcrzester Zeit zu einem der neuen Sterne des europ\u00e4ischen Death Metal aufgestiegen.<\/p>\n<p><iframe loading=\"lazy\" width=\"100%\" height=\"365\" src=\"https:\/\/www.youtube.com\/embed\/VLezd3mpOSA\" frameborder=\"0\" allow=\"accelerometer; autoplay; encrypted-media; gyroscope; picture-in-picture\" allowfullscreen><\/iframe><\/p>\n<p>Als dritte und letzte Ver\u00f6ffentlichung schoss das Quintett anno 2009 noch die EP &#8222;Parasites&#8220; nach, die \u00fcber DB Agency ver\u00f6ffentlicht wurde. Das zwanzigmin\u00fctige Werk erhielt leider nicht ganz so viel Aufmerksamkeit wie seine Vorg\u00e4nger, war aber dennoch eine solide Produktion brachialen Death Metals. Hoffnungen auf neue Musik waren sp\u00e4testens im Jahr 2012 endg\u00fcltig ausger\u00e4umt, als die Band leider schon ihre Aufl\u00f6sung bekannt gab.<\/p>\n<h2>Stil der Band<\/h2>\n<p>Sardonic spielten <a href=\"https:\/\/www.dasschoenstekind.de\/news\/terrorizer-world-downfall\/\">schnellen und harten Death Metal<\/a> im klassischen Stil. Vor allem in Rhythmik und im Spiel der Gitarren waren vielerlei Einfl\u00fcsse aus dem Thrash Metal erkennbar. Was aber den unikaten Stil der Band aus Osnabr\u00fcck ausmachte, war ihr stets pr\u00e4senter Groove. Mit diesen Zutaten im Gep\u00e4ck und einer geschickt angebrachten Portion Melodie preschten, walzten, h\u00e4mmerten und krachten Sardonic durch die Pr\u00e4rie. Mit hoher Geschwindigkeit und immerzu brachialer Gewalt brachte der intensive Death Metal von Sardonic im Handumdrehen K\u00f6pfe zum Bangen. Wie ein Maschinengewehr feuerte Schlagzeuger Stephan Schrut brutale Klanglandschaften ins Rollen. <\/p>\n<p>Bassist Niels L\u00f6ffler erzeugte indes zusammen mit den Gitarristen Sebastian Niehaus und Theo Nowatzky ein gewaltiges Monster aus Groove, Melodie und brachialer Urgewalt. Der Sound von Sardonic war wie eine undurchdringliche und rabiate Wand aus sch\u00f6nstem Death Metal. Zu vorderster Front stand S\u00e4nger Jojo Kosiek, der mit seinem unfassbaren Stimmvolumen viele Stars in die Tasche steckte. Vom hohen und giftigen Kr\u00e4chzen \u00fcber den kraftvollsten Shout bis zu Growls, die bis unter den Keller gehen, schrie sich Kosiek in Perfektion durch die Tonlagen.<\/p>\n<p><iframe loading=\"lazy\" width=\"100%\" height=\"365\" src=\"https:\/\/www.youtube.com\/embed\/fOuG7vsu4lU\" frameborder=\"0\" allow=\"accelerometer; autoplay; encrypted-media; gyroscope; picture-in-picture\" allowfullscreen><\/iframe><\/p>\n<p>Bekannt wurden Sardonic nicht nur in ihrer nieders\u00e4chsischen Heimat und in Deutschland. Ihre Touren begleiteten die Band vor allem in den S\u00fcdosten Europas. In Slowenien und Ungarn spielte das F\u00fcnfergespann viele eindrucksvolle Shows und ist dort nachhaltig im Ged\u00e4chtnis geblieben. Auch im Nachbarland Polen wurde schnell das Potential der Band aus Osnabr\u00fcck erkannt. Im Zuge der Promo Tour f\u00fcr das zweite Album &#8222;Symptomaniac&#8220; gingen Sardonic mit keinen geringeren als Vader auf Tournee. Die Death Metal Giganten aus dem polnischen Olsztyn w\u00e4hlten aus guten Gr\u00fcnden Sardonic als Tour Support und sorgten somit f\u00fcr ein wahres Schlachtfest bei jedem Auftritt.<\/p>\n<p>Ob im kleinen Club oder Jugendzentrum, in den gr\u00f6\u00dferen Hallen oder auf den Festivals: Sardonic haben in den neun Jahren ihrer Pr\u00e4senz alles abgerissen. Vor den eindrucksvollen, fesselnden und brutalen Auftritten der Band war nichts und niemand sicher. Und es ging niemand entt\u00e4uscht nach Hause.<\/p>\n<h2>Humorvolle B\u00fchnengewalt<\/h2>\n<p>Womit die Band ebenfalls vielen Fans und Freunden im Ged\u00e4chtnis bleiben wird, ist ihr gro\u00dfartiger Humor von &#8222;<strong>Sardonic<\/strong>&#8222;. Auf dem ersten Album &#8222;Say 10&#8220; gab es mit dem Song &#8218;Beer Panic&#8216; eine wundersch\u00f6ne Hommage an das k\u00f6stliche Getr\u00e4nk aus Hopfen, Gerstenmalz und Wasser. Dieser Song wurde nat\u00fcrlich auch bei Live Auftritten erfolgreich genutzt, um den Behopfungsstand des Publikums zu verst\u00e4rken. Derartige Trinklieder im Stile der Frankfurter Thrash Metal Legenden Tankard blieben auf den sp\u00e4teren Releases aus. Ihren Humor hat die Band aber keineswegs unterwegs abgelegt oder gar verloren. Der Witz in Titeln wie &#8218;Surviving the Abortion&#8216; (auf &#8222;Symptomaniac&#8220;) oder dem &#8218;Cannibalism Gospel&#8216; (auf &#8222;Parasites&#8220;) mag nur nicht allen Menschen direkt ins Gesicht springen. Wer vor morbidem Humor nicht zur\u00fcckschreckt und sich selbst als auch die Metal Szene nicht immer bierernst nimmt, hatte aber endlos viel Spa\u00df mit Sardonic.<\/p>\n<p>Und auch auf der B\u00fchne war der Humor der f\u00fcnf Osnabr\u00fccker Todesschwadronen ein wichtiger Bestandteil jedes Auftritts. Ob zwischen den Songs bei stichigen Ank\u00fcndigungen oder auch w\u00e4hrend dem Gekn\u00fcppel: Sardonic waren bekannt daf\u00fcr, Spa\u00df auf der B\u00fchne zu haben. Und diese humorvolle Freude war wie ansteckend f\u00fcr das Publikum.<\/p>\n<h2>Sardonic Diskographie<\/h2>\n<p><strong>Alben:<\/strong><\/p>\n<ol>\n<li>Say 10 (2004)<\/li>\n<li>Symptomaniac (2006)<\/li>\n<\/ol>\n<p><strong>EPs:<\/strong><\/p>\n<ol>\n<li>Parasites (2009)<\/li>\n<\/ol>\n","protected":false},"excerpt":{"rendered":"<p>Das Death Metal Quintett &#8222;Sardonic&#8220; legte eine beeindruckende Karriere hin. Auf ihren rasanten Start im Jahre 2003 folgten erfolgreiche neun Jahre. So kam nach einem Jahr mit \u201eSay 10\u201c das erste Album der Band auf den Markt. Sardonic haben in den neun Jahren bis zu ihrer Aufl\u00f6sung ihrer Pr\u00e4senz alles mitgenommen. <\/p>\n","protected":false},"author":1,"featured_media":316,"comment_status":"closed","ping_status":"closed","sticky":false,"template":"","format":"standard","meta":{"_acf_changed":false,"footnotes":""},"categories":[1],"tags":[],"class_list":["post-311","post","type-post","status-publish","format-standard","has-post-thumbnail","hentry","category-allgemein"],"acf":[],"yoast_head":"<!-- This site is optimized with the Yoast SEO Premium plugin v25.9 (Yoast SEO v27.2) - https:\/\/yoast.com\/product\/yoast-seo-premium-wordpress\/ -->\n<title>Sardonic \u00bb die Todesblei Kapelle aus Osnabr\u00fcck<\/title>\n<meta name=\"description\" content=\"Death Metal Quintett &quot;Sardonic&quot; legte eine beeindruckende Karriere hin. durch rasanten Start im Jahre 2003 folgten erfolgreiche neun Jahre.\" \/>\n<meta name=\"robots\" content=\"index, follow, max-snippet:-1, max-image-preview:large, max-video-preview:-1\" \/>\n<link rel=\"canonical\" href=\"https:\/\/www.dasschoenstekind.de\/news\/sardonic\/\" \/>\n<meta property=\"og:locale\" content=\"de_DE\" \/>\n<meta property=\"og:type\" content=\"article\" \/>\n<meta property=\"og:title\" content=\"Sardonic \u00bb die Todesblei Kapelle aus Osnabr\u00fcck\" \/>\n<meta property=\"og:description\" content=\"Death Metal Quintett &quot;Sardonic&quot; legte eine beeindruckende Karriere hin. durch rasanten Start im Jahre 2003 folgten erfolgreiche neun Jahre.\" \/>\n<meta property=\"og:url\" content=\"https:\/\/www.dasschoenstekind.de\/news\/sardonic\/\" \/>\n<meta property=\"og:site_name\" content=\"Rammstein News\" \/>\n<meta property=\"article:published_time\" content=\"2020-04-17T13:25:14+00:00\" \/>\n<meta property=\"article:modified_time\" content=\"2022-08-31T10:06:17+00:00\" \/>\n<meta property=\"og:image\" content=\"https:\/\/www.dasschoenstekind.de\/news\/images\/sardonic.jpg\" \/>\n\t<meta property=\"og:image:width\" content=\"753\" \/>\n\t<meta property=\"og:image:height\" content=\"502\" \/>\n\t<meta property=\"og:image:type\" content=\"image\/jpeg\" \/>\n<meta name=\"author\" content=\"admin\" \/>\n<meta name=\"twitter:card\" content=\"summary_large_image\" \/>\n<meta name=\"twitter:label1\" content=\"Verfasst von\" \/>\n\t<meta name=\"twitter:data1\" content=\"admin\" \/>\n\t<meta name=\"twitter:label2\" content=\"Gesch\u00e4tzte Lesezeit\" \/>\n\t<meta name=\"twitter:data2\" content=\"4\u00a0Minuten\" \/>\n<script type=\"application\/ld+json\" class=\"yoast-schema-graph\">{\"@context\":\"https:\/\/schema.org\",\"@graph\":[{\"@type\":\"Article\",\"@id\":\"https:\/\/www.dasschoenstekind.de\/news\/sardonic\/#article\",\"isPartOf\":{\"@id\":\"https:\/\/www.dasschoenstekind.de\/news\/sardonic\/\"},\"author\":{\"name\":\"admin\",\"@id\":\"https:\/\/www.dasschoenstekind.de\/news\/#\/schema\/person\/dd1ad54d9a7552706cf9694969b65793\"},\"headline\":\"Sardonic \u00bb die Todesblei Kapelle aus Osnabr\u00fcck\",\"datePublished\":\"2020-04-17T13:25:14+00:00\",\"dateModified\":\"2022-08-31T10:06:17+00:00\",\"mainEntityOfPage\":{\"@id\":\"https:\/\/www.dasschoenstekind.de\/news\/sardonic\/\"},\"wordCount\":904,\"image\":{\"@id\":\"https:\/\/www.dasschoenstekind.de\/news\/sardonic\/#primaryimage\"},\"thumbnailUrl\":\"https:\/\/www.dasschoenstekind.de\/news\/images\/sardonic.jpg\",\"inLanguage\":\"de\"},{\"@type\":\"WebPage\",\"@id\":\"https:\/\/www.dasschoenstekind.de\/news\/sardonic\/\",\"url\":\"https:\/\/www.dasschoenstekind.de\/news\/sardonic\/\",\"name\":\"Sardonic \u00bb die Todesblei Kapelle aus Osnabr\u00fcck\",\"isPartOf\":{\"@id\":\"https:\/\/www.dasschoenstekind.de\/news\/#website\"},\"primaryImageOfPage\":{\"@id\":\"https:\/\/www.dasschoenstekind.de\/news\/sardonic\/#primaryimage\"},\"image\":{\"@id\":\"https:\/\/www.dasschoenstekind.de\/news\/sardonic\/#primaryimage\"},\"thumbnailUrl\":\"https:\/\/www.dasschoenstekind.de\/news\/images\/sardonic.jpg\",\"datePublished\":\"2020-04-17T13:25:14+00:00\",\"dateModified\":\"2022-08-31T10:06:17+00:00\",\"author\":{\"@id\":\"https:\/\/www.dasschoenstekind.de\/news\/#\/schema\/person\/dd1ad54d9a7552706cf9694969b65793\"},\"description\":\"Death Metal Quintett \\\"Sardonic\\\" legte eine beeindruckende Karriere hin. durch rasanten Start im Jahre 2003 folgten erfolgreiche neun Jahre.\",\"breadcrumb\":{\"@id\":\"https:\/\/www.dasschoenstekind.de\/news\/sardonic\/#breadcrumb\"},\"inLanguage\":\"de\",\"potentialAction\":[{\"@type\":\"ReadAction\",\"target\":[\"https:\/\/www.dasschoenstekind.de\/news\/sardonic\/\"]}]},{\"@type\":\"ImageObject\",\"inLanguage\":\"de\",\"@id\":\"https:\/\/www.dasschoenstekind.de\/news\/sardonic\/#primaryimage\",\"url\":\"https:\/\/www.dasschoenstekind.de\/news\/images\/sardonic.jpg\",\"contentUrl\":\"https:\/\/www.dasschoenstekind.de\/news\/images\/sardonic.jpg\",\"width\":753,\"height\":502,\"caption\":\"Sardonic\"},{\"@type\":\"BreadcrumbList\",\"@id\":\"https:\/\/www.dasschoenstekind.de\/news\/sardonic\/#breadcrumb\",\"itemListElement\":[{\"@type\":\"ListItem\",\"position\":1,\"name\":\"Startseite\",\"item\":\"https:\/\/www.dasschoenstekind.de\/news\/\"},{\"@type\":\"ListItem\",\"position\":2,\"name\":\"Sardonic \u00bb die Todesblei Kapelle aus Osnabr\u00fcck\"}]},{\"@type\":\"WebSite\",\"@id\":\"https:\/\/www.dasschoenstekind.de\/news\/#website\",\"url\":\"https:\/\/www.dasschoenstekind.de\/news\/\",\"name\":\"Rammstein News\",\"description\":\"Eine weitere WordPress-Website\",\"potentialAction\":[{\"@type\":\"SearchAction\",\"target\":{\"@type\":\"EntryPoint\",\"urlTemplate\":\"https:\/\/www.dasschoenstekind.de\/news\/?s={search_term_string}\"},\"query-input\":{\"@type\":\"PropertyValueSpecification\",\"valueRequired\":true,\"valueName\":\"search_term_string\"}}],\"inLanguage\":\"de\"},{\"@type\":\"Person\",\"@id\":\"https:\/\/www.dasschoenstekind.de\/news\/#\/schema\/person\/dd1ad54d9a7552706cf9694969b65793\",\"name\":\"admin\",\"image\":{\"@type\":\"ImageObject\",\"inLanguage\":\"de\",\"@id\":\"https:\/\/secure.gravatar.com\/avatar\/c86a06baa38045c6b53e2c395991625853e062e9ce6e363321311c42ffe8e2f8?s=96&d=mm&r=g\",\"url\":\"https:\/\/secure.gravatar.com\/avatar\/c86a06baa38045c6b53e2c395991625853e062e9ce6e363321311c42ffe8e2f8?s=96&d=mm&r=g\",\"contentUrl\":\"https:\/\/secure.gravatar.com\/avatar\/c86a06baa38045c6b53e2c395991625853e062e9ce6e363321311c42ffe8e2f8?s=96&d=mm&r=g\",\"caption\":\"admin\"},\"url\":\"https:\/\/www.dasschoenstekind.de\/news\/author\/admin\/\"}]}<\/script>\n<!-- \/ Yoast SEO Premium plugin. -->","yoast_head_json":{"title":"Sardonic \u00bb die Todesblei Kapelle aus Osnabr\u00fcck","description":"Death Metal Quintett \"Sardonic\" legte eine beeindruckende Karriere hin. durch rasanten Start im Jahre 2003 folgten erfolgreiche neun Jahre.","robots":{"index":"index","follow":"follow","max-snippet":"max-snippet:-1","max-image-preview":"max-image-preview:large","max-video-preview":"max-video-preview:-1"},"canonical":"https:\/\/www.dasschoenstekind.de\/news\/sardonic\/","og_locale":"de_DE","og_type":"article","og_title":"Sardonic \u00bb die Todesblei Kapelle aus Osnabr\u00fcck","og_description":"Death Metal Quintett \"Sardonic\" legte eine beeindruckende Karriere hin. durch rasanten Start im Jahre 2003 folgten erfolgreiche neun Jahre.","og_url":"https:\/\/www.dasschoenstekind.de\/news\/sardonic\/","og_site_name":"Rammstein News","article_published_time":"2020-04-17T13:25:14+00:00","article_modified_time":"2022-08-31T10:06:17+00:00","og_image":[{"width":753,"height":502,"url":"https:\/\/www.dasschoenstekind.de\/news\/images\/sardonic.jpg","type":"image\/jpeg"}],"author":"admin","twitter_card":"summary_large_image","twitter_misc":{"Verfasst von":"admin","Gesch\u00e4tzte Lesezeit":"4\u00a0Minuten"},"schema":{"@context":"https:\/\/schema.org","@graph":[{"@type":"Article","@id":"https:\/\/www.dasschoenstekind.de\/news\/sardonic\/#article","isPartOf":{"@id":"https:\/\/www.dasschoenstekind.de\/news\/sardonic\/"},"author":{"name":"admin","@id":"https:\/\/www.dasschoenstekind.de\/news\/#\/schema\/person\/dd1ad54d9a7552706cf9694969b65793"},"headline":"Sardonic \u00bb die Todesblei Kapelle aus Osnabr\u00fcck","datePublished":"2020-04-17T13:25:14+00:00","dateModified":"2022-08-31T10:06:17+00:00","mainEntityOfPage":{"@id":"https:\/\/www.dasschoenstekind.de\/news\/sardonic\/"},"wordCount":904,"image":{"@id":"https:\/\/www.dasschoenstekind.de\/news\/sardonic\/#primaryimage"},"thumbnailUrl":"https:\/\/www.dasschoenstekind.de\/news\/images\/sardonic.jpg","inLanguage":"de"},{"@type":"WebPage","@id":"https:\/\/www.dasschoenstekind.de\/news\/sardonic\/","url":"https:\/\/www.dasschoenstekind.de\/news\/sardonic\/","name":"Sardonic \u00bb die Todesblei Kapelle aus Osnabr\u00fcck","isPartOf":{"@id":"https:\/\/www.dasschoenstekind.de\/news\/#website"},"primaryImageOfPage":{"@id":"https:\/\/www.dasschoenstekind.de\/news\/sardonic\/#primaryimage"},"image":{"@id":"https:\/\/www.dasschoenstekind.de\/news\/sardonic\/#primaryimage"},"thumbnailUrl":"https:\/\/www.dasschoenstekind.de\/news\/images\/sardonic.jpg","datePublished":"2020-04-17T13:25:14+00:00","dateModified":"2022-08-31T10:06:17+00:00","author":{"@id":"https:\/\/www.dasschoenstekind.de\/news\/#\/schema\/person\/dd1ad54d9a7552706cf9694969b65793"},"description":"Death Metal Quintett \"Sardonic\" legte eine beeindruckende Karriere hin. durch rasanten Start im Jahre 2003 folgten erfolgreiche neun Jahre.","breadcrumb":{"@id":"https:\/\/www.dasschoenstekind.de\/news\/sardonic\/#breadcrumb"},"inLanguage":"de","potentialAction":[{"@type":"ReadAction","target":["https:\/\/www.dasschoenstekind.de\/news\/sardonic\/"]}]},{"@type":"ImageObject","inLanguage":"de","@id":"https:\/\/www.dasschoenstekind.de\/news\/sardonic\/#primaryimage","url":"https:\/\/www.dasschoenstekind.de\/news\/images\/sardonic.jpg","contentUrl":"https:\/\/www.dasschoenstekind.de\/news\/images\/sardonic.jpg","width":753,"height":502,"caption":"Sardonic"},{"@type":"BreadcrumbList","@id":"https:\/\/www.dasschoenstekind.de\/news\/sardonic\/#breadcrumb","itemListElement":[{"@type":"ListItem","position":1,"name":"Startseite","item":"https:\/\/www.dasschoenstekind.de\/news\/"},{"@type":"ListItem","position":2,"name":"Sardonic \u00bb die Todesblei Kapelle aus Osnabr\u00fcck"}]},{"@type":"WebSite","@id":"https:\/\/www.dasschoenstekind.de\/news\/#website","url":"https:\/\/www.dasschoenstekind.de\/news\/","name":"Rammstein News","description":"Eine weitere WordPress-Website","potentialAction":[{"@type":"SearchAction","target":{"@type":"EntryPoint","urlTemplate":"https:\/\/www.dasschoenstekind.de\/news\/?s={search_term_string}"},"query-input":{"@type":"PropertyValueSpecification","valueRequired":true,"valueName":"search_term_string"}}],"inLanguage":"de"},{"@type":"Person","@id":"https:\/\/www.dasschoenstekind.de\/news\/#\/schema\/person\/dd1ad54d9a7552706cf9694969b65793","name":"admin","image":{"@type":"ImageObject","inLanguage":"de","@id":"https:\/\/secure.gravatar.com\/avatar\/c86a06baa38045c6b53e2c395991625853e062e9ce6e363321311c42ffe8e2f8?s=96&d=mm&r=g","url":"https:\/\/secure.gravatar.com\/avatar\/c86a06baa38045c6b53e2c395991625853e062e9ce6e363321311c42ffe8e2f8?s=96&d=mm&r=g","contentUrl":"https:\/\/secure.gravatar.com\/avatar\/c86a06baa38045c6b53e2c395991625853e062e9ce6e363321311c42ffe8e2f8?s=96&d=mm&r=g","caption":"admin"},"url":"https:\/\/www.dasschoenstekind.de\/news\/author\/admin\/"}]}},"_links":{"self":[{"href":"https:\/\/www.dasschoenstekind.de\/news\/wp-json\/wp\/v2\/posts\/311","targetHints":{"allow":["GET"]}}],"collection":[{"href":"https:\/\/www.dasschoenstekind.de\/news\/wp-json\/wp\/v2\/posts"}],"about":[{"href":"https:\/\/www.dasschoenstekind.de\/news\/wp-json\/wp\/v2\/types\/post"}],"author":[{"embeddable":true,"href":"https:\/\/www.dasschoenstekind.de\/news\/wp-json\/wp\/v2\/users\/1"}],"replies":[{"embeddable":true,"href":"https:\/\/www.dasschoenstekind.de\/news\/wp-json\/wp\/v2\/comments?post=311"}],"version-history":[{"count":9,"href":"https:\/\/www.dasschoenstekind.de\/news\/wp-json\/wp\/v2\/posts\/311\/revisions"}],"predecessor-version":[{"id":322,"href":"https:\/\/www.dasschoenstekind.de\/news\/wp-json\/wp\/v2\/posts\/311\/revisions\/322"}],"wp:featuredmedia":[{"embeddable":true,"href":"https:\/\/www.dasschoenstekind.de\/news\/wp-json\/wp\/v2\/media\/316"}],"wp:attachment":[{"href":"https:\/\/www.dasschoenstekind.de\/news\/wp-json\/wp\/v2\/media?parent=311"}],"wp:term":[{"taxonomy":"category","embeddable":true,"href":"https:\/\/www.dasschoenstekind.de\/news\/wp-json\/wp\/v2\/categories?post=311"},{"taxonomy":"post_tag","embeddable":true,"href":"https:\/\/www.dasschoenstekind.de\/news\/wp-json\/wp\/v2\/tags?post=311"}],"curies":[{"name":"wp","href":"https:\/\/api.w.org\/{rel}","templated":true}]}}