{"id":531,"date":"2021-01-27T12:43:19","date_gmt":"2021-01-27T11:43:19","guid":{"rendered":"https:\/\/www.dasschoenstekind.de\/news\/?p=531"},"modified":"2022-08-31T12:03:35","modified_gmt":"2022-08-31T10:03:35","slug":"crikey","status":"publish","type":"post","link":"https:\/\/www.dasschoenstekind.de\/news\/crikey\/","title":{"rendered":"Crikey \u00bb die Powermetal Band aus Krefeld"},"content":{"rendered":"<p>Die Band <strong>Crikey<\/strong> besteht aus f\u00fcnf Mitgliedern. Den Gesang \u00fcbernimmt Dustin Roosen. Robert Balner an der Gitarre und den Bass \u00fcbernimmt Jochen Blachucinski, genannt Blake. Mit dabei die Geige von Andrea Justen und das Schlagzeug mit Andreas Mantel. Im Laufe der Zeit wechselten Mitglieder der Band. Dustin Roosen, der zuerst den Gesang \u00fcbernahm schied aus. Daf\u00fcr \u00fcbernahmen Christoph Mieves und Klaus Spangenberg den Gesang. Au\u00dferdem kam Uwe Haas am Keyboard dazu. <\/p>\n<h2>Die Laufbahn von Crikey<\/h2>\n<p><img decoding=\"async\" src=\"https:\/\/www.dasschoenstekind.de\/news\/images\/krefeld-wappen-stadt.png\" alt=\"Wappen der Stadt Krefeld\" width=\"60\" class=\"alignleft size-full wp-image-537\" srcset=\"https:\/\/www.dasschoenstekind.de\/news\/images\/krefeld-wappen-stadt.png 320w, https:\/\/www.dasschoenstekind.de\/news\/images\/krefeld-wappen-stadt-248x300.png 248w\" sizes=\"(max-width: 320px) 100vw, 320px\" \/>Die Band stammt aus Krefeld, wo sie seit 13 Jahren, zusammen Musik macht. Dabei ist die Band sich immer treu geblieben und hat ihren stimmungsvollen Sound immer weiter verfeinert. 2003 riefen Robert Balner und Christoph Mieves die Band ins Leben. Zuerst machten sich die beiden Gedanken, welche Songs sie spielen m\u00f6chten und sammelten Ideen dazu. Nachdem das getan war, sahen sie sich im Kreis der Freunde und in der Szene nach weiteren Mitstreitern um. Dann erstellte die Ban als erstes eine Demo-CD und begann mit ersten Auftritten. Zu diesen Auftritten geh\u00f6rte die Zeche Carl, das <a href=\"https:\/\/neckbreaker.de\/\" rel=\"nofollow noreferrer noopener\" target=\"_blank\">Neckbreaker Festival<\/a> oder das Dong Open-Air. Im Januar 2006 schafften sie einen gro\u00dfen Schritt. Sie nahmen am Ruhrmetal <\/p>\n<p>Mags <a href=\"https:\/\/www.dasschoenstekind.de\/news\/aloha-from-hell\/\">Bandnewcomer Contest<\/a> teil und gewann. Nach diesem Erfolg verkrochen sie sich in ein Tonstudio und arbeiteten an ihrer ersten richtigen Platte. Im Mai 2007 war die Platte fertig. Jetzt wird die Platte \u201eFuture Of The Loss\u201c ver\u00f6ffentlicht und die Band trat in Clubs auf und nahm an Festivals teil. Im Dezember des selben Jahres unterschrieben sie bei der Firma Twilight f\u00fcr zwei weitere Alben. <\/p>\n<h2>Der Powermetal Musikstiel<\/h2>\n<p>Sie k\u00f6nnen ihre Musik zuckers\u00fc\u00df gestalten oder richtig bitter B\u00f6se. Crikey liebt das Spiel mit den Extremen. Verschiedene Metal-Einfl\u00fcsse vereinigen sich in Crikey. Sie haben eine treibende Rhythmussektion. Die Geige und die Gitarre treffen sich und verschmelzen zu Wahnsinns Melodien. Die Musik ist eing\u00e4ngig, was sich aus dem Wechsel von thrashigem Shouting und richtig kraftvollem Death Metal-Growels ergibt. Dazu kommen die groovigen Breaks, die zum einen den Bogen spannen und zum anderen der Band ihren unverwechselbaren Sound geben. <\/p>\n<p><iframe loading=\"lazy\" width=\"100%\" height=\"400\" src=\"https:\/\/www.youtube-nocookie.com\/embed\/H7wPLwnkOdU\" frameborder=\"0\" allow=\"accelerometer; autoplay; clipboard-write; encrypted-media; gyroscope; picture-in-picture\" allowfullscreen><\/iframe><\/p>\n<h2>Die Ver\u00f6ffentlichungen von Crikey<\/h2>\n<p>Sie haben drei Platten ver\u00f6ffentlicht:<\/p>\n<ul>\n<li>2003 kam die Demo CD: Welcome To My World<\/li>\n<li>2008 bei Twilight Zone Records: Future of The Loss<\/li>\n<li>2016 eine EP Eigenproduktion: The Inner war \u2013 erschien in der ersten Auflage in einer exklusiven, runden Metalldose<\/li>\n<\/ul>\n<h3>Die Platte \u201eFuture Of The Loss\u201c<\/h3>\n<p>Der Text endet mit der Aussage: \u201eWer hier nicht verr\u00fcckt wird&#8230;\u201c. Das soll die Platte bei den Fans schmackhaft machen. Das war eine erfolgreiche Taktik. Viele Fans f\u00fchlen sich extrem gut unterhalten. Allerdings verstehen viele Fans die Aussage nicht ganz. Einige Fans f\u00fchlen sich streckenweise an Folk erinnert. Es gibt einige Bands, deren Musik ein wenig \u00e4hnlich ist. Trotzdem kommen diese Passagen gut an und nat\u00fcrlich fehlt der gro\u00dfe Anteil an Death Metal nicht. Nicht so einpr\u00e4gsam wie der ruhigere Teil, aber herrlich f\u00fcr die Fans. <\/p>\n<p>Zwischen drin gibt es einige Passagen, wo einfach nur gegroovt wird. Einige Fans halten das f\u00fcr zu einfach und empfinden es als einfache Misshandlung der Musikger\u00e4te. Andere <a href=\"https:\/\/www.dasschoenstekind.de\/\">Fans lieben es<\/a> als rauhe Ausf\u00fchrung ihrer Lieblingsmusik. Die Platte entzweit die Fans. Der eine Teil empfindet es als Platte mit herrlichen Songs. Der andere Teil empfindet die Platte zwar mit sch\u00f6nen Songs, hat aber an den meisten Songs st\u00f6rende Elemente auszusetzen. <\/p>\n<p><iframe loading=\"lazy\" width=\"100%\" height=\"400\" src=\"https:\/\/www.youtube-nocookie.com\/embed\/mptVQK60i_o\" frameborder=\"0\" allow=\"accelerometer; autoplay; clipboard-write; encrypted-media; gyroscope; picture-in-picture\" allowfullscreen><\/iframe><\/p>\n<p>Ihr solltet Euch ein eigenes Bild machen. Der eine h\u00f6rt einen wunderbaren Stielmix, der andere sagt, die Aussage, so toll, dass man verr\u00fcckt wird, ist es f\u00fcr mich nicht. Musik ist f\u00fcr viele abh\u00e4ngig von der Stimmung. Und selbst wenn man nicht alles toll findet, manchmal hat man eine Stimmung, wo gerade das grobe Behandeln der Musikinstrumente dass ist, was man h\u00f6ren m\u00f6chte. <\/p>\n<h2>Crikey beim Ultima Ratio Festival<\/h2>\n<p>Es wird einige Fans erstaunt haben, dass die Band hier aufgetreten ist, denn es ist ein Viking Festival, wo sie mit ihrer Musik und ihrem Outfit eher auff\u00e4llig sind. Crikey hatten zwar \u00fcberlegt sich optisch anzupassen, nein Scherz bei Seite, sie sind der Meinung, dass sie \u00fcberall hinpassen mit ihrem Sound. Die Frage hier ist, wer hat mehr gestaunt, die Band als Vikinger hereingekommen sind oder die Vikinger als sie die Matel-Band geh\u00f6rt haben.<\/p>\n<p>Wie erging es der Band nach dem Festival? Nach dem Auftritt freute die Band sich \u00fcber ein leckeres Bier. Sie lobten das Team des Festivals f\u00fcr die tolle Organisation. Auch die anderen Bands des Festivals kamen bei der Metal Band gut an, bis auf eine Band. Zudem ist ein Festival extrem gut geeignet um neue Songs dem Publikum vorzuf\u00fchren und f\u00fcr neue Platten <a href=\"https:\/\/www.dasschoenstekind.de\/news\/radiowerbung-casinos\/\">Werbung zu machen<\/a>. <\/p>\n<p>Obwohl es sich um <a href=\"https:\/\/www.dasschoenstekind.de\/news\/equilibrium\/\">eine Metal Band<\/a> handelt, sind sie extrem gut dabei. Sie bereiten ihren Festivalauftritt gut vor, sind p\u00fcnktlich beim Soundcheck. Bei dem Auftritt haben sie nat\u00fcrlich Spa\u00df. Nach dem sie Auftritt gemacht haben, halten sie einen Kriegsrat und jeder sagt, was seiner Meinung nach gut oder schlecht geklappt hat. So entwickeln sie ihre Musik und ihre k\u00f6nnen immer weiter. Jeder Metalfan sollte mindestens eine der Platten in seiner Sammlung haben.<\/p>\n","protected":false},"excerpt":{"rendered":"<p>Die Power-Metal Band &#8222;Crikey&#8220; stammt aus Krefeld. Sie besteht dabei seit Beginn an aus f\u00fcnf Mitgliedern, die jedoch von Zeit zu Zeit wechselten. Die Gr\u00fcndung der Band fand im Jahre 2003 statt. Der gro\u00dfe erste Schritt gelang der Band Crikey allerdings erst im Jahr 2006 mit dem Gewinn des Mag Bandnewcomer Contest.<\/p>\n","protected":false},"author":1,"featured_media":533,"comment_status":"closed","ping_status":"closed","sticky":false,"template":"","format":"standard","meta":{"_acf_changed":false,"footnotes":""},"categories":[1],"tags":[],"class_list":["post-531","post","type-post","status-publish","format-standard","has-post-thumbnail","hentry","category-allgemein"],"acf":[],"yoast_head":"<!-- This site is optimized with the Yoast SEO Premium plugin v25.9 (Yoast SEO v27.2) - https:\/\/yoast.com\/product\/yoast-seo-premium-wordpress\/ -->\n<title>Crikey \u00bb die Powermetal &amp; das Spiel mit den Extremen<\/title>\n<meta name=\"description\" content=\"Die Gr\u00fcndung der Band fand im Jahre 2003 statt. Der gro\u00dfe erste Schritt gelang der Band Crikey allerdings erst im Jahr 2006.\" \/>\n<meta name=\"robots\" content=\"index, follow, max-snippet:-1, max-image-preview:large, max-video-preview:-1\" \/>\n<link rel=\"canonical\" href=\"https:\/\/www.dasschoenstekind.de\/news\/crikey\/\" \/>\n<meta property=\"og:locale\" content=\"de_DE\" \/>\n<meta property=\"og:type\" content=\"article\" \/>\n<meta property=\"og:title\" content=\"Crikey \u00bb die Powermetal Band aus Krefeld\" \/>\n<meta property=\"og:description\" content=\"Die Gr\u00fcndung der Band fand im Jahre 2003 statt. Der gro\u00dfe erste Schritt gelang der Band Crikey allerdings erst im Jahr 2006.\" \/>\n<meta property=\"og:url\" content=\"https:\/\/www.dasschoenstekind.de\/news\/crikey\/\" \/>\n<meta property=\"og:site_name\" content=\"Rammstein News\" \/>\n<meta property=\"article:published_time\" content=\"2021-01-27T11:43:19+00:00\" \/>\n<meta property=\"article:modified_time\" content=\"2022-08-31T10:03:35+00:00\" \/>\n<meta property=\"og:image\" content=\"https:\/\/www.dasschoenstekind.de\/news\/images\/crikey.jpg\" \/>\n\t<meta property=\"og:image:width\" content=\"750\" \/>\n\t<meta property=\"og:image:height\" content=\"488\" \/>\n\t<meta property=\"og:image:type\" content=\"image\/jpeg\" \/>\n<meta name=\"author\" content=\"admin\" \/>\n<meta name=\"twitter:card\" content=\"summary_large_image\" \/>\n<meta name=\"twitter:label1\" content=\"Verfasst von\" \/>\n\t<meta name=\"twitter:data1\" content=\"admin\" \/>\n\t<meta name=\"twitter:label2\" content=\"Gesch\u00e4tzte Lesezeit\" \/>\n\t<meta name=\"twitter:data2\" content=\"4\u00a0Minuten\" \/>\n<script type=\"application\/ld+json\" class=\"yoast-schema-graph\">{\"@context\":\"https:\/\/schema.org\",\"@graph\":[{\"@type\":\"Article\",\"@id\":\"https:\/\/www.dasschoenstekind.de\/news\/crikey\/#article\",\"isPartOf\":{\"@id\":\"https:\/\/www.dasschoenstekind.de\/news\/crikey\/\"},\"author\":{\"name\":\"admin\",\"@id\":\"https:\/\/www.dasschoenstekind.de\/news\/#\/schema\/person\/dd1ad54d9a7552706cf9694969b65793\"},\"headline\":\"Crikey \u00bb die Powermetal Band aus Krefeld\",\"datePublished\":\"2021-01-27T11:43:19+00:00\",\"dateModified\":\"2022-08-31T10:03:35+00:00\",\"mainEntityOfPage\":{\"@id\":\"https:\/\/www.dasschoenstekind.de\/news\/crikey\/\"},\"wordCount\":860,\"image\":{\"@id\":\"https:\/\/www.dasschoenstekind.de\/news\/crikey\/#primaryimage\"},\"thumbnailUrl\":\"https:\/\/www.dasschoenstekind.de\/news\/images\/crikey.jpg\",\"inLanguage\":\"de\"},{\"@type\":\"WebPage\",\"@id\":\"https:\/\/www.dasschoenstekind.de\/news\/crikey\/\",\"url\":\"https:\/\/www.dasschoenstekind.de\/news\/crikey\/\",\"name\":\"Crikey \u00bb die Powermetal & das Spiel mit den Extremen\",\"isPartOf\":{\"@id\":\"https:\/\/www.dasschoenstekind.de\/news\/#website\"},\"primaryImageOfPage\":{\"@id\":\"https:\/\/www.dasschoenstekind.de\/news\/crikey\/#primaryimage\"},\"image\":{\"@id\":\"https:\/\/www.dasschoenstekind.de\/news\/crikey\/#primaryimage\"},\"thumbnailUrl\":\"https:\/\/www.dasschoenstekind.de\/news\/images\/crikey.jpg\",\"datePublished\":\"2021-01-27T11:43:19+00:00\",\"dateModified\":\"2022-08-31T10:03:35+00:00\",\"author\":{\"@id\":\"https:\/\/www.dasschoenstekind.de\/news\/#\/schema\/person\/dd1ad54d9a7552706cf9694969b65793\"},\"description\":\"Die Gr\u00fcndung der Band fand im Jahre 2003 statt. Der gro\u00dfe erste Schritt gelang der Band Crikey allerdings erst im Jahr 2006.\",\"breadcrumb\":{\"@id\":\"https:\/\/www.dasschoenstekind.de\/news\/crikey\/#breadcrumb\"},\"inLanguage\":\"de\",\"potentialAction\":[{\"@type\":\"ReadAction\",\"target\":[\"https:\/\/www.dasschoenstekind.de\/news\/crikey\/\"]}]},{\"@type\":\"ImageObject\",\"inLanguage\":\"de\",\"@id\":\"https:\/\/www.dasschoenstekind.de\/news\/crikey\/#primaryimage\",\"url\":\"https:\/\/www.dasschoenstekind.de\/news\/images\/crikey.jpg\",\"contentUrl\":\"https:\/\/www.dasschoenstekind.de\/news\/images\/crikey.jpg\",\"width\":750,\"height\":488,\"caption\":\"Crikey Band aus Krefeld\"},{\"@type\":\"BreadcrumbList\",\"@id\":\"https:\/\/www.dasschoenstekind.de\/news\/crikey\/#breadcrumb\",\"itemListElement\":[{\"@type\":\"ListItem\",\"position\":1,\"name\":\"Startseite\",\"item\":\"https:\/\/www.dasschoenstekind.de\/news\/\"},{\"@type\":\"ListItem\",\"position\":2,\"name\":\"Crikey \u00bb die Powermetal Band aus Krefeld\"}]},{\"@type\":\"WebSite\",\"@id\":\"https:\/\/www.dasschoenstekind.de\/news\/#website\",\"url\":\"https:\/\/www.dasschoenstekind.de\/news\/\",\"name\":\"Rammstein News\",\"description\":\"Eine weitere WordPress-Website\",\"potentialAction\":[{\"@type\":\"SearchAction\",\"target\":{\"@type\":\"EntryPoint\",\"urlTemplate\":\"https:\/\/www.dasschoenstekind.de\/news\/?s={search_term_string}\"},\"query-input\":{\"@type\":\"PropertyValueSpecification\",\"valueRequired\":true,\"valueName\":\"search_term_string\"}}],\"inLanguage\":\"de\"},{\"@type\":\"Person\",\"@id\":\"https:\/\/www.dasschoenstekind.de\/news\/#\/schema\/person\/dd1ad54d9a7552706cf9694969b65793\",\"name\":\"admin\",\"image\":{\"@type\":\"ImageObject\",\"inLanguage\":\"de\",\"@id\":\"https:\/\/secure.gravatar.com\/avatar\/c86a06baa38045c6b53e2c395991625853e062e9ce6e363321311c42ffe8e2f8?s=96&d=mm&r=g\",\"url\":\"https:\/\/secure.gravatar.com\/avatar\/c86a06baa38045c6b53e2c395991625853e062e9ce6e363321311c42ffe8e2f8?s=96&d=mm&r=g\",\"contentUrl\":\"https:\/\/secure.gravatar.com\/avatar\/c86a06baa38045c6b53e2c395991625853e062e9ce6e363321311c42ffe8e2f8?s=96&d=mm&r=g\",\"caption\":\"admin\"},\"url\":\"https:\/\/www.dasschoenstekind.de\/news\/author\/admin\/\"}]}<\/script>\n<!-- \/ Yoast SEO Premium plugin. -->","yoast_head_json":{"title":"Crikey \u00bb die Powermetal & das Spiel mit den Extremen","description":"Die Gr\u00fcndung der Band fand im Jahre 2003 statt. Der gro\u00dfe erste Schritt gelang der Band Crikey allerdings erst im Jahr 2006.","robots":{"index":"index","follow":"follow","max-snippet":"max-snippet:-1","max-image-preview":"max-image-preview:large","max-video-preview":"max-video-preview:-1"},"canonical":"https:\/\/www.dasschoenstekind.de\/news\/crikey\/","og_locale":"de_DE","og_type":"article","og_title":"Crikey \u00bb die Powermetal Band aus Krefeld","og_description":"Die Gr\u00fcndung der Band fand im Jahre 2003 statt. Der gro\u00dfe erste Schritt gelang der Band Crikey allerdings erst im Jahr 2006.","og_url":"https:\/\/www.dasschoenstekind.de\/news\/crikey\/","og_site_name":"Rammstein News","article_published_time":"2021-01-27T11:43:19+00:00","article_modified_time":"2022-08-31T10:03:35+00:00","og_image":[{"width":750,"height":488,"url":"https:\/\/www.dasschoenstekind.de\/news\/images\/crikey.jpg","type":"image\/jpeg"}],"author":"admin","twitter_card":"summary_large_image","twitter_misc":{"Verfasst von":"admin","Gesch\u00e4tzte Lesezeit":"4\u00a0Minuten"},"schema":{"@context":"https:\/\/schema.org","@graph":[{"@type":"Article","@id":"https:\/\/www.dasschoenstekind.de\/news\/crikey\/#article","isPartOf":{"@id":"https:\/\/www.dasschoenstekind.de\/news\/crikey\/"},"author":{"name":"admin","@id":"https:\/\/www.dasschoenstekind.de\/news\/#\/schema\/person\/dd1ad54d9a7552706cf9694969b65793"},"headline":"Crikey \u00bb die Powermetal Band aus Krefeld","datePublished":"2021-01-27T11:43:19+00:00","dateModified":"2022-08-31T10:03:35+00:00","mainEntityOfPage":{"@id":"https:\/\/www.dasschoenstekind.de\/news\/crikey\/"},"wordCount":860,"image":{"@id":"https:\/\/www.dasschoenstekind.de\/news\/crikey\/#primaryimage"},"thumbnailUrl":"https:\/\/www.dasschoenstekind.de\/news\/images\/crikey.jpg","inLanguage":"de"},{"@type":"WebPage","@id":"https:\/\/www.dasschoenstekind.de\/news\/crikey\/","url":"https:\/\/www.dasschoenstekind.de\/news\/crikey\/","name":"Crikey \u00bb die Powermetal & das Spiel mit den Extremen","isPartOf":{"@id":"https:\/\/www.dasschoenstekind.de\/news\/#website"},"primaryImageOfPage":{"@id":"https:\/\/www.dasschoenstekind.de\/news\/crikey\/#primaryimage"},"image":{"@id":"https:\/\/www.dasschoenstekind.de\/news\/crikey\/#primaryimage"},"thumbnailUrl":"https:\/\/www.dasschoenstekind.de\/news\/images\/crikey.jpg","datePublished":"2021-01-27T11:43:19+00:00","dateModified":"2022-08-31T10:03:35+00:00","author":{"@id":"https:\/\/www.dasschoenstekind.de\/news\/#\/schema\/person\/dd1ad54d9a7552706cf9694969b65793"},"description":"Die Gr\u00fcndung der Band fand im Jahre 2003 statt. Der gro\u00dfe erste Schritt gelang der Band Crikey allerdings erst im Jahr 2006.","breadcrumb":{"@id":"https:\/\/www.dasschoenstekind.de\/news\/crikey\/#breadcrumb"},"inLanguage":"de","potentialAction":[{"@type":"ReadAction","target":["https:\/\/www.dasschoenstekind.de\/news\/crikey\/"]}]},{"@type":"ImageObject","inLanguage":"de","@id":"https:\/\/www.dasschoenstekind.de\/news\/crikey\/#primaryimage","url":"https:\/\/www.dasschoenstekind.de\/news\/images\/crikey.jpg","contentUrl":"https:\/\/www.dasschoenstekind.de\/news\/images\/crikey.jpg","width":750,"height":488,"caption":"Crikey Band aus Krefeld"},{"@type":"BreadcrumbList","@id":"https:\/\/www.dasschoenstekind.de\/news\/crikey\/#breadcrumb","itemListElement":[{"@type":"ListItem","position":1,"name":"Startseite","item":"https:\/\/www.dasschoenstekind.de\/news\/"},{"@type":"ListItem","position":2,"name":"Crikey \u00bb die Powermetal Band aus Krefeld"}]},{"@type":"WebSite","@id":"https:\/\/www.dasschoenstekind.de\/news\/#website","url":"https:\/\/www.dasschoenstekind.de\/news\/","name":"Rammstein News","description":"Eine weitere WordPress-Website","potentialAction":[{"@type":"SearchAction","target":{"@type":"EntryPoint","urlTemplate":"https:\/\/www.dasschoenstekind.de\/news\/?s={search_term_string}"},"query-input":{"@type":"PropertyValueSpecification","valueRequired":true,"valueName":"search_term_string"}}],"inLanguage":"de"},{"@type":"Person","@id":"https:\/\/www.dasschoenstekind.de\/news\/#\/schema\/person\/dd1ad54d9a7552706cf9694969b65793","name":"admin","image":{"@type":"ImageObject","inLanguage":"de","@id":"https:\/\/secure.gravatar.com\/avatar\/c86a06baa38045c6b53e2c395991625853e062e9ce6e363321311c42ffe8e2f8?s=96&d=mm&r=g","url":"https:\/\/secure.gravatar.com\/avatar\/c86a06baa38045c6b53e2c395991625853e062e9ce6e363321311c42ffe8e2f8?s=96&d=mm&r=g","contentUrl":"https:\/\/secure.gravatar.com\/avatar\/c86a06baa38045c6b53e2c395991625853e062e9ce6e363321311c42ffe8e2f8?s=96&d=mm&r=g","caption":"admin"},"url":"https:\/\/www.dasschoenstekind.de\/news\/author\/admin\/"}]}},"_links":{"self":[{"href":"https:\/\/www.dasschoenstekind.de\/news\/wp-json\/wp\/v2\/posts\/531","targetHints":{"allow":["GET"]}}],"collection":[{"href":"https:\/\/www.dasschoenstekind.de\/news\/wp-json\/wp\/v2\/posts"}],"about":[{"href":"https:\/\/www.dasschoenstekind.de\/news\/wp-json\/wp\/v2\/types\/post"}],"author":[{"embeddable":true,"href":"https:\/\/www.dasschoenstekind.de\/news\/wp-json\/wp\/v2\/users\/1"}],"replies":[{"embeddable":true,"href":"https:\/\/www.dasschoenstekind.de\/news\/wp-json\/wp\/v2\/comments?post=531"}],"version-history":[{"count":9,"href":"https:\/\/www.dasschoenstekind.de\/news\/wp-json\/wp\/v2\/posts\/531\/revisions"}],"predecessor-version":[{"id":543,"href":"https:\/\/www.dasschoenstekind.de\/news\/wp-json\/wp\/v2\/posts\/531\/revisions\/543"}],"wp:featuredmedia":[{"embeddable":true,"href":"https:\/\/www.dasschoenstekind.de\/news\/wp-json\/wp\/v2\/media\/533"}],"wp:attachment":[{"href":"https:\/\/www.dasschoenstekind.de\/news\/wp-json\/wp\/v2\/media?parent=531"}],"wp:term":[{"taxonomy":"category","embeddable":true,"href":"https:\/\/www.dasschoenstekind.de\/news\/wp-json\/wp\/v2\/categories?post=531"},{"taxonomy":"post_tag","embeddable":true,"href":"https:\/\/www.dasschoenstekind.de\/news\/wp-json\/wp\/v2\/tags?post=531"}],"curies":[{"name":"wp","href":"https:\/\/api.w.org\/{rel}","templated":true}]}}