{"id":6,"date":"2018-02-22T10:49:02","date_gmt":"2018-02-22T09:49:02","guid":{"rendered":"https:\/\/www.dasschoenstekind.de\/news\/?p=6"},"modified":"2022-08-31T12:09:48","modified_gmt":"2022-08-31T10:09:48","slug":"kelly-und-lindemann-eine-ungewoehnliche-maennerfreundschaft","status":"publish","type":"post","link":"https:\/\/www.dasschoenstekind.de\/news\/kelly-und-lindemann-eine-ungewoehnliche-maennerfreundschaft\/","title":{"rendered":"Kelly und Lindemann \u00bb Eine ungew\u00f6hnliche M\u00e4nnerfreundschaft"},"content":{"rendered":"<p>Musikalisch undenkbar, doch in der Freizeit kommen der Rammstein-Rocker und der Kelly Family Barde auf ungew\u00f6hnliche Weise zusammen. Auf einer Kanutour schippern die beiden Musiker gemeinsam durch Alaska. <\/p>\n<p>Das der irische S\u00e4nger und Extremsportler Joey Kelly und der brummige Rammstein Frontmann Freunde sind, d\u00fcrften wohl die wenigsten wissen. Musikalisch sind die beiden Bands zwar gleicherma\u00dfen erfolgreich, aber meilenweit voneinander entfernt. Vielleicht bekommen die K\u00fcnstler voneinander aber dennoch eine Art Input, wenn sie zusammen auf Reisen gehen. So wie auch diesmal. Es verschlug den 54-j\u00e4hrigen Berliner Till Lindemann und dem 44-j\u00e4hrigen Familienvater von vier Kindern ins kalte Alaska, wo sie sich auf dem Yukon n\u00e4herkamen. <\/p>\n<h2>Eine au\u00dfergew\u00f6hnliche Reise<\/h2>\n<p>Die Frankfurter Allgemeine Zeitung zitiert das Vorhaben des Rammstein S\u00e4ngers so: &#8222;Wir haben nichts gesucht. Wir wollten nur eine gute Zeit haben&#8220;. Ganze drei Wochen waren die beiden K\u00fcnstler gemeinsam in diesem einsamen Territorium, dem Yukon in Alaska unterwegs. Eine echte Herausforderung f\u00fcr die lange M\u00e4nnerfreundschaft, bei der ein bezaubernder Bildband entstanden ist. Yukon: Mein gehasster Freund zeigt einzigartige Momentaufnahmen dieser M\u00e4nnerfreundschaft. Nie zuvor war man den beiden K\u00fcnstlern so nah und erh\u00e4lt intime Einblicke in die dreiw\u00f6chige Reise der sonst so schillernden Stars. Extremsportler Joey Kelly und Till Lindemann, wie sie den unnachgiebigen Yukon River bezwingen, die beiden M\u00e4nner schweigsam am Zelt. Dieser Bildband aus der National Geographic Reihe ist ein bildgewaltiges Buch, dass nicht nur in den Schrank jedes Rammstein, sowie jedes Kelly Family Fans geh\u00f6rt. Die beiden K\u00fcnstler zeigen ungesch\u00f6nt ihre Erlebnisse auf einer Reise durch die atemberaubende Natur Alaskas. Man ist fast hautnah dabei, wie Kelly und Lindemann sprichw\u00f6rtlich gegen den Strom ank\u00e4mpfen, wie Lindemann in unbeobachteten Momenten zur Ruhe kommt oder wie Kelly ersch\u00f6pft von den Strapazen des Tages den Abend genie\u00dft. <\/p>\n<h3>Fernab der Zivilisation<\/h3>\n<p><img loading=\"lazy\" decoding=\"async\" src=\"https:\/\/www.dasschoenstekind.de\/news\/images\/tracy-arm-fjord-369636_1280-300x181.jpg\" alt=\"fernab der zivilisation\" width=\"300\" height=\"181\" class=\"alignright size-medium wp-image-32\" srcset=\"https:\/\/www.dasschoenstekind.de\/news\/images\/tracy-arm-fjord-369636_1280-300x181.jpg 300w, https:\/\/www.dasschoenstekind.de\/news\/images\/tracy-arm-fjord-369636_1280-768x464.jpg 768w, https:\/\/www.dasschoenstekind.de\/news\/images\/tracy-arm-fjord-369636_1280-1024x619.jpg 1024w, https:\/\/www.dasschoenstekind.de\/news\/images\/tracy-arm-fjord-369636_1280.jpg 1280w\" sizes=\"auto, (max-width: 300px) 100vw, 300px\" \/>Drei Wochen Einsamkeit tut diesen beiden M\u00e4nnern, die selten Ruhe vor der \u00d6ffentlichkeit haben, sicherlich gut. Rammstein S\u00e4nger Till Lindemann stand zuletzt wegen seiner komplizierten On\/Off Beziehung zu Schauspielerin Sophia Thomalla immer mehr im Fokus der Reporter. Joey Kelly ist nicht nur ein gefeierter Extremsportler und bei Sportevents auf der ganzen Welt unterwegs, der vierfache Vater feierte im letzten Jahr mit seinen Geschwistern ein gro\u00dfartiges Comeback der musikalischen Kelly Family. Bei der anschlie\u00dfenden Tour gab es sicherlich selten die Zeit zur Ruhe zu kommen. Genau dies sch\u00e4tzten die Freunde so sehr. Einfach mal man selbst sein, ohne Rampenlicht, ohne Reporter. Vielleicht hat Lindemann in der Abgeschiedenheit Alaskas die n\u00f6tige Ruhe zum Schreiben bekommen, denn der Bildband enth\u00e4lt neben aufregenden Fotos auch einige unver\u00f6ffentlichte Gedichte des charismatischen Musikers. <\/p>\n<h2>Der Arbeiter und der Denker<\/h2>\n<p>Till Lindemann schw\u00e4rmt nach dem kr\u00e4ftezehrenden Abenteuerurlaub von der enormen Willenskraft seines langj\u00e4hrigen Freundes Joey Kelly. Als Maschine, die immer ackert beschreibt der Rocker den einf\u00fchlsamen irischen Musiker. So kennt man den begeisterten Sportsmann der Kelly Family auch, jedoch sieht der das etwas anders als sein Weggef\u00e4hrte, denn er sieht diesen Abenteuerurlaub mehr als Geplansche im gro\u00dfen Yukon River. Sicher ist so ein Extremurlaub f\u00fcr den Extremsportler keine ungew\u00f6hnliche Erfahrung, Kelly will immer seine Grenzen ausloten und Abenteuer erleben wo manch einer schon l\u00e4ngst schlappgemacht hat. <\/p>\n<p>Beide sehen aber ein, dass dieser Abenteuerurlaub ohne den Anderen nichts geworden w\u00e4re. Auf Teamgeist muss man schw\u00f6ren, wenn man den gnadenlosen Yukon River im Kanu bezwingen m\u00f6chte. Nur wer zusammen h\u00e4lt, kann dieses Abenteuer gemeinsam schaffen. W\u00e4hrend Till Lindemann als ehemaliger Leistungsschwimmer kraftvoll das Kanu steuerte und den n\u00f6tigen Schwung gab, war Joey im vorderen Teil des Kanus f\u00fcr die Feinarbeiten zust\u00e4ndig. Dank der perfekten Abstimmung der beiden M\u00e4nner konnte man schnell und sicher seine gesteckten Ziele auf dem Yukon erreichen. <\/p>\n<p>Till Lindemann war in seiner Jugendzeit ein begabter Leistungsschwimmer. Nachdem er sich im Jahre 1979 eine Verletzung zugezogen hatte, musste er dieses sportliche Hobby leider beenden. Als Frontmann und S\u00e4nger der deutschen Rockband Rammstein sorgte der geb\u00fcrtige Leipziger bereits seit den fr\u00fchen 90er Jahren f\u00fcr weltweites Aufsehen.<\/p>\n<p>Joey Kelly zog zun\u00e4chst mit seiner Familie als Stra\u00dfenmusikant durch die Welt, bis sich f\u00fcr die als Kelly Family bekannten Geschwister in den 90er Jahren der kommerzielle Durchbruch bot. Nach zahlreichen erfolgreichen Musikprojekten beschlossen die Geschwister das Projekt Kelly Family aufzugeben und starteten Solokarrieren. Joy Kelly trat danach mehr als Sportler in unterschiedlichen TV-Formaten in Erscheinung. Seit der Wiedervereinigung von mehreren Geschwistern der Kelly Family tritt Joey Kelly seit 2017 auch wieder h\u00e4ufiger als Musiker der irischen Kultband auf. <\/p>\n<p>Mit Till Lindemann verbindet den in Spanien geborenen Kelly schon seit vielen Jahren eine enge Freundschaft. Der Bildband &#8222;Yukon &#8211; mein gehasster Freund&#8220; ist im Oktober 2017 erschienen und ein Bildgewaltiges Epos \u00fcber eine au\u00dfergew\u00f6hnliche M\u00e4nnerfreundschaft.<\/p>\n","protected":false},"excerpt":{"rendered":"<p>Musikalisch weit von einander entfernt, jedoch pers\u00f6nlich sehr gut befreundet sind Joe Kelly (Mitglied der Kelly-Family) und Rammstein Frontmann Till Lindemann. Gerne gehen der irische S\u00e4nger und Extremsportler und der 54-j\u00e4hrige Berliner miteinander auf Reisen. Diesmal verschlug es sie nach Alaska wo sie den Yukon River befuhren und ihre M\u00e4nnerfreundschaft w\u00e4hrend drei gemeinsamen Wochen untermauerten.<\/p>\n","protected":false},"author":1,"featured_media":19,"comment_status":"closed","ping_status":"closed","sticky":false,"template":"","format":"standard","meta":{"_acf_changed":false,"footnotes":""},"categories":[1],"tags":[],"class_list":["post-6","post","type-post","status-publish","format-standard","has-post-thumbnail","hentry","category-allgemein"],"acf":[],"yoast_head":"<!-- This site is optimized with the Yoast SEO Premium plugin v25.9 (Yoast SEO v27.2) - https:\/\/yoast.com\/product\/yoast-seo-premium-wordpress\/ -->\n<title>Kelly und Lindemann \u00bb Eine ungew\u00f6hnliche M\u00e4nnerfreundschaft<\/title>\n<meta name=\"description\" content=\"Musikalisch weit von einander entfernt, jedoch pers\u00f6nlich sehr gut befreundet sind Joe Kelly und Rammstein Frontmann Till Lindemann.\" \/>\n<meta name=\"robots\" content=\"index, follow, max-snippet:-1, max-image-preview:large, max-video-preview:-1\" \/>\n<link rel=\"canonical\" href=\"https:\/\/www.dasschoenstekind.de\/news\/kelly-und-lindemann-eine-ungewoehnliche-maennerfreundschaft\/\" \/>\n<meta property=\"og:locale\" content=\"de_DE\" \/>\n<meta property=\"og:type\" content=\"article\" \/>\n<meta property=\"og:title\" content=\"Kelly und Lindemann \u00bb Eine ungew\u00f6hnliche M\u00e4nnerfreundschaft\" \/>\n<meta property=\"og:description\" content=\"Musikalisch weit von einander entfernt, jedoch pers\u00f6nlich sehr gut befreundet sind Joe Kelly und Rammstein Frontmann Till Lindemann.\" \/>\n<meta property=\"og:url\" content=\"https:\/\/www.dasschoenstekind.de\/news\/kelly-und-lindemann-eine-ungewoehnliche-maennerfreundschaft\/\" \/>\n<meta property=\"og:site_name\" content=\"Rammstein News\" \/>\n<meta property=\"article:published_time\" content=\"2018-02-22T09:49:02+00:00\" \/>\n<meta property=\"article:modified_time\" content=\"2022-08-31T10:09:48+00:00\" \/>\n<meta property=\"og:image\" content=\"https:\/\/www.dasschoenstekind.de\/news\/images\/fishing-1245979_1280.jpg\" \/>\n\t<meta property=\"og:image:width\" content=\"1280\" \/>\n\t<meta property=\"og:image:height\" content=\"853\" \/>\n\t<meta property=\"og:image:type\" content=\"image\/jpeg\" \/>\n<meta name=\"author\" content=\"admin\" \/>\n<meta name=\"twitter:card\" content=\"summary_large_image\" \/>\n<meta name=\"twitter:label1\" content=\"Verfasst von\" \/>\n\t<meta name=\"twitter:data1\" content=\"admin\" \/>\n\t<meta name=\"twitter:label2\" content=\"Gesch\u00e4tzte Lesezeit\" \/>\n\t<meta name=\"twitter:data2\" content=\"4\u00a0Minuten\" \/>\n<script type=\"application\/ld+json\" class=\"yoast-schema-graph\">{\"@context\":\"https:\/\/schema.org\",\"@graph\":[{\"@type\":\"Article\",\"@id\":\"https:\/\/www.dasschoenstekind.de\/news\/kelly-und-lindemann-eine-ungewoehnliche-maennerfreundschaft\/#article\",\"isPartOf\":{\"@id\":\"https:\/\/www.dasschoenstekind.de\/news\/kelly-und-lindemann-eine-ungewoehnliche-maennerfreundschaft\/\"},\"author\":{\"name\":\"admin\",\"@id\":\"https:\/\/www.dasschoenstekind.de\/news\/#\/schema\/person\/dd1ad54d9a7552706cf9694969b65793\"},\"headline\":\"Kelly und Lindemann \u00bb Eine ungew\u00f6hnliche M\u00e4nnerfreundschaft\",\"datePublished\":\"2018-02-22T09:49:02+00:00\",\"dateModified\":\"2022-08-31T10:09:48+00:00\",\"mainEntityOfPage\":{\"@id\":\"https:\/\/www.dasschoenstekind.de\/news\/kelly-und-lindemann-eine-ungewoehnliche-maennerfreundschaft\/\"},\"wordCount\":818,\"image\":{\"@id\":\"https:\/\/www.dasschoenstekind.de\/news\/kelly-und-lindemann-eine-ungewoehnliche-maennerfreundschaft\/#primaryimage\"},\"thumbnailUrl\":\"https:\/\/www.dasschoenstekind.de\/news\/images\/fishing-1245979_1280.jpg\",\"inLanguage\":\"de\"},{\"@type\":\"WebPage\",\"@id\":\"https:\/\/www.dasschoenstekind.de\/news\/kelly-und-lindemann-eine-ungewoehnliche-maennerfreundschaft\/\",\"url\":\"https:\/\/www.dasschoenstekind.de\/news\/kelly-und-lindemann-eine-ungewoehnliche-maennerfreundschaft\/\",\"name\":\"Kelly und Lindemann \u00bb Eine ungew\u00f6hnliche M\u00e4nnerfreundschaft\",\"isPartOf\":{\"@id\":\"https:\/\/www.dasschoenstekind.de\/news\/#website\"},\"primaryImageOfPage\":{\"@id\":\"https:\/\/www.dasschoenstekind.de\/news\/kelly-und-lindemann-eine-ungewoehnliche-maennerfreundschaft\/#primaryimage\"},\"image\":{\"@id\":\"https:\/\/www.dasschoenstekind.de\/news\/kelly-und-lindemann-eine-ungewoehnliche-maennerfreundschaft\/#primaryimage\"},\"thumbnailUrl\":\"https:\/\/www.dasschoenstekind.de\/news\/images\/fishing-1245979_1280.jpg\",\"datePublished\":\"2018-02-22T09:49:02+00:00\",\"dateModified\":\"2022-08-31T10:09:48+00:00\",\"author\":{\"@id\":\"https:\/\/www.dasschoenstekind.de\/news\/#\/schema\/person\/dd1ad54d9a7552706cf9694969b65793\"},\"description\":\"Musikalisch weit von einander entfernt, jedoch pers\u00f6nlich sehr gut befreundet sind Joe Kelly und Rammstein Frontmann Till Lindemann.\",\"breadcrumb\":{\"@id\":\"https:\/\/www.dasschoenstekind.de\/news\/kelly-und-lindemann-eine-ungewoehnliche-maennerfreundschaft\/#breadcrumb\"},\"inLanguage\":\"de\",\"potentialAction\":[{\"@type\":\"ReadAction\",\"target\":[\"https:\/\/www.dasschoenstekind.de\/news\/kelly-und-lindemann-eine-ungewoehnliche-maennerfreundschaft\/\"]}]},{\"@type\":\"ImageObject\",\"inLanguage\":\"de\",\"@id\":\"https:\/\/www.dasschoenstekind.de\/news\/kelly-und-lindemann-eine-ungewoehnliche-maennerfreundschaft\/#primaryimage\",\"url\":\"https:\/\/www.dasschoenstekind.de\/news\/images\/fishing-1245979_1280.jpg\",\"contentUrl\":\"https:\/\/www.dasschoenstekind.de\/news\/images\/fishing-1245979_1280.jpg\",\"width\":1280,\"height\":853,\"caption\":\"kelly family und rammstein\"},{\"@type\":\"BreadcrumbList\",\"@id\":\"https:\/\/www.dasschoenstekind.de\/news\/kelly-und-lindemann-eine-ungewoehnliche-maennerfreundschaft\/#breadcrumb\",\"itemListElement\":[{\"@type\":\"ListItem\",\"position\":1,\"name\":\"Startseite\",\"item\":\"https:\/\/www.dasschoenstekind.de\/news\/\"},{\"@type\":\"ListItem\",\"position\":2,\"name\":\"Kelly und Lindemann \u00bb Eine ungew\u00f6hnliche M\u00e4nnerfreundschaft\"}]},{\"@type\":\"WebSite\",\"@id\":\"https:\/\/www.dasschoenstekind.de\/news\/#website\",\"url\":\"https:\/\/www.dasschoenstekind.de\/news\/\",\"name\":\"Rammstein News\",\"description\":\"Eine weitere WordPress-Website\",\"potentialAction\":[{\"@type\":\"SearchAction\",\"target\":{\"@type\":\"EntryPoint\",\"urlTemplate\":\"https:\/\/www.dasschoenstekind.de\/news\/?s={search_term_string}\"},\"query-input\":{\"@type\":\"PropertyValueSpecification\",\"valueRequired\":true,\"valueName\":\"search_term_string\"}}],\"inLanguage\":\"de\"},{\"@type\":\"Person\",\"@id\":\"https:\/\/www.dasschoenstekind.de\/news\/#\/schema\/person\/dd1ad54d9a7552706cf9694969b65793\",\"name\":\"admin\",\"image\":{\"@type\":\"ImageObject\",\"inLanguage\":\"de\",\"@id\":\"https:\/\/secure.gravatar.com\/avatar\/c86a06baa38045c6b53e2c395991625853e062e9ce6e363321311c42ffe8e2f8?s=96&d=mm&r=g\",\"url\":\"https:\/\/secure.gravatar.com\/avatar\/c86a06baa38045c6b53e2c395991625853e062e9ce6e363321311c42ffe8e2f8?s=96&d=mm&r=g\",\"contentUrl\":\"https:\/\/secure.gravatar.com\/avatar\/c86a06baa38045c6b53e2c395991625853e062e9ce6e363321311c42ffe8e2f8?s=96&d=mm&r=g\",\"caption\":\"admin\"},\"url\":\"https:\/\/www.dasschoenstekind.de\/news\/author\/admin\/\"}]}<\/script>\n<!-- \/ Yoast SEO Premium plugin. -->","yoast_head_json":{"title":"Kelly und Lindemann \u00bb Eine ungew\u00f6hnliche M\u00e4nnerfreundschaft","description":"Musikalisch weit von einander entfernt, jedoch pers\u00f6nlich sehr gut befreundet sind Joe Kelly und Rammstein Frontmann Till Lindemann.","robots":{"index":"index","follow":"follow","max-snippet":"max-snippet:-1","max-image-preview":"max-image-preview:large","max-video-preview":"max-video-preview:-1"},"canonical":"https:\/\/www.dasschoenstekind.de\/news\/kelly-und-lindemann-eine-ungewoehnliche-maennerfreundschaft\/","og_locale":"de_DE","og_type":"article","og_title":"Kelly und Lindemann \u00bb Eine ungew\u00f6hnliche M\u00e4nnerfreundschaft","og_description":"Musikalisch weit von einander entfernt, jedoch pers\u00f6nlich sehr gut befreundet sind Joe Kelly und Rammstein Frontmann Till Lindemann.","og_url":"https:\/\/www.dasschoenstekind.de\/news\/kelly-und-lindemann-eine-ungewoehnliche-maennerfreundschaft\/","og_site_name":"Rammstein News","article_published_time":"2018-02-22T09:49:02+00:00","article_modified_time":"2022-08-31T10:09:48+00:00","og_image":[{"width":1280,"height":853,"url":"https:\/\/www.dasschoenstekind.de\/news\/images\/fishing-1245979_1280.jpg","type":"image\/jpeg"}],"author":"admin","twitter_card":"summary_large_image","twitter_misc":{"Verfasst von":"admin","Gesch\u00e4tzte Lesezeit":"4\u00a0Minuten"},"schema":{"@context":"https:\/\/schema.org","@graph":[{"@type":"Article","@id":"https:\/\/www.dasschoenstekind.de\/news\/kelly-und-lindemann-eine-ungewoehnliche-maennerfreundschaft\/#article","isPartOf":{"@id":"https:\/\/www.dasschoenstekind.de\/news\/kelly-und-lindemann-eine-ungewoehnliche-maennerfreundschaft\/"},"author":{"name":"admin","@id":"https:\/\/www.dasschoenstekind.de\/news\/#\/schema\/person\/dd1ad54d9a7552706cf9694969b65793"},"headline":"Kelly und Lindemann \u00bb Eine ungew\u00f6hnliche M\u00e4nnerfreundschaft","datePublished":"2018-02-22T09:49:02+00:00","dateModified":"2022-08-31T10:09:48+00:00","mainEntityOfPage":{"@id":"https:\/\/www.dasschoenstekind.de\/news\/kelly-und-lindemann-eine-ungewoehnliche-maennerfreundschaft\/"},"wordCount":818,"image":{"@id":"https:\/\/www.dasschoenstekind.de\/news\/kelly-und-lindemann-eine-ungewoehnliche-maennerfreundschaft\/#primaryimage"},"thumbnailUrl":"https:\/\/www.dasschoenstekind.de\/news\/images\/fishing-1245979_1280.jpg","inLanguage":"de"},{"@type":"WebPage","@id":"https:\/\/www.dasschoenstekind.de\/news\/kelly-und-lindemann-eine-ungewoehnliche-maennerfreundschaft\/","url":"https:\/\/www.dasschoenstekind.de\/news\/kelly-und-lindemann-eine-ungewoehnliche-maennerfreundschaft\/","name":"Kelly und Lindemann \u00bb Eine ungew\u00f6hnliche M\u00e4nnerfreundschaft","isPartOf":{"@id":"https:\/\/www.dasschoenstekind.de\/news\/#website"},"primaryImageOfPage":{"@id":"https:\/\/www.dasschoenstekind.de\/news\/kelly-und-lindemann-eine-ungewoehnliche-maennerfreundschaft\/#primaryimage"},"image":{"@id":"https:\/\/www.dasschoenstekind.de\/news\/kelly-und-lindemann-eine-ungewoehnliche-maennerfreundschaft\/#primaryimage"},"thumbnailUrl":"https:\/\/www.dasschoenstekind.de\/news\/images\/fishing-1245979_1280.jpg","datePublished":"2018-02-22T09:49:02+00:00","dateModified":"2022-08-31T10:09:48+00:00","author":{"@id":"https:\/\/www.dasschoenstekind.de\/news\/#\/schema\/person\/dd1ad54d9a7552706cf9694969b65793"},"description":"Musikalisch weit von einander entfernt, jedoch pers\u00f6nlich sehr gut befreundet sind Joe Kelly und Rammstein Frontmann Till Lindemann.","breadcrumb":{"@id":"https:\/\/www.dasschoenstekind.de\/news\/kelly-und-lindemann-eine-ungewoehnliche-maennerfreundschaft\/#breadcrumb"},"inLanguage":"de","potentialAction":[{"@type":"ReadAction","target":["https:\/\/www.dasschoenstekind.de\/news\/kelly-und-lindemann-eine-ungewoehnliche-maennerfreundschaft\/"]}]},{"@type":"ImageObject","inLanguage":"de","@id":"https:\/\/www.dasschoenstekind.de\/news\/kelly-und-lindemann-eine-ungewoehnliche-maennerfreundschaft\/#primaryimage","url":"https:\/\/www.dasschoenstekind.de\/news\/images\/fishing-1245979_1280.jpg","contentUrl":"https:\/\/www.dasschoenstekind.de\/news\/images\/fishing-1245979_1280.jpg","width":1280,"height":853,"caption":"kelly family und rammstein"},{"@type":"BreadcrumbList","@id":"https:\/\/www.dasschoenstekind.de\/news\/kelly-und-lindemann-eine-ungewoehnliche-maennerfreundschaft\/#breadcrumb","itemListElement":[{"@type":"ListItem","position":1,"name":"Startseite","item":"https:\/\/www.dasschoenstekind.de\/news\/"},{"@type":"ListItem","position":2,"name":"Kelly und Lindemann \u00bb Eine ungew\u00f6hnliche M\u00e4nnerfreundschaft"}]},{"@type":"WebSite","@id":"https:\/\/www.dasschoenstekind.de\/news\/#website","url":"https:\/\/www.dasschoenstekind.de\/news\/","name":"Rammstein News","description":"Eine weitere WordPress-Website","potentialAction":[{"@type":"SearchAction","target":{"@type":"EntryPoint","urlTemplate":"https:\/\/www.dasschoenstekind.de\/news\/?s={search_term_string}"},"query-input":{"@type":"PropertyValueSpecification","valueRequired":true,"valueName":"search_term_string"}}],"inLanguage":"de"},{"@type":"Person","@id":"https:\/\/www.dasschoenstekind.de\/news\/#\/schema\/person\/dd1ad54d9a7552706cf9694969b65793","name":"admin","image":{"@type":"ImageObject","inLanguage":"de","@id":"https:\/\/secure.gravatar.com\/avatar\/c86a06baa38045c6b53e2c395991625853e062e9ce6e363321311c42ffe8e2f8?s=96&d=mm&r=g","url":"https:\/\/secure.gravatar.com\/avatar\/c86a06baa38045c6b53e2c395991625853e062e9ce6e363321311c42ffe8e2f8?s=96&d=mm&r=g","contentUrl":"https:\/\/secure.gravatar.com\/avatar\/c86a06baa38045c6b53e2c395991625853e062e9ce6e363321311c42ffe8e2f8?s=96&d=mm&r=g","caption":"admin"},"url":"https:\/\/www.dasschoenstekind.de\/news\/author\/admin\/"}]}},"_links":{"self":[{"href":"https:\/\/www.dasschoenstekind.de\/news\/wp-json\/wp\/v2\/posts\/6","targetHints":{"allow":["GET"]}}],"collection":[{"href":"https:\/\/www.dasschoenstekind.de\/news\/wp-json\/wp\/v2\/posts"}],"about":[{"href":"https:\/\/www.dasschoenstekind.de\/news\/wp-json\/wp\/v2\/types\/post"}],"author":[{"embeddable":true,"href":"https:\/\/www.dasschoenstekind.de\/news\/wp-json\/wp\/v2\/users\/1"}],"replies":[{"embeddable":true,"href":"https:\/\/www.dasschoenstekind.de\/news\/wp-json\/wp\/v2\/comments?post=6"}],"version-history":[{"count":6,"href":"https:\/\/www.dasschoenstekind.de\/news\/wp-json\/wp\/v2\/posts\/6\/revisions"}],"predecessor-version":[{"id":189,"href":"https:\/\/www.dasschoenstekind.de\/news\/wp-json\/wp\/v2\/posts\/6\/revisions\/189"}],"wp:featuredmedia":[{"embeddable":true,"href":"https:\/\/www.dasschoenstekind.de\/news\/wp-json\/wp\/v2\/media\/19"}],"wp:attachment":[{"href":"https:\/\/www.dasschoenstekind.de\/news\/wp-json\/wp\/v2\/media?parent=6"}],"wp:term":[{"taxonomy":"category","embeddable":true,"href":"https:\/\/www.dasschoenstekind.de\/news\/wp-json\/wp\/v2\/categories?post=6"},{"taxonomy":"post_tag","embeddable":true,"href":"https:\/\/www.dasschoenstekind.de\/news\/wp-json\/wp\/v2\/tags?post=6"}],"curies":[{"name":"wp","href":"https:\/\/api.w.org\/{rel}","templated":true}]}}