{"id":711,"date":"2021-07-08T13:40:56","date_gmt":"2021-07-08T11:40:56","guid":{"rendered":"https:\/\/www.dasschoenstekind.de\/news\/?p=711"},"modified":"2024-06-19T16:29:34","modified_gmt":"2024-06-19T14:29:34","slug":"rammstein-live-acts","status":"publish","type":"post","link":"https:\/\/www.dasschoenstekind.de\/news\/rammstein-live-acts\/","title":{"rendered":"Live Acts: Das macht Rammstein so besonders!"},"content":{"rendered":"<p>Rammstein z\u00e4hlt wohl zu Deutschlands bekanntesten Bands, nicht nur wegen deren Rammstein Live Acts. R\u00fcckblickend zeigt sich, dass die Tour im Jahr 2019 bereits innerhalb nur weniger Stunden f\u00fcr alle Deutschland Konzerte komplett ausverkauft war. W\u00fcrde man bei Buchmachern Wetten dar\u00fcber abgeben, wer den Preis f\u00fcr den besten Live Act gewinnt, w\u00e4re Rammstein sicher einer der Top-Favoriten. Damals brachten Fans auf der ganzen Welt den Online-Shop des Ticketverk\u00e4ufers Eventim vollkommen zum Erliegen.<\/p>\n<h2>Wer oder was ist Rammstein eigentlich?<\/h2>\n<p>Mit Rammstein verbinden viele Provokation, Leder-Outfits und Pyrotechnik. Das ist der Teil, den eigentlich jeder kennt, doch weit weniger bekannt ist die Entstehungsgeschichte der Band und wie sie politisch ausgerichtet ist. Die DDR-Punkband Feeling B wird als die eigentliche Keimzelle von Rammstein angesehen. Zu den Gr\u00fcndungsmitgliedern geh\u00f6rten Paul Landers und Christian \u201eFlake\u201c Lorenz, dem sp\u00e4teren Gitarristen und Keyboarder von Rammstein.<\/p>\n<p><iframe loading=\"lazy\" width=\"100%\" height=\"400\" src=\"https:\/\/www.youtube-nocookie.com\/embed\/GX0GXhDLaC4\" frameborder=\"0\" allow=\"accelerometer; autoplay; clipboard-write; encrypted-media; gyroscope; picture-in-picture\" allowfullscreen><\/iframe><\/p>\n<p>Sowohl der Rammstein-S\u00e4nger Till Lindemann als auch der Gitarrist Richard Kruspe waren fr\u00fcher Mitglieder der Punkband First Arsch. Ein neues Bandprojekt startete in Berlin, bei dem Lindemann, Kruspe und Schlagzeuger Christoph Schneider zusammen mit Riedel, Landers und \u201eFlake\u201c Lorenz ein Demoalbum aufnahmen. W\u00e4hrend dieser Proben entstand dann das Album \u201eHerzeleid\u201c. Danach entstanden 5 weitere Studio Alben.<\/p>\n<h3>Rammstein und Lifad, wo ist der Zusammenhang?<\/h3>\n<p>Die Abk\u00fcrzung Lifad steht in engen Zusammenhang mit der Band, denn hierbei handelt es sich um das 6. Studioalbum der Band. Die Abk\u00fcrzung steht f\u00fcr \u201eLiebe ist f\u00fcr alle da\u201c, und sie ist auch zudem der Name des offiziellen Fan-Netzwerks der Band.<\/p>\n<h2>Der rege Handel in der Community<\/h2>\n<p>Weltweit tauschen sich die Fans von Rammstein in der Community aus. Dort erhalten sie zudem auch Rabatte f\u00fcr den Online-Shop und auch exklusive Tickets f\u00fcr Konzerte. Zum Schluss stellte sich die Situation so dar, dass die Anzahl der Fans derma\u00dfen \u00fcberhandnahm, dass es zu einem Stopp von Neuaufnahmen in das Netzwerk kam. Vermutlich ging es dem \u00fcberwiegenden Teil der neuen Mitglieder um die Sicherung der Vorverkaufsrecht auf Tournee-Tickets. <\/p>\n<h2>Rechtsextremismus und Rammstein?<\/h2>\n<p>H\u00e4ufig sah sich die Band mit dem Vorwurf des Rechtsextremismus konfrontiert, was auf den gew\u00e4hlten B\u00fchnenoutfits und der Verherrlichung rechtsextremer Symbole basierte. Auch die Musikvideos wurden daf\u00fcr verantwortlich gemacht. Allen voran stand das Video zum Depeche-Mode-Cover \u201eStripped\u201c im Fokus der Diskussionen. Hier waren Ausschnitte aus dem <a href=\"https:\/\/www.faz.net\/aktuell\/sport\/olympia\/olympia-leni-riefenstahl-von-berlin-1936-in-pr-film-vom-ioc-16876059.html\" rel=\"noopener nofollow noreferrer\" target=\"_blank\">Olympia-Film von Leni Riefenstahl<\/a> zu sehen. Dieser Film wurde zu den Olympischen Spielen 1936 in Nazi-Deutschland gedreht.<\/p>\n<p><img loading=\"lazy\" decoding=\"async\" src=\"https:\/\/www.dasschoenstekind.de\/news\/images\/rechtsextremismus.jpg\" alt=\"Rammstein und der Rechtsextremismus\" width=\"300\" height=\"216\" class=\"alignleft size-full wp-image-721\" \/>Unbestritten ist sicher, dass die Band immer wieder mit zweideutigen Symbolen agiert, doch wer genau hinschaut, wird schnell feststellen, dass die Band nicht rechtsextrem ist. Ein genauer Blick auf den <a href=\"https:\/\/www.dasschoenstekind.de\/mutter.htm#2\" title=\"Text zum Song \u201eLinks 2 3 4\u201c\">Text zum Song \u201eLinks 2 3 4\u201c<\/a> aus dem Album \u201eMutter\u201c aus dem Jahre 2001 beweist sogar das Gegenteil mit der folgenden Textstelle: \u201eSie wollen mein Herz am rechten Fleck, Doch sehe ich dann nach unten weg, Da schl\u00e4gt es links\u201c.<\/p>\n<p>Aber auch weitere Argumente konnten den Vorwurf des Rechtsextremismus erfolgreich widerlegen. Zum einen haben die Bandmitglieder immer wieder in Interviews deutlich gemacht, dass sie sich gegen rechte Tendenzen wenden, und zum anderen wurde Rammstein auch immer wieder durch die F\u00fcrsprache von Mitgliedern der Punk-Szene, die zu den linken Musikern geh\u00f6ren, von diesen rechten Vorw\u00fcrfen freigesprochen. <\/p>\n<p>Dazu hatte sich beispielsweise auch das Urgestein des Punks, Schorsch Kamerun ge\u00e4u\u00dfert. In einem Interview mit dem Magazin \u201eNeon\u201c sagte er zum Beispiel, dass er Rammstein \u00fcberhaupt nicht als rechtsextrem sehe, denn auch das Spielen mit Symbolen sei l\u00e4ngst nicht mehr so schockierend, wie das noch vor einigen Jahren der Fall gewesen sei.<\/p>\n<h2>Rammstein weit \u00fcber die deutschen Grenzen hinaus bekannt<\/h2>\n<p>Neben dem enormen Bekanntheitsgrad in Deutschland ist Rammstein zudem auch \u00fcber die Grenzen hinaus mindestens genauso erfolgreich wie hierzulande. Damit geht Rammstein den gleichen Weg wie weitere bekannte Bands, zu denen beispielsweise Kraftwerk, die Scorpions oder auch Tokio Hotel geh\u00f6ren.<\/p>\n<p>Alle diese Bands haben ihre eigene Geschichte. So orientierte sich beispielsweise Kraftwerk in Richtung Frankreich, Gro\u00dfbritannien und in die USA, weil die Band hier Kontakte zu Plattenfirmen schneller aufbauen konnte.<\/p>\n<p><iframe loading=\"lazy\" width=\"100%\" height=\"400\" src=\"https:\/\/www.youtube-nocookie.com\/embed\/XaijJBPS-YY\" frameborder=\"0\" allow=\"accelerometer; autoplay; clipboard-write; encrypted-media; gyroscope; picture-in-picture\" allowfullscreen><\/iframe><\/p>\n<p>Laut dem Musikjournalisten David Fricke vom \u201eRolling Stone\u201c-Magazin hatte Rammstein den optimalen Zeitpunkt gew\u00e4hlt, um in die USA zu kommen, und sie hatten zudem auch noch sehr prominente F\u00fcrsprecher.<\/p>\n<p>F\u00fcr den Erfolg in den USA sorgten unter anderem zwei Songs aus dem Deb\u00fctalbum \u201eHerzeleid\u201c. Im Jahr 1997 fanden sie sich auf dem Soundtrack zum Thriller <a href=\"https:\/\/www.filmstarts.de\/kritiken\/15682.html\" rel=\"noopener nofollow noreferrer\" target=\"_blank\">\u201eLost Highway\u201c von David Lynch<\/a> wieder.<\/p>\n<h2>Darum sind die Fans so begeistert<\/h2>\n<p><img loading=\"lazy\" decoding=\"async\" src=\"https:\/\/www.dasschoenstekind.de\/news\/images\/rammstein-fans-begeistert.jpg\" alt=\"Von den Rammstein Live Acts sind Fans begeistert\" width=\"300\" height=\"202\" class=\"alignright size-full wp-image-719\" \/>Mit dem D\u00fcsteren, der Schattenseite und dem tiefen Schwarz trifft die Band den Nerv ihrer unz\u00e4hligen Fans. W\u00e4hrend es in den 1980er Jahren noch eine Vielzahl von Bands gab, die die dunklere Seite der Seele angesprochen haben, gibt es heute kaum noch Bands, die dies so eindeutig beschreiben. <\/p>\n<p>F\u00fcr viele der internationalen Fans steht augenscheinlich nicht die Sprache im Vordergrund, sondern hier ist es vor allen Dingen der Sound, der \u00fcber allen Ma\u00dfen \u00fcberzeugt. Da Rammstein es bez\u00fcglich der Linie in ihren Songs so richtig krachen l\u00e4sst, ist der Sound der deutschen Band absolut gewaltig. Hinzu kommt noch, dass hier wirklich jeder einzelne Song mit seiner eigenen und besonderen Melodie aufwartet.<\/p>\n<h3>Rammstein hat ein super H\u00e4ndchen f\u00fcr Ohrw\u00fcrmer<\/h3>\n<p>Kaum eine Band schafft es, wie Rammstein am St\u00fcck wirkliche Ohrw\u00fcrmer zu produzieren. Songs wie \u201eIch will\u201c, \u201eDu hast\u201c oder \u201eSonne\u201c sorgen bereits nach einmaligem H\u00f6ren daf\u00fcr, dass sie sich so derma\u00dfen in das Ged\u00e4chtnis einbrennen, dass sie den H\u00f6rer nicht mehr loslassen. Unabh\u00e4ngig davon, ob die Fans nun aus Thailand, aus Argentinien oder aus Russland stammen, hier sind die Texte nicht wirklich von Bedeutung, doch der unvergleichliche Sound sorgt daf\u00fcr, dass sich die Melodien geradezu ins Ged\u00e4chtnis einbrennen und die Fans sie bedingungslos lieben.<\/p>\n<h3>Das Alleinstellungsmerkmal bei Rammstein Live Acts<\/h3>\n<p>Sobald sich die Band Rammstein in einem Live-Konzert pr\u00e4sentiert, sorgt sie f\u00fcr ein unvergessliches Feuerwerk mit ihren Rammstein Live Acts. Den Fans wird hier immer ein atemberaubendes Spektakel geboten, an dem sich nicht einmal Ozzy Osbourne messen kann. Fakt ist, dass selbst Menschen, denen die Musik von Rammstein gar nicht so zusagt, sich dennoch von diesem Spektakel sehr gut unterhalten f\u00fchlen.<\/p>\n","protected":false},"excerpt":{"rendered":"<p>Rammstein sind neben den Toten Hosen und Die \u00c4rzte die wohl popul\u00e4rste und beliebteste Rockband, welche in den letzten 25 Jahren fortlaufend Zuwachs in Sachen Fans und Anh\u00e4nger erhalten hat. Auch jetzt noch provoziert die Band nicht nur mit Pyrotechnik und B\u00fchnenshows, sondern sorgt zudem f\u00fcr schnellen Tourkartenausverkauf.<\/p>\n","protected":false},"author":1,"featured_media":714,"comment_status":"closed","ping_status":"closed","sticky":false,"template":"","format":"standard","meta":{"_acf_changed":false,"footnotes":""},"categories":[1],"tags":[],"class_list":["post-711","post","type-post","status-publish","format-standard","has-post-thumbnail","hentry","category-allgemein"],"acf":[],"yoast_head":"<!-- This site is optimized with the Yoast SEO Premium plugin v25.9 (Yoast SEO v27.2) - https:\/\/yoast.com\/product\/yoast-seo-premium-wordpress\/ -->\n<title>Live Acts: Das macht die Rammstein Live Acts so besonders!<\/title>\n<meta name=\"description\" content=\"Rammstein sind neben den Toten Hosen und Die \u00c4rzte die wohl popul\u00e4rste und beliebteste Rockband, welche weiterhin fortlaufend w\u00e4chst.\" \/>\n<meta name=\"robots\" content=\"index, follow, max-snippet:-1, max-image-preview:large, max-video-preview:-1\" \/>\n<link rel=\"canonical\" href=\"https:\/\/www.dasschoenstekind.de\/news\/rammstein-live-acts\/\" \/>\n<meta property=\"og:locale\" content=\"de_DE\" \/>\n<meta property=\"og:type\" content=\"article\" \/>\n<meta property=\"og:title\" content=\"Live Acts: Das macht Rammstein so besonders!\" \/>\n<meta property=\"og:description\" content=\"Rammstein sind neben den Toten Hosen und Die \u00c4rzte die wohl popul\u00e4rste und beliebteste Rockband, welche weiterhin fortlaufend w\u00e4chst.\" \/>\n<meta property=\"og:url\" content=\"https:\/\/www.dasschoenstekind.de\/news\/rammstein-live-acts\/\" \/>\n<meta property=\"og:site_name\" content=\"Rammstein News\" \/>\n<meta property=\"article:published_time\" content=\"2021-07-08T11:40:56+00:00\" \/>\n<meta property=\"article:modified_time\" content=\"2024-06-19T14:29:34+00:00\" \/>\n<meta property=\"og:image\" content=\"https:\/\/www.dasschoenstekind.de\/news\/images\/live-acts.jpg\" \/>\n\t<meta property=\"og:image:width\" content=\"760\" \/>\n\t<meta property=\"og:image:height\" content=\"432\" \/>\n\t<meta property=\"og:image:type\" content=\"image\/jpeg\" \/>\n<meta name=\"author\" content=\"admin\" \/>\n<meta name=\"twitter:card\" content=\"summary_large_image\" \/>\n<meta name=\"twitter:label1\" content=\"Verfasst von\" \/>\n\t<meta name=\"twitter:data1\" content=\"admin\" \/>\n\t<meta name=\"twitter:label2\" content=\"Gesch\u00e4tzte Lesezeit\" \/>\n\t<meta name=\"twitter:data2\" content=\"6\u00a0Minuten\" \/>\n<script type=\"application\/ld+json\" class=\"yoast-schema-graph\">{\"@context\":\"https:\/\/schema.org\",\"@graph\":[{\"@type\":\"Article\",\"@id\":\"https:\/\/www.dasschoenstekind.de\/news\/rammstein-live-acts\/#article\",\"isPartOf\":{\"@id\":\"https:\/\/www.dasschoenstekind.de\/news\/rammstein-live-acts\/\"},\"author\":{\"name\":\"admin\",\"@id\":\"https:\/\/www.dasschoenstekind.de\/news\/#\/schema\/person\/dd1ad54d9a7552706cf9694969b65793\"},\"headline\":\"Live Acts: Das macht Rammstein so besonders!\",\"datePublished\":\"2021-07-08T11:40:56+00:00\",\"dateModified\":\"2024-06-19T14:29:34+00:00\",\"mainEntityOfPage\":{\"@id\":\"https:\/\/www.dasschoenstekind.de\/news\/rammstein-live-acts\/\"},\"wordCount\":1037,\"image\":{\"@id\":\"https:\/\/www.dasschoenstekind.de\/news\/rammstein-live-acts\/#primaryimage\"},\"thumbnailUrl\":\"https:\/\/www.dasschoenstekind.de\/news\/images\/live-acts.jpg\",\"inLanguage\":\"de\"},{\"@type\":\"WebPage\",\"@id\":\"https:\/\/www.dasschoenstekind.de\/news\/rammstein-live-acts\/\",\"url\":\"https:\/\/www.dasschoenstekind.de\/news\/rammstein-live-acts\/\",\"name\":\"Live Acts: Das macht die Rammstein Live Acts so besonders!\",\"isPartOf\":{\"@id\":\"https:\/\/www.dasschoenstekind.de\/news\/#website\"},\"primaryImageOfPage\":{\"@id\":\"https:\/\/www.dasschoenstekind.de\/news\/rammstein-live-acts\/#primaryimage\"},\"image\":{\"@id\":\"https:\/\/www.dasschoenstekind.de\/news\/rammstein-live-acts\/#primaryimage\"},\"thumbnailUrl\":\"https:\/\/www.dasschoenstekind.de\/news\/images\/live-acts.jpg\",\"datePublished\":\"2021-07-08T11:40:56+00:00\",\"dateModified\":\"2024-06-19T14:29:34+00:00\",\"author\":{\"@id\":\"https:\/\/www.dasschoenstekind.de\/news\/#\/schema\/person\/dd1ad54d9a7552706cf9694969b65793\"},\"description\":\"Rammstein sind neben den Toten Hosen und Die \u00c4rzte die wohl popul\u00e4rste und beliebteste Rockband, welche weiterhin fortlaufend w\u00e4chst.\",\"breadcrumb\":{\"@id\":\"https:\/\/www.dasschoenstekind.de\/news\/rammstein-live-acts\/#breadcrumb\"},\"inLanguage\":\"de\",\"potentialAction\":[{\"@type\":\"ReadAction\",\"target\":[\"https:\/\/www.dasschoenstekind.de\/news\/rammstein-live-acts\/\"]}]},{\"@type\":\"ImageObject\",\"inLanguage\":\"de\",\"@id\":\"https:\/\/www.dasschoenstekind.de\/news\/rammstein-live-acts\/#primaryimage\",\"url\":\"https:\/\/www.dasschoenstekind.de\/news\/images\/live-acts.jpg\",\"contentUrl\":\"https:\/\/www.dasschoenstekind.de\/news\/images\/live-acts.jpg\",\"width\":760,\"height\":432,\"caption\":\"Live Acts wie Rammstein sind etwas besonderes\"},{\"@type\":\"BreadcrumbList\",\"@id\":\"https:\/\/www.dasschoenstekind.de\/news\/rammstein-live-acts\/#breadcrumb\",\"itemListElement\":[{\"@type\":\"ListItem\",\"position\":1,\"name\":\"Startseite\",\"item\":\"https:\/\/www.dasschoenstekind.de\/news\/\"},{\"@type\":\"ListItem\",\"position\":2,\"name\":\"Live Acts: Das macht Rammstein so besonders!\"}]},{\"@type\":\"WebSite\",\"@id\":\"https:\/\/www.dasschoenstekind.de\/news\/#website\",\"url\":\"https:\/\/www.dasschoenstekind.de\/news\/\",\"name\":\"Rammstein News\",\"description\":\"Eine weitere WordPress-Website\",\"potentialAction\":[{\"@type\":\"SearchAction\",\"target\":{\"@type\":\"EntryPoint\",\"urlTemplate\":\"https:\/\/www.dasschoenstekind.de\/news\/?s={search_term_string}\"},\"query-input\":{\"@type\":\"PropertyValueSpecification\",\"valueRequired\":true,\"valueName\":\"search_term_string\"}}],\"inLanguage\":\"de\"},{\"@type\":\"Person\",\"@id\":\"https:\/\/www.dasschoenstekind.de\/news\/#\/schema\/person\/dd1ad54d9a7552706cf9694969b65793\",\"name\":\"admin\",\"image\":{\"@type\":\"ImageObject\",\"inLanguage\":\"de\",\"@id\":\"https:\/\/secure.gravatar.com\/avatar\/c86a06baa38045c6b53e2c395991625853e062e9ce6e363321311c42ffe8e2f8?s=96&d=mm&r=g\",\"url\":\"https:\/\/secure.gravatar.com\/avatar\/c86a06baa38045c6b53e2c395991625853e062e9ce6e363321311c42ffe8e2f8?s=96&d=mm&r=g\",\"contentUrl\":\"https:\/\/secure.gravatar.com\/avatar\/c86a06baa38045c6b53e2c395991625853e062e9ce6e363321311c42ffe8e2f8?s=96&d=mm&r=g\",\"caption\":\"admin\"},\"url\":\"https:\/\/www.dasschoenstekind.de\/news\/author\/admin\/\"}]}<\/script>\n<!-- \/ Yoast SEO Premium plugin. -->","yoast_head_json":{"title":"Live Acts: Das macht die Rammstein Live Acts so besonders!","description":"Rammstein sind neben den Toten Hosen und Die \u00c4rzte die wohl popul\u00e4rste und beliebteste Rockband, welche weiterhin fortlaufend w\u00e4chst.","robots":{"index":"index","follow":"follow","max-snippet":"max-snippet:-1","max-image-preview":"max-image-preview:large","max-video-preview":"max-video-preview:-1"},"canonical":"https:\/\/www.dasschoenstekind.de\/news\/rammstein-live-acts\/","og_locale":"de_DE","og_type":"article","og_title":"Live Acts: Das macht Rammstein so besonders!","og_description":"Rammstein sind neben den Toten Hosen und Die \u00c4rzte die wohl popul\u00e4rste und beliebteste Rockband, welche weiterhin fortlaufend w\u00e4chst.","og_url":"https:\/\/www.dasschoenstekind.de\/news\/rammstein-live-acts\/","og_site_name":"Rammstein News","article_published_time":"2021-07-08T11:40:56+00:00","article_modified_time":"2024-06-19T14:29:34+00:00","og_image":[{"width":760,"height":432,"url":"https:\/\/www.dasschoenstekind.de\/news\/images\/live-acts.jpg","type":"image\/jpeg"}],"author":"admin","twitter_card":"summary_large_image","twitter_misc":{"Verfasst von":"admin","Gesch\u00e4tzte Lesezeit":"6\u00a0Minuten"},"schema":{"@context":"https:\/\/schema.org","@graph":[{"@type":"Article","@id":"https:\/\/www.dasschoenstekind.de\/news\/rammstein-live-acts\/#article","isPartOf":{"@id":"https:\/\/www.dasschoenstekind.de\/news\/rammstein-live-acts\/"},"author":{"name":"admin","@id":"https:\/\/www.dasschoenstekind.de\/news\/#\/schema\/person\/dd1ad54d9a7552706cf9694969b65793"},"headline":"Live Acts: Das macht Rammstein so besonders!","datePublished":"2021-07-08T11:40:56+00:00","dateModified":"2024-06-19T14:29:34+00:00","mainEntityOfPage":{"@id":"https:\/\/www.dasschoenstekind.de\/news\/rammstein-live-acts\/"},"wordCount":1037,"image":{"@id":"https:\/\/www.dasschoenstekind.de\/news\/rammstein-live-acts\/#primaryimage"},"thumbnailUrl":"https:\/\/www.dasschoenstekind.de\/news\/images\/live-acts.jpg","inLanguage":"de"},{"@type":"WebPage","@id":"https:\/\/www.dasschoenstekind.de\/news\/rammstein-live-acts\/","url":"https:\/\/www.dasschoenstekind.de\/news\/rammstein-live-acts\/","name":"Live Acts: Das macht die Rammstein Live Acts so besonders!","isPartOf":{"@id":"https:\/\/www.dasschoenstekind.de\/news\/#website"},"primaryImageOfPage":{"@id":"https:\/\/www.dasschoenstekind.de\/news\/rammstein-live-acts\/#primaryimage"},"image":{"@id":"https:\/\/www.dasschoenstekind.de\/news\/rammstein-live-acts\/#primaryimage"},"thumbnailUrl":"https:\/\/www.dasschoenstekind.de\/news\/images\/live-acts.jpg","datePublished":"2021-07-08T11:40:56+00:00","dateModified":"2024-06-19T14:29:34+00:00","author":{"@id":"https:\/\/www.dasschoenstekind.de\/news\/#\/schema\/person\/dd1ad54d9a7552706cf9694969b65793"},"description":"Rammstein sind neben den Toten Hosen und Die \u00c4rzte die wohl popul\u00e4rste und beliebteste Rockband, welche weiterhin fortlaufend w\u00e4chst.","breadcrumb":{"@id":"https:\/\/www.dasschoenstekind.de\/news\/rammstein-live-acts\/#breadcrumb"},"inLanguage":"de","potentialAction":[{"@type":"ReadAction","target":["https:\/\/www.dasschoenstekind.de\/news\/rammstein-live-acts\/"]}]},{"@type":"ImageObject","inLanguage":"de","@id":"https:\/\/www.dasschoenstekind.de\/news\/rammstein-live-acts\/#primaryimage","url":"https:\/\/www.dasschoenstekind.de\/news\/images\/live-acts.jpg","contentUrl":"https:\/\/www.dasschoenstekind.de\/news\/images\/live-acts.jpg","width":760,"height":432,"caption":"Live Acts wie Rammstein sind etwas besonderes"},{"@type":"BreadcrumbList","@id":"https:\/\/www.dasschoenstekind.de\/news\/rammstein-live-acts\/#breadcrumb","itemListElement":[{"@type":"ListItem","position":1,"name":"Startseite","item":"https:\/\/www.dasschoenstekind.de\/news\/"},{"@type":"ListItem","position":2,"name":"Live Acts: Das macht Rammstein so besonders!"}]},{"@type":"WebSite","@id":"https:\/\/www.dasschoenstekind.de\/news\/#website","url":"https:\/\/www.dasschoenstekind.de\/news\/","name":"Rammstein News","description":"Eine weitere WordPress-Website","potentialAction":[{"@type":"SearchAction","target":{"@type":"EntryPoint","urlTemplate":"https:\/\/www.dasschoenstekind.de\/news\/?s={search_term_string}"},"query-input":{"@type":"PropertyValueSpecification","valueRequired":true,"valueName":"search_term_string"}}],"inLanguage":"de"},{"@type":"Person","@id":"https:\/\/www.dasschoenstekind.de\/news\/#\/schema\/person\/dd1ad54d9a7552706cf9694969b65793","name":"admin","image":{"@type":"ImageObject","inLanguage":"de","@id":"https:\/\/secure.gravatar.com\/avatar\/c86a06baa38045c6b53e2c395991625853e062e9ce6e363321311c42ffe8e2f8?s=96&d=mm&r=g","url":"https:\/\/secure.gravatar.com\/avatar\/c86a06baa38045c6b53e2c395991625853e062e9ce6e363321311c42ffe8e2f8?s=96&d=mm&r=g","contentUrl":"https:\/\/secure.gravatar.com\/avatar\/c86a06baa38045c6b53e2c395991625853e062e9ce6e363321311c42ffe8e2f8?s=96&d=mm&r=g","caption":"admin"},"url":"https:\/\/www.dasschoenstekind.de\/news\/author\/admin\/"}]}},"_links":{"self":[{"href":"https:\/\/www.dasschoenstekind.de\/news\/wp-json\/wp\/v2\/posts\/711","targetHints":{"allow":["GET"]}}],"collection":[{"href":"https:\/\/www.dasschoenstekind.de\/news\/wp-json\/wp\/v2\/posts"}],"about":[{"href":"https:\/\/www.dasschoenstekind.de\/news\/wp-json\/wp\/v2\/types\/post"}],"author":[{"embeddable":true,"href":"https:\/\/www.dasschoenstekind.de\/news\/wp-json\/wp\/v2\/users\/1"}],"replies":[{"embeddable":true,"href":"https:\/\/www.dasschoenstekind.de\/news\/wp-json\/wp\/v2\/comments?post=711"}],"version-history":[{"count":11,"href":"https:\/\/www.dasschoenstekind.de\/news\/wp-json\/wp\/v2\/posts\/711\/revisions"}],"predecessor-version":[{"id":1601,"href":"https:\/\/www.dasschoenstekind.de\/news\/wp-json\/wp\/v2\/posts\/711\/revisions\/1601"}],"wp:featuredmedia":[{"embeddable":true,"href":"https:\/\/www.dasschoenstekind.de\/news\/wp-json\/wp\/v2\/media\/714"}],"wp:attachment":[{"href":"https:\/\/www.dasschoenstekind.de\/news\/wp-json\/wp\/v2\/media?parent=711"}],"wp:term":[{"taxonomy":"category","embeddable":true,"href":"https:\/\/www.dasschoenstekind.de\/news\/wp-json\/wp\/v2\/categories?post=711"},{"taxonomy":"post_tag","embeddable":true,"href":"https:\/\/www.dasschoenstekind.de\/news\/wp-json\/wp\/v2\/tags?post=711"}],"curies":[{"name":"wp","href":"https:\/\/api.w.org\/{rel}","templated":true}]}}