{"id":798,"date":"2021-10-19T11:30:28","date_gmt":"2021-10-19T09:30:28","guid":{"rendered":"https:\/\/www.dasschoenstekind.de\/news\/?p=798"},"modified":"2022-08-31T12:01:22","modified_gmt":"2022-08-31T10:01:22","slug":"2raumwohnung","status":"publish","type":"post","link":"https:\/\/www.dasschoenstekind.de\/news\/2raumwohnung\/","title":{"rendered":"2Raumwohnung \u00bb das deutsche Elektropopduo seit \u00fcber 20 Jahren"},"content":{"rendered":"<p><center>&#8222;36 Grad, und es wird noch hei\u00dfer,<br \/>\nMach den Beat nie wieder leiser,<br \/>\n36 Grad, kein Ventilator,<br \/>\nDas Leben kommt mir gar nicht hart vor&#8220;.<\/center><\/p>\n<p>Kommen euch diese Texte bekannt vor? Kein Wunder! Es handelt sich dabei um den Songtitel &#8222;36 Grad&#8220; von <a href=\"https:\/\/2raumwohnung.de\/\" rel=\"noreferrer nofollow noopener\" target=\"_blank\">der deutschen Band 2Raumwohnung<\/a>. Der Hit war auf Platz 63 zu finden, in den Jahrescharts aus dem Jahr 2007. Damit war dieser Titel der gr\u00f6\u00dfte Erfolg von 2Raumwohnung. Die Band wurde 2000 mit dem ersten Song &#8222;Wir trafen uns im Garten&#8220; gegr\u00fcndet. Die Band besteht aus der S\u00e4ngerin Inga Humpe und ihren Lebensgef\u00e4hrten Tommi Eckart. Das Paar ist nicht nur <strong>seit 23 Jahren verheiratet<\/strong>, sondern auch schon seit 20 Jahren eine erfolgreiche Band.<\/p>\n<h2>Was zeichnet die Band 2Raumwohnung aus?<\/h2>\n<p>Die Alben der Band sind <strong>leicht, l\u00e4ssig und gem\u00fctlich<\/strong>. Die Songs laden zum entspannten Schwanken ein. So haben die Titel oft einen Hauch von Verf\u00fchrung und Eleganz. Es wird eine Atmosph\u00e4re erzeugt, die an Fr\u00fchlingsgef\u00fchle und die Fr\u00f6hlichkeit des Sommers erinnern. Die Titel sind einpr\u00e4gsam, tiefgr\u00fcndig und einfach gehalten. Zeitgleich geht die Melodie leicht ins Ohr. Die Band schafft es mit Leichtigkeit, einen Ohrwurm zu erschaffen.<\/p>\n<h2>Erfolge und Auszeichnungen der Band<\/h2>\n<p>Die Band hat am 28. Februar 2020 ein <a href=\"https:\/\/www.jpc.de\/jpcng\/poprock\/detail\/-\/art\/2raumwohnung-20-jahre-2raumwohnung\/hnum\/9603532\" rel=\"noreferrer nofollow noopener\" target=\"_blank\">Best-of-Album \u201e20 JAHRE 2RAUMWOHNUNG\u201c<\/a> ver\u00f6ffentlicht. Dieses bestand aus 20 Liedern aus 20 Jahren. Zus\u00e4tzlich und zwei neuen St\u00fccke dabei. Die Band 2raumwohnung, wurde im Jahr 2002 f\u00fcr &#8222;In wirklich&#8220; mit dem deutschen Dance Award als bestes Album ausgezeichnet. Im Jahr 2005 erhielten Inga Humpe und ihr Ehemann Tommi Eckart <strong>die goldene Stimmgabel<\/strong> verliehen. Die Single &#8222;Besser gehts nicht&#8220;, schaffte es auf Anhieb in die Charts der Top 30. <\/p>\n<p><iframe loading=\"lazy\" width=\"100%\" height=\"400\" src=\"https:\/\/www.youtube-nocookie.com\/embed\/wIRyoh5TClI\" frameborder=\"0\" allow=\"accelerometer; autoplay; clipboard-write; encrypted-media; gyroscope; picture-in-picture\" allowfullscreen><\/iframe><\/p>\n<p>Dieser Titel wurde dann sogar im Werbespot der AOK verwendet. Die n\u00e4chste Auszeichnung konnte die Band 2010 mit dem Kulturpreis absahnen. Auszeichner war hier die B.Z. Inga Humpe ver\u00f6ffentlichte mit dem Titel \u201eWir trafen uns in einem Garten\u201c ein Buch. In diesem Werk geht es um die Anf\u00e4nge des Duos. Der Musikexpress verlieh dann den Style-Award im Jahr 2010, als Best Performer Domestic.<\/p>\n<h2>Konzerte von &#8222;2Raumwohnung&#8220;<\/h2>\n<p><strong>2raumwohnung<\/strong> hatte ihren ersten Auftritt im Jahr 2001. Ort war das &#8222;Sternradio&#8220;. Dies ist ein Club in Berlin am Alexanderplatz. Dies war nat\u00fcrlich erst der Anfang der Band. Das erste Konzert fand dann in der Berliner Columbiahalle statt. F\u00fcr Oktober 2021 hatte die Band eine neue Tour geplant gehabt. Corona bedingt wurde diese auf Mitte des Jahres 2022 verschoben. Motto des Konzertes lautet &#8222;2raumwohnung &#8211; 20Jahre&#8220;.<\/p>\n<p>Die Band ist seit 20 Jahren <strong>nicht aus dem deutschsprachigen Elektropop wegzudenken<\/strong>. Im Jahr 2000 begann alles mit \u201eWir Trafen Uns In einem Garten\u201c. Bisher gab es acht Alben und viele Remixe. Darunter Ennio Morricone, Herbert Gr\u00f6nemeyer, \u201eTrip to Asia\u201c. Soundtracks wurden erstellt f\u00fcr Tatort, Das Sams, M\u00e4dchen M\u00e4dchen. Kollaborationen wurden geschlossen mit Musikern wie Paul van Dyk, Paul Kalkbrenner, Westbam, DJ Koze, Ricardo Villalobos, Dieter Meier, UMAMI, und Rosenstolz.<\/p>\n<p><iframe loading=\"lazy\" width=\"100%\" height=\"400\" src=\"https:\/\/www.youtube-nocookie.com\/embed\/hQwa46JZe8Y\" frameborder=\"0\" allow=\"accelerometer; autoplay; clipboard-write; encrypted-media; gyroscope; picture-in-picture\" allowfullscreen><\/iframe><\/p>\n<p>Auf <a href=\"https:\/\/2raumwohnung.de\/tourdaten\/\" rel=\"noreferrer nofollow noopener\" target=\"_blank\">dem Konzert \u201e20Jahre 2raumwohnung\u201c<\/a> k\u00f6nnen sich Fans auf diese Hits freuen: Sexy Girl\u201c, \u201e36 Grad\u201c, \u201eWir Trafen Uns In Einem Garten\u201c, \u201eBei Dir Bin Ich Sch\u00f6n\u201c, \u201eBesser Gehts Nicht\u201c, \u201e2 Von Millionen Von Sternen\u201c \u201eWir Werden Sehen\u201c, \u201eIch Und Elaine\u201c sowie vieles mehr. Es wird Beats, Lightshow, Videoperformance, Gitarren und sph\u00e4rische Live-Elektronik geben. Zudem ist die Stimme von Inga Humpes einfach einzigartig.<\/p>\n<h2>Alben der Band &#8222;2Raumwohnung&#8220;<\/h2>\n<p>Das erste Album der Band wurde 2. Juli 2001 ver\u00f6ffentlich. Es hatte den Titel &#8222;Kommt zusammen&#8220;. Das Album war ausgestattet mit 13 Titel. Regie f\u00fchrte Goldrush und Plattenlabel BMG. Weiter ging es dann mit dem 2. Album &#8222;In wirklich&#8220;. Dieses wurde dann ein Jahr sp\u00e4ter, am 2. September 2002 rausgebracht. 2004 kam dann das 3. Album &#8222;Es wird Morgen&#8220; heraus. Es folgte &#8222;Melancholisch sch\u00f6n&#8220;, am 20. Juni 2005. Da erfolgreichste Album der Band war dann &#8222;36 Grad&#8220;. Dieses wurde der \u00d6ffentlichkeit am 2. Februar 2007 zug\u00e4nglich gemacht. Ganze 33 Wochen war dieses in den Charts. Zwei Jahre sp\u00e4ter kam dann &#8222;Lasso&#8220; am 31. Juli 2009 heraus. Danach war es erst mal lange Zeit still um <a href=\"https:\/\/www.dasschoenstekind.de\/news\/gates-of-dawn\/\">die Band geworden<\/a>. Humorvoll kam 2Raumwohnung dann mit dem Album &#8222;Achtung fertig&#8220; um die Ecke. Es erschien dann am 6. September 2013. Das vorerst letzte Album wurde dann am 16. Juni 2017 abgeliefert mit dem Titel &#8222;Nacht und Tag&#8220;.<\/p>\n<h2>Im Osten Berlins nahm alles seinen Anfang<\/h2>\n<p>Kurz nach der Wende lernte Inga Humpe ihren jetzigen Ehemann Tommi Eckart kennen. Seit 1993 leben die beiden zusammen. In der Vergangenheit war die S\u00e4ngerin bereits t\u00e4tig bei den &#8222;Neonbabies&#8220; sowie &#8222;D\u00d6F&#8220;. Ihr Partner arbeitete mit DJ Hell, sowie Ralf Hertwig und Andreas Dorau zusammen. Die Musik der Band wurde damals unter Pseudonym in der Werbung von Cabinet sowie der HypoVereinsbank verwendet. Dazu diente der Song &#8222;Wir trafen uns in einem Garten&#8220;. Auch ein Fernsehspot nutzte einen Titel der Band. <\/p>\n<p><iframe loading=\"lazy\" width=\"100%\" height=\"400\" src=\"https:\/\/www.youtube-nocookie.com\/embed\/2wkekZpikbY\" frameborder=\"0\" allow=\"accelerometer; autoplay; clipboard-write; encrypted-media; gyroscope; picture-in-picture\" allowfullscreen><\/iframe><\/p>\n<p>Es wurde die Einf\u00fchrung des Euros pr\u00e4sentiert unter dem Titel &#8222;2 von Millionen von Sternen&#8220;. Danach erfolgte die Ver\u00f6ffentlichung des erstens Albums 2001 mit dem Titel &#8222;Kommt zusammen&#8220;. Der Rest ist Geschichte. Es folgten Auszeichnungen, Konzerte und sogar Fernsehauftritte. 2010 fangen zwei Gastauftritte statt. Genutzt wurde die Serie &#8222;<a href=\"https:\/\/www.rtl.de\/cms\/sendungen\/gzsz.html\" rel=\"noreferrer nofollow noopener\" target=\"_blank\">Gute Zeiten schlechte Zeiten<\/a>&#8222;. Dort wurde der Titel &#8222;36 Grad&#8220; sowie &#8222;Rette mich&#8220; am Mauerwerk performet.<\/p>\n<h3>2Raumwohnung machte nicht vor der Politik halt<\/h3>\n<p>Die Band engagierte sich zusammen mit anderen K\u00fcnstlern f\u00fcr die Musikindustrie. Dazu haben sie einen Brief im Jahr 2008 verfasst. Darin unterzeichneten sie mit 200 anderen K\u00fcnstlern den Brief an Bundeskanzlerin Angela Merkel. Es ging darin um den Schutz geistigen Eigentums. Hintergrund waren die enormen Einbu\u00dfen, die S\u00e4nger und Bands aufgrund von Filesharing hatten. Als es dann die Nuklearkatastrophe von Fukushima gab, wurde erneut ein offener Brief verfasst. Zus\u00e4tzlich wurde eine Mahnwache vor dem Bundeskanzleramt gehalten. Somit sollte der sofortigen Ausstieg aus der Atomkraft stattfinden.<\/p>\n<p>2Raumwohnung repr\u00e4sentierten die deutscher Musik gegen\u00fcber der Welt\u00f6ffentlichkeit. So wurde auf der Expo 2010 in Shanghai, ein gro\u00dfartiges Konzert gegeben. Auf Einladung des Goethe-Instituts sowie der deutschen Botschaft Pretoria waren sie sogar zu Gast bei der Fu\u00dfballweltmeisterschaft. Das war im Jahr 2010 in S\u00fcdafrika gewesen. Es fanden dann <a href=\"https:\/\/www.dasschoenstekind.de\/news\/rosalie-und-wanda\/\">auch Auftritte<\/a> auf der Football meets Culture statt.<\/p>\n<h2>\u00dcbrigens&#8230;<\/h2>\n<p>Damals wurde Musik oftmals mit Werbung in Verbindung gebracht. Dies wiederum kam bei den Menschen nicht gut an. Um dies zu vermeiden, nannte sich die Band 2Raumwohnung. Zuerst nannten sie sich &#8222;Zweiraumwohnung&#8220;. Diese Domain war jedoch bereits vergeben. Daher fand dann die \u00c4nderung in &#8222;2Raumwohnung statt&#8220;.<\/p>\n<p>Das Duo wirkte auch als DJ-Team aktiv mit. So traten sie <a href=\"https:\/\/www.dasschoenstekind.de\/news\/top-tv-serien-die-2018-keiner-verpassen-sollte\/\">in New York<\/a> auf. Bei Moguai &#038; Friends, in der Essener Weststadthalle spielten sie erstmals im Jahr 2003 und danach noch mal 2008. <\/p>\n","protected":false},"excerpt":{"rendered":"<p>Seit 20 Jahren begeistert uns eine Formation mit dem Namen 2Raumwohnung. Melodische Kl\u00e4nge, einpr\u00e4gsame Texte in deutscher Sprache und ein entspannter Stil ziehen sich durch Hits wie \u201e36 Grad\u201c. Vor einiger Zeit wurde das Best-of-Album \u201e20 Jahre 2Raumwohnung\u201c ver\u00f6ffentlicht. Zudem ergatterte die Formation mit der goldenen Stimmgabel einen begehrten Preis. <\/p>\n","protected":false},"author":1,"featured_media":801,"comment_status":"closed","ping_status":"closed","sticky":false,"template":"","format":"standard","meta":{"_acf_changed":false,"footnotes":""},"categories":[1],"tags":[],"class_list":["post-798","post","type-post","status-publish","format-standard","has-post-thumbnail","hentry","category-allgemein"],"acf":[],"yoast_head":"<!-- This site is optimized with the Yoast SEO Premium plugin v25.9 (Yoast SEO v27.2) - https:\/\/yoast.com\/product\/yoast-seo-premium-wordpress\/ -->\n<title>2Raumwohnung \u00bb das deutsche Elektropopduo seit \u00fcber 20 Jahren<\/title>\n<meta name=\"description\" content=\"Seit 20 Jahren begeistert uns eine Formation mit dem Namen 2Raumwohnung. Melodische Kl\u00e4nge, einpr\u00e4gsame Texte.\" \/>\n<meta name=\"robots\" content=\"index, follow, max-snippet:-1, max-image-preview:large, max-video-preview:-1\" \/>\n<link rel=\"canonical\" href=\"https:\/\/www.dasschoenstekind.de\/news\/2raumwohnung\/\" \/>\n<meta property=\"og:locale\" content=\"de_DE\" \/>\n<meta property=\"og:type\" content=\"article\" \/>\n<meta property=\"og:title\" content=\"2Raumwohnung \u00bb das deutsche Elektropopduo seit \u00fcber 20 Jahren\" \/>\n<meta property=\"og:description\" content=\"Seit 20 Jahren begeistert uns eine Formation mit dem Namen 2Raumwohnung. Melodische Kl\u00e4nge, einpr\u00e4gsame Texte.\" \/>\n<meta property=\"og:url\" content=\"https:\/\/www.dasschoenstekind.de\/news\/2raumwohnung\/\" \/>\n<meta property=\"og:site_name\" content=\"Rammstein News\" \/>\n<meta property=\"article:published_time\" content=\"2021-10-19T09:30:28+00:00\" \/>\n<meta property=\"article:modified_time\" content=\"2022-08-31T10:01:22+00:00\" \/>\n<meta property=\"og:image\" content=\"https:\/\/www.dasschoenstekind.de\/news\/images\/2raumwohnung.jpg\" \/>\n\t<meta property=\"og:image:width\" content=\"753\" \/>\n\t<meta property=\"og:image:height\" content=\"502\" \/>\n\t<meta property=\"og:image:type\" content=\"image\/jpeg\" \/>\n<meta name=\"author\" content=\"admin\" \/>\n<meta name=\"twitter:card\" content=\"summary_large_image\" \/>\n<meta name=\"twitter:label1\" content=\"Verfasst von\" \/>\n\t<meta name=\"twitter:data1\" content=\"admin\" \/>\n\t<meta name=\"twitter:label2\" content=\"Gesch\u00e4tzte Lesezeit\" \/>\n\t<meta name=\"twitter:data2\" content=\"5\u00a0Minuten\" \/>\n<script type=\"application\/ld+json\" class=\"yoast-schema-graph\">{\"@context\":\"https:\/\/schema.org\",\"@graph\":[{\"@type\":\"Article\",\"@id\":\"https:\/\/www.dasschoenstekind.de\/news\/2raumwohnung\/#article\",\"isPartOf\":{\"@id\":\"https:\/\/www.dasschoenstekind.de\/news\/2raumwohnung\/\"},\"author\":{\"name\":\"admin\",\"@id\":\"https:\/\/www.dasschoenstekind.de\/news\/#\/schema\/person\/dd1ad54d9a7552706cf9694969b65793\"},\"headline\":\"2Raumwohnung \u00bb das deutsche Elektropopduo seit \u00fcber 20 Jahren\",\"datePublished\":\"2021-10-19T09:30:28+00:00\",\"dateModified\":\"2022-08-31T10:01:22+00:00\",\"mainEntityOfPage\":{\"@id\":\"https:\/\/www.dasschoenstekind.de\/news\/2raumwohnung\/\"},\"wordCount\":1077,\"image\":{\"@id\":\"https:\/\/www.dasschoenstekind.de\/news\/2raumwohnung\/#primaryimage\"},\"thumbnailUrl\":\"https:\/\/www.dasschoenstekind.de\/news\/images\/2raumwohnung.jpg\",\"inLanguage\":\"de\"},{\"@type\":\"WebPage\",\"@id\":\"https:\/\/www.dasschoenstekind.de\/news\/2raumwohnung\/\",\"url\":\"https:\/\/www.dasschoenstekind.de\/news\/2raumwohnung\/\",\"name\":\"2Raumwohnung \u00bb das deutsche Elektropopduo seit \u00fcber 20 Jahren\",\"isPartOf\":{\"@id\":\"https:\/\/www.dasschoenstekind.de\/news\/#website\"},\"primaryImageOfPage\":{\"@id\":\"https:\/\/www.dasschoenstekind.de\/news\/2raumwohnung\/#primaryimage\"},\"image\":{\"@id\":\"https:\/\/www.dasschoenstekind.de\/news\/2raumwohnung\/#primaryimage\"},\"thumbnailUrl\":\"https:\/\/www.dasschoenstekind.de\/news\/images\/2raumwohnung.jpg\",\"datePublished\":\"2021-10-19T09:30:28+00:00\",\"dateModified\":\"2022-08-31T10:01:22+00:00\",\"author\":{\"@id\":\"https:\/\/www.dasschoenstekind.de\/news\/#\/schema\/person\/dd1ad54d9a7552706cf9694969b65793\"},\"description\":\"Seit 20 Jahren begeistert uns eine Formation mit dem Namen 2Raumwohnung. Melodische Kl\u00e4nge, einpr\u00e4gsame Texte.\",\"breadcrumb\":{\"@id\":\"https:\/\/www.dasschoenstekind.de\/news\/2raumwohnung\/#breadcrumb\"},\"inLanguage\":\"de\",\"potentialAction\":[{\"@type\":\"ReadAction\",\"target\":[\"https:\/\/www.dasschoenstekind.de\/news\/2raumwohnung\/\"]}]},{\"@type\":\"ImageObject\",\"inLanguage\":\"de\",\"@id\":\"https:\/\/www.dasschoenstekind.de\/news\/2raumwohnung\/#primaryimage\",\"url\":\"https:\/\/www.dasschoenstekind.de\/news\/images\/2raumwohnung.jpg\",\"contentUrl\":\"https:\/\/www.dasschoenstekind.de\/news\/images\/2raumwohnung.jpg\",\"width\":753,\"height\":502,\"caption\":\"2Raumwohnung - die Band aus Berlin\"},{\"@type\":\"BreadcrumbList\",\"@id\":\"https:\/\/www.dasschoenstekind.de\/news\/2raumwohnung\/#breadcrumb\",\"itemListElement\":[{\"@type\":\"ListItem\",\"position\":1,\"name\":\"Startseite\",\"item\":\"https:\/\/www.dasschoenstekind.de\/news\/\"},{\"@type\":\"ListItem\",\"position\":2,\"name\":\"2Raumwohnung \u00bb das deutsche Elektropopduo seit \u00fcber 20 Jahren\"}]},{\"@type\":\"WebSite\",\"@id\":\"https:\/\/www.dasschoenstekind.de\/news\/#website\",\"url\":\"https:\/\/www.dasschoenstekind.de\/news\/\",\"name\":\"Rammstein News\",\"description\":\"Eine weitere WordPress-Website\",\"potentialAction\":[{\"@type\":\"SearchAction\",\"target\":{\"@type\":\"EntryPoint\",\"urlTemplate\":\"https:\/\/www.dasschoenstekind.de\/news\/?s={search_term_string}\"},\"query-input\":{\"@type\":\"PropertyValueSpecification\",\"valueRequired\":true,\"valueName\":\"search_term_string\"}}],\"inLanguage\":\"de\"},{\"@type\":\"Person\",\"@id\":\"https:\/\/www.dasschoenstekind.de\/news\/#\/schema\/person\/dd1ad54d9a7552706cf9694969b65793\",\"name\":\"admin\",\"image\":{\"@type\":\"ImageObject\",\"inLanguage\":\"de\",\"@id\":\"https:\/\/secure.gravatar.com\/avatar\/c86a06baa38045c6b53e2c395991625853e062e9ce6e363321311c42ffe8e2f8?s=96&d=mm&r=g\",\"url\":\"https:\/\/secure.gravatar.com\/avatar\/c86a06baa38045c6b53e2c395991625853e062e9ce6e363321311c42ffe8e2f8?s=96&d=mm&r=g\",\"contentUrl\":\"https:\/\/secure.gravatar.com\/avatar\/c86a06baa38045c6b53e2c395991625853e062e9ce6e363321311c42ffe8e2f8?s=96&d=mm&r=g\",\"caption\":\"admin\"},\"url\":\"https:\/\/www.dasschoenstekind.de\/news\/author\/admin\/\"}]}<\/script>\n<!-- \/ Yoast SEO Premium plugin. -->","yoast_head_json":{"title":"2Raumwohnung \u00bb das deutsche Elektropopduo seit \u00fcber 20 Jahren","description":"Seit 20 Jahren begeistert uns eine Formation mit dem Namen 2Raumwohnung. Melodische Kl\u00e4nge, einpr\u00e4gsame Texte.","robots":{"index":"index","follow":"follow","max-snippet":"max-snippet:-1","max-image-preview":"max-image-preview:large","max-video-preview":"max-video-preview:-1"},"canonical":"https:\/\/www.dasschoenstekind.de\/news\/2raumwohnung\/","og_locale":"de_DE","og_type":"article","og_title":"2Raumwohnung \u00bb das deutsche Elektropopduo seit \u00fcber 20 Jahren","og_description":"Seit 20 Jahren begeistert uns eine Formation mit dem Namen 2Raumwohnung. Melodische Kl\u00e4nge, einpr\u00e4gsame Texte.","og_url":"https:\/\/www.dasschoenstekind.de\/news\/2raumwohnung\/","og_site_name":"Rammstein News","article_published_time":"2021-10-19T09:30:28+00:00","article_modified_time":"2022-08-31T10:01:22+00:00","og_image":[{"width":753,"height":502,"url":"https:\/\/www.dasschoenstekind.de\/news\/images\/2raumwohnung.jpg","type":"image\/jpeg"}],"author":"admin","twitter_card":"summary_large_image","twitter_misc":{"Verfasst von":"admin","Gesch\u00e4tzte Lesezeit":"5\u00a0Minuten"},"schema":{"@context":"https:\/\/schema.org","@graph":[{"@type":"Article","@id":"https:\/\/www.dasschoenstekind.de\/news\/2raumwohnung\/#article","isPartOf":{"@id":"https:\/\/www.dasschoenstekind.de\/news\/2raumwohnung\/"},"author":{"name":"admin","@id":"https:\/\/www.dasschoenstekind.de\/news\/#\/schema\/person\/dd1ad54d9a7552706cf9694969b65793"},"headline":"2Raumwohnung \u00bb das deutsche Elektropopduo seit \u00fcber 20 Jahren","datePublished":"2021-10-19T09:30:28+00:00","dateModified":"2022-08-31T10:01:22+00:00","mainEntityOfPage":{"@id":"https:\/\/www.dasschoenstekind.de\/news\/2raumwohnung\/"},"wordCount":1077,"image":{"@id":"https:\/\/www.dasschoenstekind.de\/news\/2raumwohnung\/#primaryimage"},"thumbnailUrl":"https:\/\/www.dasschoenstekind.de\/news\/images\/2raumwohnung.jpg","inLanguage":"de"},{"@type":"WebPage","@id":"https:\/\/www.dasschoenstekind.de\/news\/2raumwohnung\/","url":"https:\/\/www.dasschoenstekind.de\/news\/2raumwohnung\/","name":"2Raumwohnung \u00bb das deutsche Elektropopduo seit \u00fcber 20 Jahren","isPartOf":{"@id":"https:\/\/www.dasschoenstekind.de\/news\/#website"},"primaryImageOfPage":{"@id":"https:\/\/www.dasschoenstekind.de\/news\/2raumwohnung\/#primaryimage"},"image":{"@id":"https:\/\/www.dasschoenstekind.de\/news\/2raumwohnung\/#primaryimage"},"thumbnailUrl":"https:\/\/www.dasschoenstekind.de\/news\/images\/2raumwohnung.jpg","datePublished":"2021-10-19T09:30:28+00:00","dateModified":"2022-08-31T10:01:22+00:00","author":{"@id":"https:\/\/www.dasschoenstekind.de\/news\/#\/schema\/person\/dd1ad54d9a7552706cf9694969b65793"},"description":"Seit 20 Jahren begeistert uns eine Formation mit dem Namen 2Raumwohnung. Melodische Kl\u00e4nge, einpr\u00e4gsame Texte.","breadcrumb":{"@id":"https:\/\/www.dasschoenstekind.de\/news\/2raumwohnung\/#breadcrumb"},"inLanguage":"de","potentialAction":[{"@type":"ReadAction","target":["https:\/\/www.dasschoenstekind.de\/news\/2raumwohnung\/"]}]},{"@type":"ImageObject","inLanguage":"de","@id":"https:\/\/www.dasschoenstekind.de\/news\/2raumwohnung\/#primaryimage","url":"https:\/\/www.dasschoenstekind.de\/news\/images\/2raumwohnung.jpg","contentUrl":"https:\/\/www.dasschoenstekind.de\/news\/images\/2raumwohnung.jpg","width":753,"height":502,"caption":"2Raumwohnung - die Band aus Berlin"},{"@type":"BreadcrumbList","@id":"https:\/\/www.dasschoenstekind.de\/news\/2raumwohnung\/#breadcrumb","itemListElement":[{"@type":"ListItem","position":1,"name":"Startseite","item":"https:\/\/www.dasschoenstekind.de\/news\/"},{"@type":"ListItem","position":2,"name":"2Raumwohnung \u00bb das deutsche Elektropopduo seit \u00fcber 20 Jahren"}]},{"@type":"WebSite","@id":"https:\/\/www.dasschoenstekind.de\/news\/#website","url":"https:\/\/www.dasschoenstekind.de\/news\/","name":"Rammstein News","description":"Eine weitere WordPress-Website","potentialAction":[{"@type":"SearchAction","target":{"@type":"EntryPoint","urlTemplate":"https:\/\/www.dasschoenstekind.de\/news\/?s={search_term_string}"},"query-input":{"@type":"PropertyValueSpecification","valueRequired":true,"valueName":"search_term_string"}}],"inLanguage":"de"},{"@type":"Person","@id":"https:\/\/www.dasschoenstekind.de\/news\/#\/schema\/person\/dd1ad54d9a7552706cf9694969b65793","name":"admin","image":{"@type":"ImageObject","inLanguage":"de","@id":"https:\/\/secure.gravatar.com\/avatar\/c86a06baa38045c6b53e2c395991625853e062e9ce6e363321311c42ffe8e2f8?s=96&d=mm&r=g","url":"https:\/\/secure.gravatar.com\/avatar\/c86a06baa38045c6b53e2c395991625853e062e9ce6e363321311c42ffe8e2f8?s=96&d=mm&r=g","contentUrl":"https:\/\/secure.gravatar.com\/avatar\/c86a06baa38045c6b53e2c395991625853e062e9ce6e363321311c42ffe8e2f8?s=96&d=mm&r=g","caption":"admin"},"url":"https:\/\/www.dasschoenstekind.de\/news\/author\/admin\/"}]}},"_links":{"self":[{"href":"https:\/\/www.dasschoenstekind.de\/news\/wp-json\/wp\/v2\/posts\/798","targetHints":{"allow":["GET"]}}],"collection":[{"href":"https:\/\/www.dasschoenstekind.de\/news\/wp-json\/wp\/v2\/posts"}],"about":[{"href":"https:\/\/www.dasschoenstekind.de\/news\/wp-json\/wp\/v2\/types\/post"}],"author":[{"embeddable":true,"href":"https:\/\/www.dasschoenstekind.de\/news\/wp-json\/wp\/v2\/users\/1"}],"replies":[{"embeddable":true,"href":"https:\/\/www.dasschoenstekind.de\/news\/wp-json\/wp\/v2\/comments?post=798"}],"version-history":[{"count":8,"href":"https:\/\/www.dasschoenstekind.de\/news\/wp-json\/wp\/v2\/posts\/798\/revisions"}],"predecessor-version":[{"id":808,"href":"https:\/\/www.dasschoenstekind.de\/news\/wp-json\/wp\/v2\/posts\/798\/revisions\/808"}],"wp:featuredmedia":[{"embeddable":true,"href":"https:\/\/www.dasschoenstekind.de\/news\/wp-json\/wp\/v2\/media\/801"}],"wp:attachment":[{"href":"https:\/\/www.dasschoenstekind.de\/news\/wp-json\/wp\/v2\/media?parent=798"}],"wp:term":[{"taxonomy":"category","embeddable":true,"href":"https:\/\/www.dasschoenstekind.de\/news\/wp-json\/wp\/v2\/categories?post=798"},{"taxonomy":"post_tag","embeddable":true,"href":"https:\/\/www.dasschoenstekind.de\/news\/wp-json\/wp\/v2\/tags?post=798"}],"curies":[{"name":"wp","href":"https:\/\/api.w.org\/{rel}","templated":true}]}}