{"id":9,"date":"2018-02-22T11:14:04","date_gmt":"2018-02-22T10:14:04","guid":{"rendered":"https:\/\/www.dasschoenstekind.de\/news\/?p=9"},"modified":"2022-08-31T12:09:40","modified_gmt":"2022-08-31T10:09:40","slug":"blues-rock-fest-in-seelow","status":"publish","type":"post","link":"https:\/\/www.dasschoenstekind.de\/news\/blues-rock-fest-in-seelow\/","title":{"rendered":"Blues-Rock-Fest in Seelow"},"content":{"rendered":"<p>Der Verein &#8222;Live in Reitwein&#8220; wird wieder ein Blues-Rock-Fest veranstalten, zu dem auch internationale Stars geladen sind. Es findet statt am Samstag dem 24. M\u00e4rz um 19:30 Uhr. Der Einlass ist 90 Minuten fr\u00fcher.<\/p>\n<h2>Wer spielt alles auf dem Blues-Rock-Fest?<\/h2>\n<p>Den Anfang des 8. Blues-Rock-Fests macht Yasi Hofer mit Band, von einigen mit &#8222;Gitarren-Eruption in XXL&#8220; tituliert, als h\u00e4tte sie fr\u00fcher viel von Steve Vai oder Joe Satriani geh\u00f6rt. Ihr Auftritt 2016 in Gro\u00df Lindow wird vielen Fans noch in Erinnerung sein. Wenn man sich ihre Version des Beatles Klassikers &#8222;A Day In A Life&#8220; anh\u00f6rt, wei\u00df man was auch beim Konzert Au\u00dfergew\u00f6hnliches passieren wird. Sie arbeitet derzeit an ihrem dritten Album, was noch in diesem Jahr erscheinen soll. Sie wird sicher den einen oder anderen Song daraus auf dem Blues-Rock-Fest vorstellen.<\/p>\n<p>Anschlie\u00dfend spielen die Klosterbr\u00fcder, eine Kultband aus der DDR der fr\u00fchen 70er Jahre, die dort als Geheimtipp galt. Sie wurden 1967 gegr\u00fcndet und galten eine der h\u00e4rtesten Rockbands der DDR und wurden folglich mit Spielverboten belegt. 1975 verf\u00fcgten die Beh\u00f6rden, dass die Band sich nach &#8222;Magdeburg&#8220; umbenennen m\u00fcsse. Die Mitglieder der Band stellten geschlossen 1983 einen Ausreiseantrag, der aber abgelehnt wurde. Detlev Kessler gelang darauf die Flucht in den Westen, w\u00e4hrend Dietrich Kessler und Hans-Joachim Kneis inhaftiert wurden. Sie wurden sp\u00e4ter aber freigekauft.<\/p>\n<p>Die Klosterbr\u00fcder bringen auch Beata Kossowska als Gast aus Polen mit nach Seelow, die als &#8222;First Lady Of Blues Harp&#8220; bekannt ist, die als eine der besten Mundharmonika-Spielerinnen der Gegenwart gehandelt wird. Auch Hans die Geige, Thomas &#8222;Monster&#8220; Schoppe von Renft und Gisbert &#8222;Pitti&#8220; Piatkowski werden auftreten.<\/p>\n<p>Die Klosterbr\u00fcder werden in Seelow mit ihrer fast legend\u00e4ren Besetzung auftreten. So stehen die Originalmitglieder Dietrich Kessler, J\u00f6rg Blankenburg und Hans-Joachim Kneis auf der B\u00fchne im Kulturhaus. Hans Wintoch ist besser als Hans die Geige bekannt, und war ebenfalls Mitglied der Band Magdeburg, so auch Gisbert Piatkowski. Als weiteres legend\u00e4res Renft-Band Mitglied wird auch Thomas &#8222;Monster&#8220; Schoppe auftreten.<\/p>\n<p><img loading=\"lazy\" decoding=\"async\" src=\"https:\/\/www.dasschoenstekind.de\/news\/images\/guitar-2260643_1280-300x200.jpg\" alt=\"Blues Rock Fest\" width=\"300\" height=\"200\" class=\"alignright size-medium wp-image-35\" srcset=\"https:\/\/www.dasschoenstekind.de\/news\/images\/guitar-2260643_1280-300x200.jpg 300w, https:\/\/www.dasschoenstekind.de\/news\/images\/guitar-2260643_1280-225x150.jpg 225w, https:\/\/www.dasschoenstekind.de\/news\/images\/guitar-2260643_1280-768x512.jpg 768w, https:\/\/www.dasschoenstekind.de\/news\/images\/guitar-2260643_1280-1024x682.jpg 1024w, https:\/\/www.dasschoenstekind.de\/news\/images\/guitar-2260643_1280.jpg 1280w\" sizes=\"auto, (max-width: 300px) 100vw, 300px\" \/>Um 22.15 Uhr steht ein weiterer H\u00f6hepunkt an, wenn die niederl\u00e4ndische Band &#8222;The Grand East&#8220; ihren Auftritt haben wird. Sie spielen Rock&#8217;n&#8217;Soul in einer modernen Art, die an schweren 1970s Blues-Rock erinnert. Der charismatische S\u00e4nger, der als Baptistenprediger durchgehen k\u00f6nnte und seine Gemeinde in Ekstase bringt, entf\u00fchrt das Publikum in die Welt von &#8222;The Grand East&#8220;. Wenn die Band in den Niederlanden spielt, sind die Konzerte im Amsterdamer &#8222;Paradiso&#8220; und anderen Orten meist ausverkauft.<\/p>\n<p>Anschlie\u00dfend spielt die franz\u00f6sische Laura Cox ab 23.30 Uhr mit ihrer Band, die auch als &#8222;Hei\u00dfe Gitarristin aus dem Internet&#8220; bekannt ist. Auf Facebook und Youtube zeigte sie ihre ersten Gitarrensoli vor bereits 17 Jahren, und hat rund 250 000 Abonnenten mit 60 Millionen Views und wurde so zu einer Internetber\u00fchmtheit. Nur virtuell zu spielen reichte ihr bald nicht mehr, so dass sie mit dem Gitarristen Mathieu Albiac im Jahr 2015 die Band Laura Cox gr\u00fcndete, um in <a href=\"https:\/\/www.dasschoenstekind.de\/news\/the-guitar-hotel\/\" title=\"Hotels\">Hotels<\/a>, Clubs und auf der Stra\u00dfe zu musizieren. Sie spielte Hard- und Southern-Rock, Blues und Country, und der Zuschauer ist erinnert an AC\/DC und auch ZZ Top.<\/p>\n<h2>Hinweise zum Blues-Rock-Fest<\/h2>\n<p>Um der Musikszene im Osten Brandenburgs mehr Bekanntheit zu verschaffen, engagieren sich seit \u00fcber 20 Jahren Mitglieder des Vereins &#8222;Live in Reitwein&#8220;, um unter anderem Open Air Events in Gro\u00df Lindow zu promoten. Eintrittskarten f\u00fcr das Blues-Rock-Fest sind im Vorverkauf und an der Abendkasse f\u00fcr 36 EURO zu haben. Andere Verkaufsstellen in Seelow sind unter anderem NIKKI-Service B\u00e4rmann (Schl\u00fcsseldienst) im Einkaufszentrum Frankfurt (Oder), der MOZ-Ticketservice, in der Kellenspring 6, und ist unter der Telefonnummer 0335 66 59 95 58 oder unter <a href=\"https:\/\/shop.moz.de\/tickets\/\" rel=\"nofollow noopener noreferrer\" target=\"_blank\">shop.moz.de\/tickets<\/a> zu erreichen. Man kann Karten auch nach Hause versendet bekommen bei Bestellung per Telefon unter 033606 787156, sowie \u00fcber das Internet auf <a href=\"http:\/\/www.live-in-reitwein.de\/\" rel=\"nofollow noopener noreferrer\" target=\"_blank\">www.live-in-reitwein.de<\/a>.<\/p>\n<p>Das Kulturhaus Seelow befindet sich der in Erich-Weinert-Strasse 13 in 15306 Seelow. Man kann die Hotline unter 033606 &#8211; 787 156 erreichen.<\/p>\n<h3>Unterk\u00fcnfte f\u00fcr das Blues-Rock-Fest<\/h3>\n<p>Wer von au\u00dferhalb anreist, findet Unterk\u00fcnfte u.a. hier:<\/p>\n<p><u>Hotel Brandenburger Hof<\/u><br \/>\nEntfernung zum Veranstaltungsort: 1 km<br \/>\nApfelstra\u00dfe 1<br \/>\n15306 Seelow<br \/>\nTel. 03346 88940<\/p>\n<p><u>Waldhotel Seelow<\/u><br \/>\nEntfernung zum Veranstaltungsort: 3,3 km &#8211; kein Fu\u00dfweg<br \/>\nWaldsiedlung &#8211; Eichendamm 9<br \/>\n15306 Seelow<br \/>\nTel. 03346 88883<\/p>\n<p><u>Pension Antje zur Strau\u00dfenfarm<\/u><br \/>\nEntfernung zum Veranstaltungsort: 1.5 km<br \/>\nBirnenstra\u00dfe 9<br \/>\n15306 Seelow<br \/>\nTel. 03346 88888<br \/>\nMobil 0171 4501353<\/p>\n<p><u>Ferienwohnung Senftleben<\/u><br \/>\nEntfernung zum Veranstaltungsort: 600 Meter<br \/>\nKurze Stra\u00dfe 1<br \/>\n15306 Seelow<br \/>\nTel. 03346 80934<\/p>\n<p><u>Pension Oderblick<\/u><br \/>\nEntfernung zum Veranstaltungsort: 300 Meter<br \/>\nStr. der Jugend 30<br \/>\n15306 Seelow<br \/>\nTel. 03346 845217<br \/>\nMobil 0172 3960439<\/p>\n<p><u>Pension &#8211; Fam. Bernhard Maureschat<\/u><br \/>\nEntfernung zum Veranstaltungsort: 1,2 km<br \/>\nApfelstra\u00dfe 8<br \/>\n15306 Seelow<br \/>\nTel. 03346 844149<br \/>\nMobil 0162 3934566<\/p>\n","protected":false},"excerpt":{"rendered":"<p>Zum Blues-Rock-Fest des Vereins \u201eLive in Reitwein\u201c sind wie jedes Jahr wieder internationale Stars geladen. Als Auftakt des 8. Blues-Rock-Fests fungiert Yasi Hofer mit Band, gefolgt von den Klosterbr\u00fcdern, einer Kultband der DDR. Als weiterer H\u00f6hepunkt tritt die niederl\u00e4ndische Band \u201eThe Grand East\u201c auf und den Abschluss bildet die Franz\u00f6sin Laura Cox mit ihrer Band. <\/p>\n","protected":false},"author":1,"featured_media":21,"comment_status":"closed","ping_status":"closed","sticky":false,"template":"","format":"standard","meta":{"_acf_changed":false,"footnotes":""},"categories":[1],"tags":[],"class_list":["post-9","post","type-post","status-publish","format-standard","has-post-thumbnail","hentry","category-allgemein"],"acf":[],"yoast_head":"<!-- This site is optimized with the Yoast SEO Premium plugin v25.9 (Yoast SEO v27.2) - https:\/\/yoast.com\/product\/yoast-seo-premium-wordpress\/ -->\n<title>Blues-Rock-Fest in Seelow<\/title>\n<meta name=\"description\" content=\"Zum Blues-Rock-Fest des Vereins \u201eLive in Reitwein\u201c sind wie jedes Jahr wieder internationale Stars geladen.\" \/>\n<meta name=\"robots\" content=\"index, follow, max-snippet:-1, max-image-preview:large, max-video-preview:-1\" \/>\n<link rel=\"canonical\" href=\"https:\/\/www.dasschoenstekind.de\/news\/blues-rock-fest-in-seelow\/\" \/>\n<meta property=\"og:locale\" content=\"de_DE\" \/>\n<meta property=\"og:type\" content=\"article\" \/>\n<meta property=\"og:title\" content=\"Blues-Rock-Fest in Seelow\" \/>\n<meta property=\"og:description\" content=\"Zum Blues-Rock-Fest des Vereins \u201eLive in Reitwein\u201c sind wie jedes Jahr wieder internationale Stars geladen.\" \/>\n<meta property=\"og:url\" content=\"https:\/\/www.dasschoenstekind.de\/news\/blues-rock-fest-in-seelow\/\" \/>\n<meta property=\"og:site_name\" content=\"Rammstein News\" \/>\n<meta property=\"article:published_time\" content=\"2018-02-22T10:14:04+00:00\" \/>\n<meta property=\"article:modified_time\" content=\"2022-08-31T10:09:40+00:00\" \/>\n<meta property=\"og:image\" content=\"https:\/\/www.dasschoenstekind.de\/news\/images\/rock-2823831_1280.jpg\" \/>\n\t<meta property=\"og:image:width\" content=\"1280\" \/>\n\t<meta property=\"og:image:height\" content=\"872\" \/>\n\t<meta property=\"og:image:type\" content=\"image\/jpeg\" \/>\n<meta name=\"author\" content=\"admin\" \/>\n<meta name=\"twitter:card\" content=\"summary_large_image\" \/>\n<meta name=\"twitter:label1\" content=\"Verfasst von\" \/>\n\t<meta name=\"twitter:data1\" content=\"admin\" \/>\n\t<meta name=\"twitter:label2\" content=\"Gesch\u00e4tzte Lesezeit\" \/>\n\t<meta name=\"twitter:data2\" content=\"4\u00a0Minuten\" \/>\n<script type=\"application\/ld+json\" class=\"yoast-schema-graph\">{\"@context\":\"https:\/\/schema.org\",\"@graph\":[{\"@type\":\"Article\",\"@id\":\"https:\/\/www.dasschoenstekind.de\/news\/blues-rock-fest-in-seelow\/#article\",\"isPartOf\":{\"@id\":\"https:\/\/www.dasschoenstekind.de\/news\/blues-rock-fest-in-seelow\/\"},\"author\":{\"name\":\"admin\",\"@id\":\"https:\/\/www.dasschoenstekind.de\/news\/#\/schema\/person\/dd1ad54d9a7552706cf9694969b65793\"},\"headline\":\"Blues-Rock-Fest in Seelow\",\"datePublished\":\"2018-02-22T10:14:04+00:00\",\"dateModified\":\"2022-08-31T10:09:40+00:00\",\"mainEntityOfPage\":{\"@id\":\"https:\/\/www.dasschoenstekind.de\/news\/blues-rock-fest-in-seelow\/\"},\"wordCount\":743,\"image\":{\"@id\":\"https:\/\/www.dasschoenstekind.de\/news\/blues-rock-fest-in-seelow\/#primaryimage\"},\"thumbnailUrl\":\"https:\/\/www.dasschoenstekind.de\/news\/images\/rock-2823831_1280.jpg\",\"inLanguage\":\"de\"},{\"@type\":\"WebPage\",\"@id\":\"https:\/\/www.dasschoenstekind.de\/news\/blues-rock-fest-in-seelow\/\",\"url\":\"https:\/\/www.dasschoenstekind.de\/news\/blues-rock-fest-in-seelow\/\",\"name\":\"Blues-Rock-Fest in Seelow\",\"isPartOf\":{\"@id\":\"https:\/\/www.dasschoenstekind.de\/news\/#website\"},\"primaryImageOfPage\":{\"@id\":\"https:\/\/www.dasschoenstekind.de\/news\/blues-rock-fest-in-seelow\/#primaryimage\"},\"image\":{\"@id\":\"https:\/\/www.dasschoenstekind.de\/news\/blues-rock-fest-in-seelow\/#primaryimage\"},\"thumbnailUrl\":\"https:\/\/www.dasschoenstekind.de\/news\/images\/rock-2823831_1280.jpg\",\"datePublished\":\"2018-02-22T10:14:04+00:00\",\"dateModified\":\"2022-08-31T10:09:40+00:00\",\"author\":{\"@id\":\"https:\/\/www.dasschoenstekind.de\/news\/#\/schema\/person\/dd1ad54d9a7552706cf9694969b65793\"},\"description\":\"Zum Blues-Rock-Fest des Vereins \u201eLive in Reitwein\u201c sind wie jedes Jahr wieder internationale Stars geladen.\",\"breadcrumb\":{\"@id\":\"https:\/\/www.dasschoenstekind.de\/news\/blues-rock-fest-in-seelow\/#breadcrumb\"},\"inLanguage\":\"de\",\"potentialAction\":[{\"@type\":\"ReadAction\",\"target\":[\"https:\/\/www.dasschoenstekind.de\/news\/blues-rock-fest-in-seelow\/\"]}]},{\"@type\":\"ImageObject\",\"inLanguage\":\"de\",\"@id\":\"https:\/\/www.dasschoenstekind.de\/news\/blues-rock-fest-in-seelow\/#primaryimage\",\"url\":\"https:\/\/www.dasschoenstekind.de\/news\/images\/rock-2823831_1280.jpg\",\"contentUrl\":\"https:\/\/www.dasschoenstekind.de\/news\/images\/rock-2823831_1280.jpg\",\"width\":1280,\"height\":872,\"caption\":\"rock blues fest\"},{\"@type\":\"BreadcrumbList\",\"@id\":\"https:\/\/www.dasschoenstekind.de\/news\/blues-rock-fest-in-seelow\/#breadcrumb\",\"itemListElement\":[{\"@type\":\"ListItem\",\"position\":1,\"name\":\"Startseite\",\"item\":\"https:\/\/www.dasschoenstekind.de\/news\/\"},{\"@type\":\"ListItem\",\"position\":2,\"name\":\"Blues-Rock-Fest in Seelow\"}]},{\"@type\":\"WebSite\",\"@id\":\"https:\/\/www.dasschoenstekind.de\/news\/#website\",\"url\":\"https:\/\/www.dasschoenstekind.de\/news\/\",\"name\":\"Rammstein News\",\"description\":\"Eine weitere WordPress-Website\",\"potentialAction\":[{\"@type\":\"SearchAction\",\"target\":{\"@type\":\"EntryPoint\",\"urlTemplate\":\"https:\/\/www.dasschoenstekind.de\/news\/?s={search_term_string}\"},\"query-input\":{\"@type\":\"PropertyValueSpecification\",\"valueRequired\":true,\"valueName\":\"search_term_string\"}}],\"inLanguage\":\"de\"},{\"@type\":\"Person\",\"@id\":\"https:\/\/www.dasschoenstekind.de\/news\/#\/schema\/person\/dd1ad54d9a7552706cf9694969b65793\",\"name\":\"admin\",\"image\":{\"@type\":\"ImageObject\",\"inLanguage\":\"de\",\"@id\":\"https:\/\/secure.gravatar.com\/avatar\/c86a06baa38045c6b53e2c395991625853e062e9ce6e363321311c42ffe8e2f8?s=96&d=mm&r=g\",\"url\":\"https:\/\/secure.gravatar.com\/avatar\/c86a06baa38045c6b53e2c395991625853e062e9ce6e363321311c42ffe8e2f8?s=96&d=mm&r=g\",\"contentUrl\":\"https:\/\/secure.gravatar.com\/avatar\/c86a06baa38045c6b53e2c395991625853e062e9ce6e363321311c42ffe8e2f8?s=96&d=mm&r=g\",\"caption\":\"admin\"},\"url\":\"https:\/\/www.dasschoenstekind.de\/news\/author\/admin\/\"}]}<\/script>\n<!-- \/ Yoast SEO Premium plugin. -->","yoast_head_json":{"title":"Blues-Rock-Fest in Seelow","description":"Zum Blues-Rock-Fest des Vereins \u201eLive in Reitwein\u201c sind wie jedes Jahr wieder internationale Stars geladen.","robots":{"index":"index","follow":"follow","max-snippet":"max-snippet:-1","max-image-preview":"max-image-preview:large","max-video-preview":"max-video-preview:-1"},"canonical":"https:\/\/www.dasschoenstekind.de\/news\/blues-rock-fest-in-seelow\/","og_locale":"de_DE","og_type":"article","og_title":"Blues-Rock-Fest in Seelow","og_description":"Zum Blues-Rock-Fest des Vereins \u201eLive in Reitwein\u201c sind wie jedes Jahr wieder internationale Stars geladen.","og_url":"https:\/\/www.dasschoenstekind.de\/news\/blues-rock-fest-in-seelow\/","og_site_name":"Rammstein News","article_published_time":"2018-02-22T10:14:04+00:00","article_modified_time":"2022-08-31T10:09:40+00:00","og_image":[{"width":1280,"height":872,"url":"https:\/\/www.dasschoenstekind.de\/news\/images\/rock-2823831_1280.jpg","type":"image\/jpeg"}],"author":"admin","twitter_card":"summary_large_image","twitter_misc":{"Verfasst von":"admin","Gesch\u00e4tzte Lesezeit":"4\u00a0Minuten"},"schema":{"@context":"https:\/\/schema.org","@graph":[{"@type":"Article","@id":"https:\/\/www.dasschoenstekind.de\/news\/blues-rock-fest-in-seelow\/#article","isPartOf":{"@id":"https:\/\/www.dasschoenstekind.de\/news\/blues-rock-fest-in-seelow\/"},"author":{"name":"admin","@id":"https:\/\/www.dasschoenstekind.de\/news\/#\/schema\/person\/dd1ad54d9a7552706cf9694969b65793"},"headline":"Blues-Rock-Fest in Seelow","datePublished":"2018-02-22T10:14:04+00:00","dateModified":"2022-08-31T10:09:40+00:00","mainEntityOfPage":{"@id":"https:\/\/www.dasschoenstekind.de\/news\/blues-rock-fest-in-seelow\/"},"wordCount":743,"image":{"@id":"https:\/\/www.dasschoenstekind.de\/news\/blues-rock-fest-in-seelow\/#primaryimage"},"thumbnailUrl":"https:\/\/www.dasschoenstekind.de\/news\/images\/rock-2823831_1280.jpg","inLanguage":"de"},{"@type":"WebPage","@id":"https:\/\/www.dasschoenstekind.de\/news\/blues-rock-fest-in-seelow\/","url":"https:\/\/www.dasschoenstekind.de\/news\/blues-rock-fest-in-seelow\/","name":"Blues-Rock-Fest in Seelow","isPartOf":{"@id":"https:\/\/www.dasschoenstekind.de\/news\/#website"},"primaryImageOfPage":{"@id":"https:\/\/www.dasschoenstekind.de\/news\/blues-rock-fest-in-seelow\/#primaryimage"},"image":{"@id":"https:\/\/www.dasschoenstekind.de\/news\/blues-rock-fest-in-seelow\/#primaryimage"},"thumbnailUrl":"https:\/\/www.dasschoenstekind.de\/news\/images\/rock-2823831_1280.jpg","datePublished":"2018-02-22T10:14:04+00:00","dateModified":"2022-08-31T10:09:40+00:00","author":{"@id":"https:\/\/www.dasschoenstekind.de\/news\/#\/schema\/person\/dd1ad54d9a7552706cf9694969b65793"},"description":"Zum Blues-Rock-Fest des Vereins \u201eLive in Reitwein\u201c sind wie jedes Jahr wieder internationale Stars geladen.","breadcrumb":{"@id":"https:\/\/www.dasschoenstekind.de\/news\/blues-rock-fest-in-seelow\/#breadcrumb"},"inLanguage":"de","potentialAction":[{"@type":"ReadAction","target":["https:\/\/www.dasschoenstekind.de\/news\/blues-rock-fest-in-seelow\/"]}]},{"@type":"ImageObject","inLanguage":"de","@id":"https:\/\/www.dasschoenstekind.de\/news\/blues-rock-fest-in-seelow\/#primaryimage","url":"https:\/\/www.dasschoenstekind.de\/news\/images\/rock-2823831_1280.jpg","contentUrl":"https:\/\/www.dasschoenstekind.de\/news\/images\/rock-2823831_1280.jpg","width":1280,"height":872,"caption":"rock blues fest"},{"@type":"BreadcrumbList","@id":"https:\/\/www.dasschoenstekind.de\/news\/blues-rock-fest-in-seelow\/#breadcrumb","itemListElement":[{"@type":"ListItem","position":1,"name":"Startseite","item":"https:\/\/www.dasschoenstekind.de\/news\/"},{"@type":"ListItem","position":2,"name":"Blues-Rock-Fest in Seelow"}]},{"@type":"WebSite","@id":"https:\/\/www.dasschoenstekind.de\/news\/#website","url":"https:\/\/www.dasschoenstekind.de\/news\/","name":"Rammstein News","description":"Eine weitere WordPress-Website","potentialAction":[{"@type":"SearchAction","target":{"@type":"EntryPoint","urlTemplate":"https:\/\/www.dasschoenstekind.de\/news\/?s={search_term_string}"},"query-input":{"@type":"PropertyValueSpecification","valueRequired":true,"valueName":"search_term_string"}}],"inLanguage":"de"},{"@type":"Person","@id":"https:\/\/www.dasschoenstekind.de\/news\/#\/schema\/person\/dd1ad54d9a7552706cf9694969b65793","name":"admin","image":{"@type":"ImageObject","inLanguage":"de","@id":"https:\/\/secure.gravatar.com\/avatar\/c86a06baa38045c6b53e2c395991625853e062e9ce6e363321311c42ffe8e2f8?s=96&d=mm&r=g","url":"https:\/\/secure.gravatar.com\/avatar\/c86a06baa38045c6b53e2c395991625853e062e9ce6e363321311c42ffe8e2f8?s=96&d=mm&r=g","contentUrl":"https:\/\/secure.gravatar.com\/avatar\/c86a06baa38045c6b53e2c395991625853e062e9ce6e363321311c42ffe8e2f8?s=96&d=mm&r=g","caption":"admin"},"url":"https:\/\/www.dasschoenstekind.de\/news\/author\/admin\/"}]}},"_links":{"self":[{"href":"https:\/\/www.dasschoenstekind.de\/news\/wp-json\/wp\/v2\/posts\/9","targetHints":{"allow":["GET"]}}],"collection":[{"href":"https:\/\/www.dasschoenstekind.de\/news\/wp-json\/wp\/v2\/posts"}],"about":[{"href":"https:\/\/www.dasschoenstekind.de\/news\/wp-json\/wp\/v2\/types\/post"}],"author":[{"embeddable":true,"href":"https:\/\/www.dasschoenstekind.de\/news\/wp-json\/wp\/v2\/users\/1"}],"replies":[{"embeddable":true,"href":"https:\/\/www.dasschoenstekind.de\/news\/wp-json\/wp\/v2\/comments?post=9"}],"version-history":[{"count":7,"href":"https:\/\/www.dasschoenstekind.de\/news\/wp-json\/wp\/v2\/posts\/9\/revisions"}],"predecessor-version":[{"id":554,"href":"https:\/\/www.dasschoenstekind.de\/news\/wp-json\/wp\/v2\/posts\/9\/revisions\/554"}],"wp:featuredmedia":[{"embeddable":true,"href":"https:\/\/www.dasschoenstekind.de\/news\/wp-json\/wp\/v2\/media\/21"}],"wp:attachment":[{"href":"https:\/\/www.dasschoenstekind.de\/news\/wp-json\/wp\/v2\/media?parent=9"}],"wp:term":[{"taxonomy":"category","embeddable":true,"href":"https:\/\/www.dasschoenstekind.de\/news\/wp-json\/wp\/v2\/categories?post=9"},{"taxonomy":"post_tag","embeddable":true,"href":"https:\/\/www.dasschoenstekind.de\/news\/wp-json\/wp\/v2\/tags?post=9"}],"curies":[{"name":"wp","href":"https:\/\/api.w.org\/{rel}","templated":true}]}}